{"headers": {"id": "ID", "ano": "Ano", "numero": "N\u00famero", "tipo__sigla": "Tipo da Norma Jur\u00eddica/Sigla", "tipo__descricao": "Tipo da Norma Jur\u00eddica/Descri\u00e7\u00e3o", "texto_integral": "Texto Original", "ementa": "Ementa"}, "results": [{"id": "1108", "ano": "2026", "numero": "595", "tipo__sigla": "LEI", "tipo__descricao": "Lei", "texto_integral": "http://sapl.manciolima.ac.leg.br/media/sapl/public/normajuridica/2026/1108/04031622.pdf", "ementa": "DISPOE SOBRE A ISEN\u00c7\u00c3O DA TAXA MUNICIPAL DEVIDA PELOS MOTOTAXISTAS NO EXERCICIO DE 2026, BEM COMO CONCEDE REMISSAO E ANISTIA DE DEBITOS TRIBUTARIOS ANTERIORES E DA OUTRAS PROVIDENCIAS."}, {"id": "1104", "ano": "2026", "numero": "593", "tipo__sigla": "LEI", "tipo__descricao": "Lei", "texto_integral": "http://sapl.manciolima.ac.leg.br/media/sapl/public/normajuridica/2026/1104/24121503.pdf", "ementa": "Reserva \u00e0s pessoas pretas ou pardas e ind\u00edgenas o percentual de 20% (vinte por cento) das vagas oferecidas nos concursos p\u00fablicos para provimento de cargos efetivos e empregos p\u00fablicos no \u00e2mbito da administra\u00e7\u00e3o p\u00fablica municipal nos processos seletivos simplificados para o recrutamento de pessoal nas hip\u00f3teses de contrata\u00e7\u00e3o por tempo determinado para atender \u00e0 necessidade tempor\u00e1ria de excepcional interesse p\u00fablico para os \u00f3rg\u00e3os da administra\u00e7\u00e3o p\u00fablica municipal."}, {"id": "1105", "ano": "2026", "numero": "592", "tipo__sigla": "LEI", "tipo__descricao": "Lei", "texto_integral": "http://sapl.manciolima.ac.leg.br/media/sapl/public/normajuridica/2026/1105/24121502.pdf", "ementa": "DISP\u00d5E SOBRE A INCLUS\u00c3O, NO CALEND\u00c1RIO OFICIAL DO MUNIC\u00cdPIO DE M\u00c2NCIO LIMA - AC, DA SEMANA MUNICIPAL DA B\u00cdBLIA."}, {"id": "1109", "ano": "2026", "numero": "1", "tipo__sigla": "DL", "tipo__descricao": "Decretos Legislativos", "texto_integral": "http://sapl.manciolima.ac.leg.br/media/sapl/public/normajuridica/2026/1109/13021600.pdf", "ementa": "AUTORIZA AS INSTITUI\u00c7\u00d5ES INTEGRANTES DO SISTEMA FINANCEIRO NACIONAL A CONCEDEREM ACESSO AO TRIBUNAL DE CONTAS DO ESTADO DO ACRE PARA CONSULTA A MOVIMENTA\u00c7\u00c3O DAS CONTAS BANCARIAS DE RESPONSABILIDADE DOS ORGAOS E ENTIDADES DA ADMINISTRA\u00c7\u00c3O PUBLICA ESTADUAL, MUNICIPAL DIRETA E INDIRETA, INCUSIVE DOS FUNDOS MUNICIPAIS, ESTADUAIS."}, {"id": "1106", "ano": "2025", "numero": "591", "tipo__sigla": "LEI", "tipo__descricao": "Lei", "texto_integral": "http://sapl.manciolima.ac.leg.br/media/sapl/public/normajuridica/2025/1106/24121501.pdf", "ementa": "Estima a Receita e fixa a Despesa do Munic\u00edpio de M\u00e2ncio Lima-Acre para o Exerc\u00edcio Financeiro de 2026, e d\u00e1 Outras Provid\u00eancias."}, {"id": "1103", "ano": "2025", "numero": "590", "tipo__sigla": "LEI", "tipo__descricao": "Lei", "texto_integral": "http://sapl.manciolima.ac.leg.br/media/sapl/public/normajuridica/2025/1103/do17655424159321.pdf", "ementa": "Disp\u00f5e sobre altera\u00e7\u00e3o da Lei Municipal 557, de 04 de abril de 2024, para\r\ncriar cargos de provimento em Comiss\u00e3o na estrutura do Poder Legislativo\r\nMunicipal e d\u00e1 outras provid\u00eancias"}, {"id": "1101", "ano": "2025", "numero": "588", "tipo__sigla": "LEI", "tipo__descricao": "Lei", "texto_integral": "http://sapl.manciolima.ac.leg.br/media/sapl/public/normajuridica/2025/1101/12111500.pdf", "ementa": "DENOMINA DE CENTRO MUNICIPAL DE MULTI USO RAIMUNDA MARQUES DE ALMEIDA, IMOVEL LOCALIZADO NO BAIRRO COBAL NO MUNICIPIO DE MANCIO LIMA - ACRE."}, {"id": "1099", "ano": "2025", "numero": "587", "tipo__sigla": "LEI", "tipo__descricao": "Lei", "texto_integral": "http://sapl.manciolima.ac.leg.br/media/", "ementa": "REGULAMENTA A PROCURADORIA GERAL PGM NO MUNICIPIO DE MANCIO LIMA E DA OUTRAS PROVIDENCIAS."}, {"id": "1100", "ano": "2025", "numero": "586", "tipo__sigla": "LEI", "tipo__descricao": "Lei", "texto_integral": "http://sapl.manciolima.ac.leg.br/media/", "ementa": "DISPOE SOBRE A CRIA\u00c7\u00c3O DAS ESCOLAS MUNICIPAIS MONTEIRO LOBATO E CRIAN\u00c7A FELIZ NO AMBITO DO SISTEMA MUNICIPAL DE ENSINO DE MANCIO LIMA E DA OUTRAS PROVIDENCIAS."}, {"id": "1102", "ano": "2025", "numero": "49", "tipo__sigla": "PDD", "tipo__descricao": "Portarias de Diarias", "texto_integral": "http://sapl.manciolima.ac.leg.br/media/sapl/public/normajuridica/2025/1102/18121500.pdf", "ementa": "PORTARIA CONCEDENDO DIARIAS"}, {"id": "1095", "ano": "2025", "numero": "2", "tipo__sigla": "DL", "tipo__descricao": "Decretos Legislativos", "texto_integral": "http://sapl.manciolima.ac.leg.br/media/sapl/public/normajuridica/2025/1095/01101503.pdf", "ementa": "Aprova a Presta\u00e7\u00e3o de Contas do Munic\u00edpio de M\u00e2ncio Lima, exerc\u00edcio financeiro de 2021, de responsabilidade do Senhor Isaac de Souza Lima"}, {"id": "1098", "ano": "2025", "numero": "48", "tipo__sigla": "PDD", "tipo__descricao": "Portarias de Diarias", "texto_integral": "http://sapl.manciolima.ac.leg.br/media/sapl/public/normajuridica/2025/1098/25101500.pdf", "ementa": "DESIGNANDO OS VEREADORES VLADIMIR E ALANA PARA UMA AGENDA INSTITUCIONAL."}, {"id": "1094", "ano": "2025", "numero": "585", "tipo__sigla": "LEI", "tipo__descricao": "Lei", "texto_integral": "http://sapl.manciolima.ac.leg.br/media/sapl/public/normajuridica/2025/1094/10091523.pdf", "ementa": "RECONHECE O NOVEN\u00c1RIO DE S\u00c3O FRANCISCO DE ASSIS COMO FESTA CULTURAL DE TRADI\u00c7\u00c3O POPULAR DO MUNIC\u00cdPIO DE M\u00c2NCIO LIMA, INCLUI O EVENTO NO CALEND\u00c1RIO OFICIAL DE FESTIVIDADES DO MUNIC\u00cdPIO E DECRETA FERIADO MUNICIPAL"}, {"id": "1093", "ano": "2025", "numero": "584", "tipo__sigla": "LEI", "tipo__descricao": "Lei", "texto_integral": "http://sapl.manciolima.ac.leg.br/media/sapl/public/normajuridica/2025/1093/10091524.pdf", "ementa": "AUTORIZA A EXTENSAO DA CARGA HORARIA DOS CARGOS DE CIRURGIAO DENTISTA DO MUNICIPIO DE MANCIO LIMA - AC E DA OUTRAS PROVIDENCIAS."}, {"id": "1097", "ano": "2025", "numero": "47", "tipo__sigla": "PDD", "tipo__descricao": "Portarias de Diarias", "texto_integral": "http://sapl.manciolima.ac.leg.br/media/sapl/public/normajuridica/2025/1097/04101500.pdf", "ementa": "DESIGNANDO VEREDORES E SERVIDOR  PARA PARTICIPAREM DE UMA PALESTRA EM RIO BRANCO - AC, PROMOVIDA PELA SECRETARIA DE ESTADO DE GOVERNO DO ACRE."}, {"id": "1096", "ano": "2025", "numero": "583", "tipo__sigla": "LEI", "tipo__descricao": "Lei", "texto_integral": "http://sapl.manciolima.ac.leg.br/media/sapl/public/normajuridica/2025/1096/01101522.pdf", "ementa": "AUTORIZA A ALIENA\u00c7\u00c3O DE BENS M\u00d3VEIS INSERV\u00cdVEIS OU ANTIECON\u00d4MICOS DO MUNICIPIO DE M\u00c2NCIO LIMA - AC E D\u00c1 OUTRAS PROVID\u00caNCIAS"}, {"id": "1107", "ano": "2025", "numero": "582", "tipo__sigla": "LEI", "tipo__descricao": "Lei", "texto_integral": "http://sapl.manciolima.ac.leg.br/media/sapl/public/normajuridica/2025/1107/24121500.pdf", "ementa": "DISP\u00d5E SOBRE A ALTERA\u00c7\u00c3O DA LEI MUNICIPAL N\u00ba 415, DE 19 DE JULHO DE 2019, QUE TRATA DA CRIA\u00c7\u00c3O DO CONSELHO MUNICIPAL DE TURISMO DO MUNIC\u00cdPIO DE M\u00c2NCIO LIMA \u2013 AC."}, {"id": "1092", "ano": "2025", "numero": "46", "tipo__sigla": "PDD", "tipo__descricao": "Portarias de Diarias", "texto_integral": "http://sapl.manciolima.ac.leg.br/media/sapl/public/normajuridica/2025/1092/14081500.pdf", "ementa": "DESIGNANDO VEREADORES PARA UMA AGENDA DE REUNIOES EM RIO BRANCO."}, {"id": "1088", "ano": "2025", "numero": "581", "tipo__sigla": "LEI", "tipo__descricao": "Lei", "texto_integral": "http://sapl.manciolima.ac.leg.br/media/sapl/public/normajuridica/2025/1088/05071503.pdf", "ementa": "DISPOE SOBRE A OBRIGATORIEDADE DE ESCOLAS LOCALIZADAS NO MUNICIPIO DE MANCIO LIMA - ACRE, NOTIFICAREM AS AUTORIDADES COMPETENTES \u00c0 OCORRENCIA DE VIOLENCIA E ABUSO SEXUAL CONTRA CRIAN\u00c7AS E ADOLESCENTES."}, {"id": "1087", "ano": "2025", "numero": "580", "tipo__sigla": "LEI", "tipo__descricao": "Lei", "texto_integral": "http://sapl.manciolima.ac.leg.br/media/sapl/public/normajuridica/2025/1087/05071506.pdf", "ementa": "DISPOE SOBRE A ALTERA\u00c7\u00c3O DA DENOMINA\u00c7\u00c3O DA COMUNIDADE RURAL PENTECOSTES, LOCALIZADA NO MUNICIPIO DE MANCIO LIMA E DA OUTRAS PROVIDENCIAS."}, {"id": "1086", "ano": "2025", "numero": "579", "tipo__sigla": "LEI", "tipo__descricao": "Lei", "texto_integral": "http://sapl.manciolima.ac.leg.br/media/sapl/public/normajuridica/2025/1086/05071504.pdf", "ementa": "CONCEDE AUXILIO ALIMENTA\u00c7\u00c3O A SERVIDORES PUBLICOS EFETIVOS DO MUNICIPIO DE MANCIO LIMA E DA OUTRAS PROVIDENCIAS."}, {"id": "1085", "ano": "2025", "numero": "578", "tipo__sigla": "LEI", "tipo__descricao": "Lei", "texto_integral": "http://sapl.manciolima.ac.leg.br/media/sapl/public/normajuridica/2025/1085/05071505.pdf", "ementa": "INSTITUI O PROGRAMA DE VALORIZA\u00c7\u00c3O DA DOCENCIA - PROVAD, QUE CONCEDE INCENTIVO FINANCEIRO AOS PROFESSORES EFETIVOS EM SALA DE AULA NA REDE MUNICIAL DE ENSINO DE MANCIO LIMA - AC, E DA OUTRAS PROVIDENCIAS."}, {"id": "1090", "ano": "2025", "numero": "45", "tipo__sigla": "PDD", "tipo__descricao": "Portarias de Diarias", "texto_integral": "http://sapl.manciolima.ac.leg.br/media/sapl/public/normajuridica/2025/1090/29071500.pdf", "ementa": "DESIGNANDO VEREADORES E SERVIDOR PARA UMA AUDIENCIA PUBLICA NA ALEAC."}, {"id": "1091", "ano": "2025", "numero": "44", "tipo__sigla": "PDD", "tipo__descricao": "Portarias de Diarias", "texto_integral": "http://sapl.manciolima.ac.leg.br/media/sapl/public/normajuridica/2025/1091/31071500.pdf", "ementa": "DESIGNANDO O PRESIDENTE PARA UM EVENTO NO TCE-ACRE."}, {"id": "1089", "ano": "2025", "numero": "43", "tipo__sigla": "PDD", "tipo__descricao": "Portarias de Diarias", "texto_integral": "http://sapl.manciolima.ac.leg.br/media/sapl/public/normajuridica/2025/1089/25071501.pdf", "ementa": "DESIGNANDO VEREADORES E SERVIDORES PARA ENCONTRO EM RIO BRANCO SOBRE O PACTO DA BOA GOVERNAN\u00c7A NO TCE/AC."}, {"id": "1079", "ano": "2025", "numero": "170", "tipo__sigla": "DS", "tipo__descricao": "Decreto Suplementa\u00e7\u00e3o", "texto_integral": "http://sapl.manciolima.ac.leg.br/media/sapl/public/normajuridica/2025/1079/03061500.pdf", "ementa": "DISPOE SOBRE A ABERTURA DE CREDITO ADICIONAL SUPLEMENTAR POR EXCESSO PARA ALTERA\u00c7\u00c3O DO OR\u00c7AMENTO DO PODER LEGISLATIVO MUNICIPAL DE MANCIO LIMA PARA O EXERCICIO DE 2025 E DA OUTRAS PROVIDENCIAS."}, {"id": "1073", "ano": "2025", "numero": "577", "tipo__sigla": "LEI", "tipo__descricao": "Lei", "texto_integral": "http://sapl.manciolima.ac.leg.br/media/sapl/public/normajuridica/2025/1073/17051500.pdf", "ementa": "ALTERA A LEI N\u00ba 166/03 DE 07 DE AGOSTO DE 2003, QUE DISPOE SOBRE O ESTATUTO DOS SERVIDORES PUBLICOS DO MUNICIPIO DE MANCIO LIMA - ACRE E DA OUTRAS PROVIDENCIAS."}, {"id": "1082", "ano": "2025", "numero": "42", "tipo__sigla": "PDD", "tipo__descricao": "Portarias de Diarias", "texto_integral": "http://sapl.manciolima.ac.leg.br/media/sapl/public/normajuridica/2025/1082/01071501.pdf", "ementa": "CONCEDENDO DIARIA A VEREADOR"}, {"id": "1083", "ano": "2025", "numero": "41", "tipo__sigla": "PDD", "tipo__descricao": "Portarias de Diarias", "texto_integral": "http://sapl.manciolima.ac.leg.br/media/sapl/public/normajuridica/2025/1083/01071500.pdf", "ementa": "CONCEDENDO DIARIA A VEREADOR"}, {"id": "1084", "ano": "2025", "numero": "40", "tipo__sigla": "PDD", "tipo__descricao": "Portarias de Diarias", "texto_integral": "http://sapl.manciolima.ac.leg.br/media/sapl/public/normajuridica/2025/1084/01071502.pdf", "ementa": "CONCEDENDO DIARIA A VEREADOR"}, {"id": "1072", "ano": "2025", "numero": "576", "tipo__sigla": "LEI", "tipo__descricao": "Lei", "texto_integral": "http://sapl.manciolima.ac.leg.br/media/sapl/public/normajuridica/2025/1072/17051501.pdf", "ementa": "DISPOE SOBRE O DIA MUNICIPAL DO TER\u00c7O DOS HOMENS EM MANCIO LIMA E DA OUTRAS PROVIDENCIAS."}, {"id": "1074", "ano": "2025", "numero": "575", "tipo__sigla": "LEI", "tipo__descricao": "Lei", "texto_integral": "http://sapl.manciolima.ac.leg.br/media/sapl/public/normajuridica/2025/1074/18051501.pdf", "ementa": "DISPOE SOBRE A PRORROGA\u00c7\u00c3O DO PRAZO DA LICEN\u00c7A-MATERNIDADE DAS SERVIDORAS PUBLICAS MUNICIPAIS DO MUNICIPIO DE MANCIO LIMA - AC, 120 (CENTO E VINTE) DIAS PARA 180 (CENTO E OITENTA) DIAS."}, {"id": "1075", "ano": "2025", "numero": "39", "tipo__sigla": "PDD", "tipo__descricao": "Portarias de Diarias", "texto_integral": "http://sapl.manciolima.ac.leg.br/media/sapl/public/normajuridica/2025/1075/30051500.pdf", "ementa": "DESIGNANDO OS VEREADORES VLADIMIR VASCONCELOS DA COSTA E AMOZILDO GON\u00c7ALVES DA SILVA MAIA PARA PARTICIPAREM DE UMA AUDIENCIA PUBLICA EM RIO BRANCO - ACRE."}, {"id": "1064", "ano": "2025", "numero": "574", "tipo__sigla": "LEI", "tipo__descricao": "Lei", "texto_integral": "http://sapl.manciolima.ac.leg.br/media/sapl/public/normajuridica/2025/1064/29031501.pdf", "ementa": "DISPOE SOBRE A CRIA\u00c7\u00c3O DO CONSELHO MUNICIPAL DE SEGURAN\u00c7A ALIMENTAR E NUTRICIONAL E DA CAMARA MUNICIPAL INTERSETORIAL DE SEGURAN\u00c7A ALIMENTAR E NUTRICIONAL DO MUNICIPIO DE MANCIO LIMA, ESTADO DO ACRE NO AMBITO DO SISTEMA NACIONAL DE SEGURAN\u00c7A ALIMENTAR E NUTRICIONAL-SISAN."}, {"id": "1078", "ano": "2025", "numero": "38", "tipo__sigla": "PDD", "tipo__descricao": "Portarias de Diarias", "texto_integral": "http://sapl.manciolima.ac.leg.br/media/sapl/public/normajuridica/2025/1078/31051503.pdf", "ementa": "DESIGNANDO O VEREADOR JOSE DE SOUZA MENESES PARA PARTICIPAREM DO EVENTO COMPROMISSO COM A INTEGRIDADE PROMOVIDO PELA CGU EM RIO BRANCO - ACRE"}, {"id": "1077", "ano": "2025", "numero": "37", "tipo__sigla": "PDD", "tipo__descricao": "Portarias de Diarias", "texto_integral": "http://sapl.manciolima.ac.leg.br/media/sapl/public/normajuridica/2025/1077/31051502.pdf", "ementa": "CONCEDENDO 04 DIARIAS AO VEREADOR VLADIMIR VASCONCELOS DA COSTA."}, {"id": "1076", "ano": "2025", "numero": "36", "tipo__sigla": "PDD", "tipo__descricao": "Portarias de Diarias", "texto_integral": "http://sapl.manciolima.ac.leg.br/media/sapl/public/normajuridica/2025/1076/31051500.pdf", "ementa": "DESIGNANDO OS SERVIDORES JOSE WYTELON, LUCAS AUGUSTO E A VEREADORA ANA SOUZA PARA PARTICIPAREM DO EVENTO COMPROMISSO COM A INTEGRIDADE PROMOVIDO PELA CGU EM RIO BRANCO - ACRE."}, {"id": "1068", "ano": "2025", "numero": "35", "tipo__sigla": "PDD", "tipo__descricao": "Portarias de Diarias", "texto_integral": "http://sapl.manciolima.ac.leg.br/media/sapl/public/normajuridica/2025/1068/08041501.pdf", "ementa": "CONCEDE DIARIA AO VEREADOR JOSE DE SOUZA MENESES PARA CUSTEIO DE DESPESAS COM ALIMENTA\u00c7\u00c3O E TRANSPORTE PARA DESLOCAMENTO AT\u00c9 A COMUNIDADE RIBEIRINHA SAO SALVADOR, PARA PARTICIPAR DA 1\u00ba SESSAO ITINERANTE DA CAMARA MUNICIPAL."}, {"id": "1069", "ano": "2025", "numero": "34", "tipo__sigla": "PDD", "tipo__descricao": "Portarias de Diarias", "texto_integral": "http://sapl.manciolima.ac.leg.br/media/sapl/public/normajuridica/2025/1069/08041502.pdf", "ementa": "CONCEDE DIARIA AO VEREADOR EVANDRO DA SILVA NASCIMENTO PARA CUSTEIO DE DESPESAS COM ALIMENTA\u00c7\u00c3O E TRANSPORTE PARA DESLOCAMENTO AT\u00c9 A COMUNIDADE RIBEIRINHA SAO SALVADOR, PARA PARTICIPAR DA 1\u00ba SESSAO ITINERANTE DA CAMARA MUNICIPAL."}, {"id": "1071", "ano": "2025", "numero": "33", "tipo__sigla": "PDD", "tipo__descricao": "Portarias de Diarias", "texto_integral": "http://sapl.manciolima.ac.leg.br/media/sapl/public/normajuridica/2025/1071/08041504.pdf", "ementa": "CONCEDENDO DIARIAS AOS VEREADORES E SERVIDORES PARA CUSTEIO DAS DESPESAS COM ALIMENTA\u00c7\u00c3O E TRANSPORTE PARA SE DESLOCAREM ATE A COMUNIDADE RIBEIRINHA SAO SALVADOR PARA A 1\u00aa SESSAO ITINERANTE DA CAMARA MUNICIPAL."}, {"id": "1080", "ano": "2025", "numero": "32", "tipo__sigla": "PDD", "tipo__descricao": "Portarias de Diarias", "texto_integral": "http://sapl.manciolima.ac.leg.br/media/sapl/public/normajuridica/2025/1080/06041500.pdf", "ementa": "DESIGNANDO O VEREADOR PARA PARTICIPAR DE UMA CAPACITA\u00c7\u00c3O SOBRE INICIO DE MANDATO MUNICIPAL E CONTROLE EXTERNO PROMOVIDO PELO TCE-ACRE EM CRUZEIRO DO SUL."}, {"id": "1066", "ano": "2025", "numero": "31", "tipo__sigla": "PDD", "tipo__descricao": "Portarias de Diarias", "texto_integral": "http://sapl.manciolima.ac.leg.br/media/sapl/public/normajuridica/2025/1066/05041500.pdf", "ementa": "DESIGNANDO OS VEREADORES ALANA SILVA DE SOUZA, VLADIMIR VASCONCELOS DA COSTA, E OS SERVIDORES JOSE WYTELON RODRIGUES DE OLIVEIRA E LUCAS AUGUSTO GOMES DA SILVA, PARA PARTICIPAREM DE UMA CAPACITA\u00c7\u00c3O SOBRE INICIIO DE MANDATO MUNICIPAL E CONTROLE EXTERNO, PROMOVIDO PELO TCE-AC."}, {"id": "1070", "ano": "2025", "numero": "30", "tipo__sigla": "PDD", "tipo__descricao": "Portarias de Diarias", "texto_integral": "http://sapl.manciolima.ac.leg.br/media/sapl/public/normajuridica/2025/1070/08041503.pdf", "ementa": "DESIGNANDO OS VEREADORES EVANDRO DA SILVA NASCIMENTO E ALANA SILVA DE SOUZA, PARA PARTICIPAREM DE UMA AGENDA DE REUNIOES COM O SENADOR ALAN RICK EM RIO BRANCO - AC."}, {"id": "1067", "ano": "2025", "numero": "29", "tipo__sigla": "PDD", "tipo__descricao": "Portarias de Diarias", "texto_integral": "http://sapl.manciolima.ac.leg.br/media/sapl/public/normajuridica/2025/1067/08041500.pdf", "ementa": "DESIGNANDO O VEREADOR JOSE DE SOUZA MENESES, PARA PARTICIPAR DO EVENTO OUVIDORIA DAY, OUVIDORIA COMO FERRAMENTA DE PARTICIPA\u00c7\u00c3O, NO TRIBUNAL DE CONTAS DO ESTADO - AC."}, {"id": "1065", "ano": "2025", "numero": "28", "tipo__sigla": "PDD", "tipo__descricao": "Portarias de Diarias", "texto_integral": "http://sapl.manciolima.ac.leg.br/media/sapl/public/normajuridica/2025/1065/04041500.pdf", "ementa": "DESIGNANDO OS SERVIDORES JOSE WYTELON RODRIGUES DE OLIVEIRA, MARIA ELIENE FERREIRA PEREIRA  LUCAS AUGUSTO GOMES DA SILVA, PARA PARTICIPAREM DO EVENTO OUVIDORIA DAY, PROMOVIDO PELO TCE-AC, EM RIO BRANCO - ACRE."}, {"id": "1059", "ano": "2025", "numero": "22", "tipo__sigla": "PDD", "tipo__descricao": "Portarias de Diarias", "texto_integral": "http://sapl.manciolima.ac.leg.br/media/sapl/public/normajuridica/2025/1059/06031500.pdf", "ementa": "CONCEDENDO DIARIAS AOS SERVIDORES JOSE WYTELON E LUCAS AUGUSTO PARA SE DESLOCAR ATE RIO BRANCO - AC."}, {"id": "1063", "ano": "2025", "numero": "21", "tipo__sigla": "PDD", "tipo__descricao": "Portarias de Diarias", "texto_integral": "http://sapl.manciolima.ac.leg.br/media/sapl/public/normajuridica/2025/1063/29031500.pdf", "ementa": "CONCEDENDO DIARIAS AO VEREADOR RONEILSON OLIVEIRA PINHEIRO."}, {"id": "1057", "ano": "2025", "numero": "1", "tipo__sigla": "MO\u00c7", "tipo__descricao": "Mo\u00e7ao de Aplausos", "texto_integral": "http://sapl.manciolima.ac.leg.br/media/sapl/public/normajuridica/2025/1057/11011500.pdf", "ementa": "MO\u00c7\u00c3O DE APLAUSOS AO TIME INTERNACIONAL DE MANCIO LIMA."}, {"id": "1056", "ano": "2025", "numero": "1", "tipo__sigla": "DL", "tipo__descricao": "Decretos Legislativos", "texto_integral": "http://sapl.manciolima.ac.leg.br/media/sapl/public/normajuridica/2025/1056/09011500.pdf", "ementa": "AUTORIZA AS INSTITUI\u00c7\u00d5ES INTEGRANTES DO SISTEMA FINANCEIRO NACIONAL A CONCEDEREM ACESSO AO TRIBUNAL DE CONTAS DO ESTADO DO ACRE PARA CONSULTA A MOVIMENTA\u00c7\u00c3O DAS CONTAS BANCARIAS DE RESPONSABILIDADE DOS ORGAOS E ENTIDADES DA ADMINISTRA\u00c7\u00c3O PUBLICA MUNICIPAL DIRETA E INDIRETA INCLUSIVE DOS FUNDOS MUNICIPAIS ESTADUAIS."}, {"id": "1062", "ano": "2025", "numero": "20", "tipo__sigla": "PDD", "tipo__descricao": "Portarias de Diarias", "texto_integral": "http://sapl.manciolima.ac.leg.br/media/sapl/public/normajuridica/2025/1062/12031502.pdf", "ementa": "DESIGNANDO A VEREADORA MARIA JALUZA SILVA LIMA PARA FISCALIZAR AS A\u00c7\u00d5ES DO PODER EXECUTIVO ATRAVES DA DEFESA CIVIL, TENDO EM VISTA AS RECENTES ENCHENTES NOS RIOS MOA E RIO AZUL."}, {"id": "1060", "ano": "2025", "numero": "19", "tipo__sigla": "PDD", "tipo__descricao": "Portarias de Diarias", "texto_integral": "http://sapl.manciolima.ac.leg.br/media/sapl/public/normajuridica/2025/1060/12031500.pdf", "ementa": "DESIGNANDO VEREADOR JOSE DE SOUZA MENESES PARA FISCALIZAR AS A\u00c7\u00d5ES DO PODER EXECUTIVO ATRAVES DA DEFESA CIVIL, TENDO EM VISTA AS RECENTES ENCHENTES NOS RIOS MOA E RIO AZUL."}, {"id": "1061", "ano": "2025", "numero": "18", "tipo__sigla": "PDD", "tipo__descricao": "Portarias de Diarias", "texto_integral": "http://sapl.manciolima.ac.leg.br/media/sapl/public/normajuridica/2025/1061/12031501.pdf", "ementa": "DESIGNANDO A VEREADORA ALANA DE SOUZA SILVA PARA FISCALIZAR AS A\u00c7\u00d5ES DO PODER EXECUTIVO ATRAVES DA DEFESA CIVIL, TENDO EM VISTA AS RECENTES ENCHENTES NOS RIOS MOA E RIO AZUL."}, {"id": "1053", "ano": "2025", "numero": "573", "tipo__sigla": "LEI", "tipo__descricao": "Lei", "texto_integral": "http://sapl.manciolima.ac.leg.br/media/sapl/public/normajuridica/2025/1053/02011500.pdf", "ementa": "AUTORIZA  PODER EXECUTIVO A CONTRATAR EMERGENCIALMENTE EM CARATER TEMPORARIO PROFISISONAIS PARA ATUAR NO AMBITO DA SECRETARIA MUNICIPAL DE EDUCA\u00c7\u00c3O, CULTURA E DESPORTO, A FIM DE ATENDER AS NECESSIDDADES DA REDE PUBLICA MUNICIPAL DE ENSINO."}, {"id": "1054", "ano": "2025", "numero": "572", "tipo__sigla": "LEI", "tipo__descricao": "Lei", "texto_integral": "http://sapl.manciolima.ac.leg.br/media/sapl/public/normajuridica/2025/1054/lei_n572.2025_-_dispoe_sobre_a_concessao_de_auxilio_alimentacao_aos_vereadores.pdf", "ementa": "DISPOE SOBRE A CONCESSAO DE AUXILIO ALIMENTA\u00c7\u00c3O AOS VEREADORES E SERVIDORES DO PODER LEGISLATIVO DE MANCIO LIMA - AC, E D\u00c1 OUTRSA PROVIDENCIAS."}, {"id": "1081", "ano": "2025", "numero": "16", "tipo__sigla": "PDD", "tipo__descricao": "Portarias de Diarias", "texto_integral": "http://sapl.manciolima.ac.leg.br/media/sapl/public/normajuridica/2025/1081/08021501.pdf", "ementa": "CONCEDENDO DIARIAS AO VEREADOR AMOZILDO GON\u00c7ALVES."}, {"id": "1046", "ano": "2025", "numero": "1", "tipo__sigla": "RS", "tipo__descricao": "Resolu\u00e7\u00e3o", "texto_integral": "http://sapl.manciolima.ac.leg.br/media/sapl/public/normajuridica/2025/1046/24121400.pdf", "ementa": "SUSPENDE A RESOLU\u00c7AO 01/21."}, {"id": "1058", "ano": "2025", "numero": "15", "tipo__sigla": "PDD", "tipo__descricao": "Portarias de Diarias", "texto_integral": "http://sapl.manciolima.ac.leg.br/media/sapl/public/normajuridica/2025/1058/08021500.pdf", "ementa": "CONCEDENDO DIARIA AO VEREADOR JEAN DE ALMEIDA FIGUEIREDO."}, {"id": "1050", "ano": "2025", "numero": "14", "tipo__sigla": "POR", "tipo__descricao": "Portarias", "texto_integral": "http://sapl.manciolima.ac.leg.br/media/sapl/public/normajuridica/2025/1050/25121402.pdf", "ementa": "PORTARIA DESIGANDO A SENHORA JOSIANE GUILHERME DE JESUS JUNTO AO TRIBUNAL DE CONTAS DO ESTADO DO ACRE."}, {"id": "1047", "ano": "2025", "numero": "13", "tipo__sigla": "PDD", "tipo__descricao": "Portarias de Diarias", "texto_integral": "http://sapl.manciolima.ac.leg.br/media/sapl/public/normajuridica/2025/1047/24121403.pdf", "ementa": "DESIGNANDO O PRESIDENTE JOS\u00c9 DE SOUZA MENESES PARA CUMPRIR UMA AGENDA DE REUNIOES NA ALEAC NO TCE E VISITA A CAMARA DE RIO BRANCO, NO PERIODO DE 20 \u00c0 24 DE JANEIRO."}, {"id": "1048", "ano": "2025", "numero": "12", "tipo__sigla": "PDD", "tipo__descricao": "Portarias de Diarias", "texto_integral": "http://sapl.manciolima.ac.leg.br/media/sapl/public/normajuridica/2025/1048/24121405.pdf", "ementa": "DESIGNANDO A VEREADORA ALANA SILVA DE SOUZA PARA CUMPRIR UMA AGENDA DE REUNIOES NA ALEAC NO TCE E VISITA A CAMARA DE RIO BRANCO, NO PERIODO DE 20 \u00c0 24 DE JANEIRO."}, {"id": "1049", "ano": "2025", "numero": "11", "tipo__sigla": "PDD", "tipo__descricao": "Portarias de Diarias", "texto_integral": "http://sapl.manciolima.ac.leg.br/media/sapl/public/normajuridica/2025/1049/24121400.pdf", "ementa": "DESIGNANDO OS SERVIDORES JOS\u00c9 WYTELON RODRIGUES DE OLIVEIRA E LUCAS AUGUSTO GOMES DA SILVA PARA ACOMPANHAR O PRESIDENTE EM UMA AGENDA DE REUNIOES NA ALEAC NO TCE E VISITA A CAMARA DE RIO BRANCO, NO PERIODO DE 20 \u00c0 24 DE JANEIRO."}, {"id": "1045", "ano": "2025", "numero": "10", "tipo__sigla": "POR", "tipo__descricao": "Portarias", "texto_integral": "http://sapl.manciolima.ac.leg.br/media/sapl/public/normajuridica/2025/1045/07121402.pdf", "ementa": "DISPOE SOBRE A DESIGNA\u00c7\u00c3O DE SERVIDORES PARA FORMA\u00c7\u00c3O DA COMISSAO DE PLANEJAMENTO DE CONTRATA\u00c7OES PUBLICAS DA CAMARA MUNICIPAL DE MANCIO LIMA."}, {"id": "1044", "ano": "2025", "numero": "9", "tipo__sigla": "POR", "tipo__descricao": "Portarias", "texto_integral": "http://sapl.manciolima.ac.leg.br/media/sapl/public/normajuridica/2025/1044/07121403.pdf", "ementa": "DISPOE SOBRE A DESIGNA\u00c7\u00c3O E ASTRIBUI\u00c7\u00d5ES DA COMISSAO E AGENTE DE CONTRATA\u00c7\u00c3O CONFORME LEI FEDERAL N\u00ba\u2554 14.133/2001 E RESOLU\u00c7\u00c3O LEGISLATIVA N\u00ba 001/2024 E DA OUTRAS PROVIDENCIAS."}, {"id": "1051", "ano": "2025", "numero": "8", "tipo__sigla": "POR", "tipo__descricao": "Portarias", "texto_integral": "http://sapl.manciolima.ac.leg.br/media/sapl/public/normajuridica/2025/1051/28121400.pdf", "ementa": "NOMEANDO A SENHORA JARLENE NASCIMENTO DA SILVA."}, {"id": "1043", "ano": "2025", "numero": "7", "tipo__sigla": "POR", "tipo__descricao": "Portarias", "texto_integral": "http://sapl.manciolima.ac.leg.br/media/sapl/public/normajuridica/2025/1043/27111406.pdf", "ementa": "NOMEANDO O SR. MATEUS GOMES DA SILVA"}, {"id": "1042", "ano": "2025", "numero": "6", "tipo__sigla": "POR", "tipo__descricao": "Portarias", "texto_integral": "http://sapl.manciolima.ac.leg.br/media/sapl/public/normajuridica/2025/1042/27111405.pdf", "ementa": "CONVOCANDO A SUPLENTE DE VEREADORA REZIANE DOS SANTOS ALMEIDA BARROS."}, {"id": "1041", "ano": "2025", "numero": "5", "tipo__sigla": "POR", "tipo__descricao": "Portarias", "texto_integral": "http://sapl.manciolima.ac.leg.br/media/sapl/public/normajuridica/2025/1041/27111404.pdf", "ementa": "NOMEANDO O SR. DINEI CRUZ DE SOUZA."}, {"id": "1040", "ano": "2025", "numero": "4", "tipo__sigla": "POR", "tipo__descricao": "Portarias", "texto_integral": "http://sapl.manciolima.ac.leg.br/media/sapl/public/normajuridica/2025/1040/27111403.pdf", "ementa": "NOMEANDO A SR. MARIA ELIENE FERREIRA PEREIRA."}, {"id": "1039", "ano": "2025", "numero": "3", "tipo__sigla": "POR", "tipo__descricao": "Portarias", "texto_integral": "http://sapl.manciolima.ac.leg.br/media/sapl/public/normajuridica/2025/1039/27111402.pdf", "ementa": "NOMEANDO O SR. LUCAS AUGUSTO GOMES DA SILVA."}, {"id": "1038", "ano": "2025", "numero": "2", "tipo__sigla": "POR", "tipo__descricao": "Portarias", "texto_integral": "http://sapl.manciolima.ac.leg.br/media/sapl/public/normajuridica/2025/1038/27111401.pdf", "ementa": "NOMEANDO O SR. JOSE WYTELON RODRIGUES DE OLIVEIRA."}, {"id": "1037", "ano": "2025", "numero": "1", "tipo__sigla": "POR", "tipo__descricao": "Portarias", "texto_integral": "http://sapl.manciolima.ac.leg.br/media/sapl/public/normajuridica/2025/1037/27111400.pdf", "ementa": "NOMEANDO A SENHORA ELIZANGELA CRUZ DE LIMA."}, {"id": "1032", "ano": "2024", "numero": "571", "tipo__sigla": "LEI", "tipo__descricao": "Lei", "texto_integral": "http://sapl.manciolima.ac.leg.br/media/sapl/public/normajuridica/2024/1032/lei_n571_2024_-_loa_2025.pdf", "ementa": "Estima a Receita e fixa a Despesa do Munic\u00edpio de M\u00e2ncio Lima-Acre para o\r\nExerc\u00edcio Financeiro de 2025, e d\u00e1 Outras Provid\u00eancias."}, {"id": "1055", "ano": "2024", "numero": "570", "tipo__sigla": "LEI", "tipo__descricao": "Lei", "texto_integral": "http://sapl.manciolima.ac.leg.br/media/sapl/public/normajuridica/2024/1055/lei_n570.2024_-_lei_de_diretrizes_orcamentarias.pdf", "ementa": "ESTABELECE AS DIRETRIZES A SEREM OBSERVADAS NA ELABORA\u00c7\u00c3O E EXECU\u00c7\u00c3O DA LEI OR\u00c7AMENTARIA DO MUNICIPIO DE MANCIO LIMA, PARA O EXERCICIO FINANCEIRO DE 2025 E DA OUTRAS PROVIDENCIAS."}, {"id": "1036", "ano": "2024", "numero": "569", "tipo__sigla": "LEI", "tipo__descricao": "Lei", "texto_integral": "http://sapl.manciolima.ac.leg.br/media/sapl/public/normajuridica/2024/1036/_leis_no568_e_569.pdf", "ementa": "\u201cAUTORIZA O EXECUTIVO MUNICIPAL A CONCEDER DESCONTO SOBRE\r\nJUROS, CORRE\u00c7\u00c3O E MULTAS DE D\u00cdVIDAS ATIVAS E D\u00c1 OUTRAS PRO-\r\nVID\u00caNCIAS.\u201d"}, {"id": "1035", "ano": "2024", "numero": "568", "tipo__sigla": "LEI", "tipo__descricao": "Lei", "texto_integral": "http://sapl.manciolima.ac.leg.br/media/sapl/public/normajuridica/2024/1035/_leis_no568_e_569.pdf", "ementa": "AUTORIZA O PODER EXECUTIVO MUNICIPAL A REALIZAR A DOA\u00c7\u00c3O DE EQUIPAMENTOS PARA A PAR\u00d3QUIA S\u00c3O FRANCISCO DE ASSIS E D\u00c1 OUTRAS PROVID\u00caNCIAS"}, {"id": "1052", "ano": "2024", "numero": "26", "tipo__sigla": "POR", "tipo__descricao": "Portarias", "texto_integral": "http://sapl.manciolima.ac.leg.br/media/sapl/public/normajuridica/2024/1052/28121405.pdf", "ementa": "EXONERANDO O SR. EUST\u00c1QUIO GUILHERME DE MELO."}, {"id": "1011", "ano": "2024", "numero": "5", "tipo__sigla": "DL", "tipo__descricao": "Decretos Legislativos", "texto_integral": "http://sapl.manciolima.ac.leg.br/media/sapl/public/normajuridica/2024/1011/30101401.pdf", "ementa": "DISPOE SOBRE AS CONSIGNA\u00c7\u00d5ES EM FOLHA DE PAGAMENTO DOS SERVIDORES PUBLICOS DA CAMARA MUNICIPAL DE MANCIO LIMA ACRE E DA OUTRAS PROVIDENCIAS."}, {"id": "1034", "ano": "2024", "numero": "567", "tipo__sigla": "LEI", "tipo__descricao": "Lei", "texto_integral": "http://sapl.manciolima.ac.leg.br/media/sapl/public/normajuridica/2024/1034/lei_n564_2024_-_regime_juridico_de_acs_e_ace.pdf", "ementa": "ESTABELECE O REGIME JUR\u00cdDICO DOS CARGOS DE AGENTE COMUNIT\u00c1RIO DE SA\u00daDE (ACS) E AGENTE DE COMBATE \u00c0S ENDEMIAS (ACE) COMO DE NATUREZA ESTATUT\u00c1RIA NO MUNIC\u00cdPIO DE M\u00c2NCIO LIMA E D\u00c1 OUTRAS PROVID\u00caNCIAS."}, {"id": "1028", "ano": "2024", "numero": "22", "tipo__sigla": "PDD", "tipo__descricao": "Portarias de Diarias", "texto_integral": "http://sapl.manciolima.ac.leg.br/media/sapl/public/normajuridica/2024/1028/17111404.pdf", "ementa": "DESIGNANDO O VEREADOR JOSE AMARISIO DA SILVA PARA UM AVISITA NA ALEAC DE BUSCA DE EMENDAS PARLAMENTARES E AINDA PROTOCOLAR DOCUMENTOS NA SECRETARIA DE ESTADO DE EDUCA\u00c7\u00c3O."}, {"id": "1031", "ano": "2024", "numero": "26", "tipo__sigla": "PDD", "tipo__descricao": "Portarias de Diarias", "texto_integral": "http://sapl.manciolima.ac.leg.br/media/sapl/public/normajuridica/2024/1031/17111401.pdf", "ementa": "DESIGNANDO O VEREADOR RENAN DA COSTA SILVA PARA PARTICIPAR DE UMA OFICINA SOBRE LICITA\u00c7\u00d5ES E CONTRATOS PROMOVIDA PELO INTERLEGIS DO SENADO FEDERAL NO AUDITORIO DO PALACIO DA JUSTI\u00c7A EM RIO BRANCO."}, {"id": "1025", "ano": "2024", "numero": "21", "tipo__sigla": "PDD", "tipo__descricao": "Portarias de Diarias", "texto_integral": "http://sapl.manciolima.ac.leg.br/media/sapl/public/normajuridica/2024/1025/07111403.pdf", "ementa": "DESIGNANDO O VEREADOR RENAN DA COSTA SILVA, PARA PARTICIPAR DE UMA OFICINA SOBRE LICITA\u00c7\u00d5ES E CONTRATOS PROMOVIDA PELO INTERLEGIS DO SENADO FEDERAL NO AUDITORIO DO PALACIO DA JUSTI\u00c7A EM RIO BRANCO - AC."}, {"id": "1029", "ano": "2024", "numero": "20", "tipo__sigla": "PDD", "tipo__descricao": "Portarias de Diarias", "texto_integral": "http://sapl.manciolima.ac.leg.br/media/sapl/public/normajuridica/2024/1029/17111403.pdf", "ementa": "DESIGNANDO A SERVIDORA MARIA ELIENE FERREIRA PEREIRA PARA PARTICIPAR DE UMA OFICOINA SOBRE LICITA\u00c7\u00d5ES E CONTRATOS PROMOVIDA PELO INTERLEGIS DO SENADO FEDERAL NO AUDITORIO DO PALACIO DA JUSTI\u00c7A EM RIO BRANCO."}, {"id": "1030", "ano": "2024", "numero": "19", "tipo__sigla": "PDD", "tipo__descricao": "Portarias de Diarias", "texto_integral": "http://sapl.manciolima.ac.leg.br/media/sapl/public/normajuridica/2024/1030/17111402.pdf", "ementa": "DESIGNANDO O SERVIDOR JOSE WYTELON RODRIGUES DE OLIVEIRA PARA PARTICIPAR DE UMA OFICOINA SOBRE LICITA\u00c7\u00d5ES E CONTRATOS PROMOVIDA PELO INTERLEGIS DO SENADO FEDERAL NO AUDITORIO DO PALACIO DA JUSTI\u00c7A EM RIO BRANCO."}, {"id": "1027", "ano": "2024", "numero": "18", "tipo__sigla": "PDD", "tipo__descricao": "Portarias de Diarias", "texto_integral": "http://sapl.manciolima.ac.leg.br/media/sapl/public/normajuridica/2024/1027/08111400.pdf", "ementa": "DESIGNANDO O VEREADOR JOSE AMARISIO DA SILVA PARA SE DESLOCAR ATE AS COMUNIDADES RIBEIRINHAS PARA FISCALIZAR O FUNCIONAMENTO DAS UNIDADES BASICAS DE SAUDE."}, {"id": "1026", "ano": "2024", "numero": "17", "tipo__sigla": "PDD", "tipo__descricao": "Portarias de Diarias", "texto_integral": "http://sapl.manciolima.ac.leg.br/media/sapl/public/normajuridica/2024/1026/08111401.pdf", "ementa": "DESIGNANDO O VEREADOR JEAN DE ALMEIDA FIGUEIREDO PARA PARTICIPAR DE REUNIOES MA ALEAC COM O DEPUTADO CALEGARIO EM BUSCA DE EMENDAS PARLAMENTARES PARA NOSSO MUNICIPIO."}, {"id": "1000", "ano": "2024", "numero": "566", "tipo__sigla": "LEI", "tipo__descricao": "Lei", "texto_integral": "http://sapl.manciolima.ac.leg.br/media/sapl/public/normajuridica/2024/1000/lei_no_566.2024-coordenadores.pdf", "ementa": "\u201cDISP\u00d5E SOBRE A ALTERA\u00c7\u00c3O DAS TABELAS I, II, III E IV DO ANEXO II DA LEI No 484 DE 22 DE FEVEREIRO DE 2022, QUE INSTITUI GRATIFICA\u00c7\u00c3O DE COORDENADOR DE ENSINO, COORDENADOR PEDAG\u00d3GICO, E COORDENADOR ADMINISTRATIVO DOS SERVIDORES MUNICIPAIS.\u201d"}, {"id": "1001", "ano": "2024", "numero": "565", "tipo__sigla": "LEI", "tipo__descricao": "Lei", "texto_integral": "http://sapl.manciolima.ac.leg.br/media/sapl/public/normajuridica/2024/1001/lei_no_565.2024-escola.pdf", "ementa": "\u201cDISP\u00d5E SOBRE A CRIA\u00c7\u00c3O E DENOMINA\u00c7\u00c3O DA ESCOLA MUNICIPAL ANT\u00d4NIO VIEIRA DA SILVA E D\u00c1 OUTRAS PROVID\u00caNCIAS.\u201d"}, {"id": "1023", "ano": "2024", "numero": "14", "tipo__sigla": "PDD", "tipo__descricao": "Portarias de Diarias", "texto_integral": "http://sapl.manciolima.ac.leg.br/media/sapl/public/normajuridica/2024/1023/07111404.pdf", "ementa": "DESIGNANDO O VEREADOR VLADIMIR VASCONCELOS DA COSTA, PARA SE DESLOCAR ATE RIO BRANCO - ACRE, PARA UMA AGENDA DE REUNIOES EM RIO BRANCO - ACRE, COM O SENADOR PETECAO, EM BUSCA DE EMENDAS PARLAMENTARES PARA A AREA DA SAUDE DE NOSSO MUNICIPIO."}, {"id": "1022", "ano": "2024", "numero": "13", "tipo__sigla": "PDD", "tipo__descricao": "Portarias de Diarias", "texto_integral": "http://sapl.manciolima.ac.leg.br/media/sapl/public/normajuridica/2024/1022/07111405.pdf", "ementa": "DESIGNANDO O VEREADOR JOEL FERREIRA LIMA, PARA PARTICIPAR DE REUNIOES EM BRASILIA COM A FUNAI, IPAM E DIRETOR DO MEIO AMBIENTE EM BUSCA DE MELHORIAS PARA OS POVOS INDIGENAS."}, {"id": "997", "ano": "2024", "numero": "564", "tipo__sigla": "LEI", "tipo__descricao": "Lei", "texto_integral": "http://sapl.manciolima.ac.leg.br/media/sapl/public/normajuridica/2024/997/15061406.pdf", "ementa": "CRIA A EXPO MANCIO LIMA - FEIRA AGROPECUARIA NO AMBITO FO MUNICIPIO DE MANCIO LIMA E DA OUTRAS PROVIDENCIAS."}, {"id": "1021", "ano": "2024", "numero": "12", "tipo__sigla": "PDD", "tipo__descricao": "Portarias de Diarias", "texto_integral": "http://sapl.manciolima.ac.leg.br/media/sapl/public/normajuridica/2024/1021/07111402.pdf", "ementa": "DESIGNANDO VEREADOR RENAN DA COSTA SILVA  JUNTAMENTE COM O SERVIDOR JOSE WYTELON RODRIGUES DE OLIVEIRA PARA UMA AGENDA DE REUNIOES EM RIO BRANCO NA ASSEMBLEIA LEGISLATIVA EM RIO BRANCO - ACRE EM BUSCA DE EMENDAS PARLAMENTARES AO NOSSO MUNICIPIO"}, {"id": "1020", "ano": "2024", "numero": "11", "tipo__sigla": "PDD", "tipo__descricao": "Portarias de Diarias", "texto_integral": "http://sapl.manciolima.ac.leg.br/media/sapl/public/normajuridica/2024/1020/07111401.pdf", "ementa": "DESIGNANDO O SERVIDOR JOSE WYTELON RODRIGUES DE OLIVEIRA PARA ACOMPANHAR O PRESIDENTE RENAN DA COSTA SILVA EM UMA AGENDA DE REUNIOES EM RIO BRANCO NA ASSEMBLEIA LEGISLATIVA EM BUSCA DE EMENDAS PARLAMENTARES AO NOSSO MUNICIPIO."}, {"id": "1024", "ano": "2024", "numero": "10", "tipo__sigla": "PDD", "tipo__descricao": "Portarias de Diarias", "texto_integral": "http://sapl.manciolima.ac.leg.br/media/sapl/public/normajuridica/2024/1024/07111403.pdf", "ementa": "DESIGNANDO O VEREADOR JOSE AMARISIO DA SILVA, PARA SE DESLOCAR ATE RIO BRANCO - ACRE, PARA UMA REUNIAO NA ASSEMBLEIA LEGISLATIVA COM OS DEPUTADOS, EM BUSCA DE EMENDAS PARLAMENTARES AO NOSSO MUNICIPIO."}, {"id": "1002", "ano": "2024", "numero": "563", "tipo__sigla": "LEI", "tipo__descricao": "Lei", "texto_integral": "http://sapl.manciolima.ac.leg.br/media/sapl/public/normajuridica/2024/1002/lei_no_563.2024-cria_o_fundo_municipal_de_cultura_-_fmc_de_mancio_lima.pdf", "ementa": "\u201cCRIA O FUNDO MUNICIPAL DE CULTURA - FMC DE M\u00c2NCIO LIMA, DEFINE SUA FORMA DE GEST\u00c3O E D\u00c1 OUTRAS PROVID\u00caNCIAS.\u201d"}, {"id": "1003", "ano": "2024", "numero": "562", "tipo__sigla": "LEI", "tipo__descricao": "Lei", "texto_integral": "http://sapl.manciolima.ac.leg.br/media/sapl/public/normajuridica/2024/1003/lei_no_562.2024-dispoe_sobre_a_criacao_do_conselho_municipal_de_cultura.pdf", "ementa": "\u201c\u201cDISP\u00d5E SOBRE A CRIA\u00c7\u00c3O DO CONSELHO MUNICIPAL DE CULTURA DO MUNIC\u00cdPIO DE M\u00c2NCIO LIMA \u2013 AC.\u201d."}, {"id": "1004", "ano": "2024", "numero": "561", "tipo__sigla": "LEI", "tipo__descricao": "Lei", "texto_integral": "http://sapl.manciolima.ac.leg.br/media/sapl/public/normajuridica/2024/1004/lei_no_561.2024-.pdf", "ementa": "\u201cALTERA DISPOSITIVO DA LEI 558/2024 QUE DISP\u00d5E SOBRE ABERTURA DE CR\u00c9DITO ADICIONAL ESPECIAL NO OR\u00c7AMENTO VGENTE DO MUNIC\u00cdPIO DE M\u00c2NCIO LIMA\u2013 ACRE, E D\u00c1 OUTRAS PROVID\u00caNCIAS.\u201d"}, {"id": "1016", "ano": "2024", "numero": "9", "tipo__sigla": "PDD", "tipo__descricao": "Portarias de Diarias", "texto_integral": "http://sapl.manciolima.ac.leg.br/media/sapl/public/normajuridica/2024/1016/31101400.pdf", "ementa": "DESIGNANDO O VEREADOR RENAN DA COSTA SILVA PARA SE DESLOCAR ATE AS COMUNIDADES RIBEIRINHAS PARA PARTICIPAR DO PROGRAMA MOABILIDADE JUNTAMENTE COM O PODER JUDICIARIO, MINISTERIO PUBLICO, ASSISTENCIAL SOCIAL E SECRETARIA DE SAUDE."}, {"id": "1017", "ano": "2024", "numero": "8", "tipo__sigla": "PDD", "tipo__descricao": "Portarias de Diarias", "texto_integral": "http://sapl.manciolima.ac.leg.br/media/sapl/public/normajuridica/2024/1017/01111400.pdf", "ementa": "DESIGNANDO O SERVIDOR JOSE WYTELON RODRIGUES DE OLIVEIRA, PARA PARTICIPAR DE UM TREINAMENTO NO INTERLEGIS EM BRASILIA SOBRE O SAPL - SISTEMA DE APOIO AO PROCESSO LEGISLATIVO A 15 A 19 DE ABRIL DE 2024."}, {"id": "1009", "ano": "2024", "numero": "560", "tipo__sigla": "LEI", "tipo__descricao": "Lei", "texto_integral": "http://sapl.manciolima.ac.leg.br/media/sapl/public/normajuridica/2024/1009/lei_no_560.2024_-_agente_de_contratacao_14.133.pdf", "ementa": "\u201cALTERA A LEI MUNICIPAL No 526, DE 10 DE ABRIL DE 2023, QUE TRATA DA ESTRUTURA ORGANIZACIONAL E ADMINISTRATIVA DO PODER EXECUTIVO DO MUNIC\u00cdPIO DE M\u00c2NCIO LIMA - AC.\u201d"}, {"id": "1006", "ano": "2024", "numero": "559", "tipo__sigla": "LEI", "tipo__descricao": "Lei", "texto_integral": "http://sapl.manciolima.ac.leg.br/media/sapl/public/normajuridica/2024/1006/lei_no_559.2024-a_demolicao_de_predios_publicos.pdf", "ementa": "\u201cDISP\u00d5E SOBRE A DEMOLI\u00c7\u00c3O DE PR\u00c9DIOS P\u00daBLICOS COM ESTRUTURAS DETERIORADAS PARA A CONSTRU\u00c7\u00c3O DE NOVAS EDIFICA\u00c7\u00d5ES.\u201d"}, {"id": "1005", "ano": "2024", "numero": "558", "tipo__sigla": "LEI", "tipo__descricao": "Lei", "texto_integral": "http://sapl.manciolima.ac.leg.br/media/sapl/public/normajuridica/2024/1005/lei_no_558.2024-abertura_de_credito.pdf", "ementa": "\u201cDISP\u00d5E SOBRE ABERTURA DE CR\u00c9DITO ADICIONAL ESPECIAL DE DOTA\u00c7\u00c3O NO OR\u00c7AMENTO VIGENTE DO PODER EXECUTIVO MUNICIPAL E D\u00c1 OUTRAS PROVID\u00caNCIAS.\u201d"}, {"id": "994", "ano": "2024", "numero": "557", "tipo__sigla": "LEI", "tipo__descricao": "Lei", "texto_integral": "http://sapl.manciolima.ac.leg.br/media/sapl/public/normajuridica/2024/994/23021401.pdf", "ementa": "ALTERA O PLANO DE CARGOS, CARREIRA E VENCIMENTOS DO PODER LEGISLATIVO MUNICIPAL E DSA OUTRAS PROVIDENCIAS."}, {"id": "1007", "ano": "2024", "numero": "556", "tipo__sigla": "LEI", "tipo__descricao": "Lei", "texto_integral": "http://sapl.manciolima.ac.leg.br/media/sapl/public/normajuridica/2024/1007/lei_no_556.2024-auxilio.pdf", "ementa": "\u201cCONCEDE AUX\u00cdLIO-ALIMENTA\u00c7\u00c3O A SERVIDORES P\u00daBLICOS EFETIVOS DO MUNIC\u00cdPIO DE M\u00c2NCIO LIMA E D\u00c1 OUTRAS PROVID\u00caNCIAS.\u201d"}, {"id": "1008", "ano": "2024", "numero": "555", "tipo__sigla": "LEI", "tipo__descricao": "Lei", "texto_integral": "http://sapl.manciolima.ac.leg.br/media/sapl/public/normajuridica/2024/1008/lei_no_555.2024-operadores_de_maquinas_pesadas.pdf", "ementa": "\u201cCRIA A GRATIFICA\u00c7\u00c3O POR OPERA\u00c7\u00c3O DE M\u00c1QUINAS PESADAS OU AGR\u00cdCOLAS NO \u00c2MBITO DO MUNIC\u00cdPIO DE M\u00c2NCIO LIMA -AC.\u201d"}, {"id": "1033", "ano": "2024", "numero": "5440", "tipo__sigla": "LEI", "tipo__descricao": "Lei", "texto_integral": "http://sapl.manciolima.ac.leg.br/media/sapl/public/normajuridica/2024/1033/lei_554_subsidios_dos_vereadores_e_do_presidente_da_camara.pdf", "ementa": "FIXA OS SUBSIDIOS DOS VEREADORES E DO PRESIDENTE DA \r\nC\u00c2MARA MUNICIPAL DE M\u00c2NCIO LIMA PARA O QUADRIENIO 2025 \r\n\u00c0 2028 E D\u00c1 OUTRAS PROVID\u00caNCIAS"}, {"id": "998", "ano": "2024", "numero": "554", "tipo__sigla": "LEI", "tipo__descricao": "Lei", "texto_integral": "http://sapl.manciolima.ac.leg.br/media/sapl/public/normajuridica/2024/998/15061404.pdf", "ementa": "ALTERA A LEI MUNICIPAL 484, DE 22 DE FEVEREIRO DE 2022, QUE DISPOE SOBRE O PLANO DE CARGOS, CARREIRA E REMUNERA\u00c7\u00c3O DOS PROFISSIONAIS DA SECRETARIA MUNICIPAL DE EDUCA\u00c7\u00c3O, CULTURA E DESPORTO E DA OUTRAS PROVIDENCIAS."}, {"id": "999", "ano": "2024", "numero": "2", "tipo__sigla": "DL", "tipo__descricao": "Decretos Legislativos", "texto_integral": "http://sapl.manciolima.ac.leg.br/media/sapl/public/normajuridica/2024/999/15061400.pdf", "ementa": "DISPOE SOBRE A CONCESSAO DE TITULO DE CIDADAO MANCIOLIMENSE E DA OUTRAS PROVIDENCIAS."}, {"id": "995", "ano": "2024", "numero": "1", "tipo__sigla": "DL", "tipo__descricao": "Decretos Legislativos", "texto_integral": "http://sapl.manciolima.ac.leg.br/media/sapl/public/normajuridica/2024/995/15061402.pdf", "ementa": "DISPOE SOBRE A CONCESSAO DE TITULO DE CIDADAO MANCIOLIMENSE E DA OUTRAS PROVIDENCIAS."}, {"id": "996", "ano": "2024", "numero": "3", "tipo__sigla": "DL", "tipo__descricao": "Decretos Legislativos", "texto_integral": "http://sapl.manciolima.ac.leg.br/media/sapl/public/normajuridica/2024/996/15061401.pdf", "ementa": "DISPOE SOBRE A CONCESSAO DE TITULO DE CIDADAO MANCIOLIMENSE E DA OUTRAS PROVIDENCIAS."}, {"id": "1014", "ano": "2024", "numero": "7", "tipo__sigla": "PDD", "tipo__descricao": "Portarias de Diarias", "texto_integral": "http://sapl.manciolima.ac.leg.br/media/sapl/public/normajuridica/2024/1014/31101401.pdf", "ementa": "DESIGNANDO O SERVIDOR JOSE WYTELON RODRIGUES DE OLIEIRA PARA ACOMPANHAR O VEREADOR RENAN DA COSTA SILVA AT\u00c9 RIO BRANCO - AC, PARA PARTICIPAR DE REUNIOES COM OS DEPUTADOS ESTADUAIS EM BUSCA DE EMENDAS PARLAMENTARES PARA A AREA DA SAUDE RIBEIRINHA E AINDA PROOTOCOLAR DOCUMENTOS EM ORGAOS GOVERNAMENTAIS."}, {"id": "1013", "ano": "2024", "numero": "6", "tipo__sigla": "PDD", "tipo__descricao": "Portarias de Diarias", "texto_integral": "http://sapl.manciolima.ac.leg.br/media/sapl/public/normajuridica/2024/1013/31101402.pdf", "ementa": "DESIGNANDO VEREADOR RENAN DA COSTA SILVA PARA SE DESLOCAR ATE RIO BRANCO - AC, PARA PARTICIPAR DE REUNIOES COM OS DEPUTADOS ESTADUAIS EM BUSCA DE EMENDAS PARLAMENTARES PARA A AREA DA SAUDE RIBEIRINHA E AINDA PROOTOCOLAR DOCUMENTOS EM ORGAOS GOVERNAMENTAIS."}, {"id": "1015", "ano": "2024", "numero": "5", "tipo__sigla": "PDD", "tipo__descricao": "Portarias de Diarias", "texto_integral": "http://sapl.manciolima.ac.leg.br/media/sapl/public/normajuridica/2024/1015/31101400.pdf", "ementa": "DESIGNANDO O VEREADOR JOSE AMARISIO DA SILVA PARA SE DESLOCAR ATE RIO BRANCO ACRE PARA PARTICIPAR DE UMA REUNIAO COM O DEPUTADO ESTADUAL ANDRE DA FROGA VALE, EM BUSCA DE EMENDA PARLAMENTAR PARA A RECUPERA\u00c7\u00c3O DA QUADRA DE ESPORTES DO BAIRRO CENTRO."}, {"id": "1010", "ano": "2024", "numero": "553", "tipo__sigla": "LEI", "tipo__descricao": "Lei", "texto_integral": "http://sapl.manciolima.ac.leg.br/media/sapl/public/normajuridica/2024/1010/lei_no_553.2024-cirurgiao_dentista.pdf", "ementa": "\u201cALTERA O ANEXO I, DA LEI MUNICIPAL 487, DE 28 DE ABRIL DE 2022, QUE DISP\u00d5E SOBRE O PLANO DE CARGOS, CARREIRA E REMUNERA\u00c7\u00c3O DOS PROFISSIONAIS DA \u00c1REA DA SA\u00daDE E REVOGA A LEI MUNICIPAL No 520, DE 28 DE FEVEREIRO DE 2023.\u201d"}, {"id": "1018", "ano": "2024", "numero": "4", "tipo__sigla": "PDD", "tipo__descricao": "Portarias de Diarias", "texto_integral": "http://sapl.manciolima.ac.leg.br/media/sapl/public/normajuridica/2024/1018/07111401.pdf", "ementa": "DESIGNANDO VEREADOR RENAN DA COSTA SILVA PARA REALIZAR UM CURSO SOBRE A NOVA LEI DE LICITA\u00c7\u00d5ES, VISITA NO DEPASA E SECRETARIA DE ESTADO EM RIO BRANCO - AC."}, {"id": "1019", "ano": "2024", "numero": "3", "tipo__sigla": "PDD", "tipo__descricao": "Portarias de Diarias", "texto_integral": "http://sapl.manciolima.ac.leg.br/media/sapl/public/normajuridica/2024/1019/07111400.pdf", "ementa": "DESIGNANDO O SERVIDOR JOSE WYTELON RODRIGUES DE OLIVEIRA PARA ACOMPANHAR O VEREADOR RENAN DA COSTA SILVA PARA REALIZAR UM CURSO SOBRE A NOVA LEI DE LICITA\u00c7\u00d5ES, VISITA NO DEPASA E SECRETARIA DE ESTADO EM RIO BRANCO - AC."}, {"id": "1012", "ano": "2024", "numero": "2", "tipo__sigla": "PDD", "tipo__descricao": "Portarias de Diarias", "texto_integral": "http://sapl.manciolima.ac.leg.br/media/sapl/public/normajuridica/2024/1012/30101400.pdf", "ementa": "DESIGNANDO O VEREADOR RENAN DA COSTA SILVA PARA SE DESLOCAR AT\u00c9 RIO BRANCO - AC ACOMPANHANDO O PREFEITO PARA UMA REUNIAO COM O GOVERNADOR DO ESTADO E O SECRETARIO DE ESTADO DE EDUCA\u00c7\u00c3O EM BUSCA DE RECURSOS AO NOSSO MUNICIPIO."}, {"id": "987", "ano": "2024", "numero": "1", "tipo__sigla": "RS", "tipo__descricao": "Resolu\u00e7\u00e3o", "texto_integral": "http://sapl.manciolima.ac.leg.br/media/sapl/public/normajuridica/2024/987/01121300.pdf", "ementa": "REGULAMENTA A LEI FEDERAL N\u00ba 14.133, DE 01 DE ABRIL DE 2021, QUE DISPOE SOBRE LICITA\u00c7\u00d5ES E CONTRATOS ADMINISTRATIVOS NO AMBITO DO PODER LEGISLATIUVO DO MUNICIPIO DE MANCIO LIMA E DA OUTRAS PROVIDENCIAS."}, {"id": "986", "ano": "2024", "numero": "1", "tipo__sigla": "POR", "tipo__descricao": "Portarias", "texto_integral": "http://sapl.manciolima.ac.leg.br/media/", "ementa": "CONCEDENDO 20 DIAS DE FERIAS AO SERVIDOR JOSE WYTELON RODRIGUES DE OLIVEIRA."}, {"id": "985", "ano": "2024", "numero": "552", "tipo__sigla": "LEI", "tipo__descricao": "Lei", "texto_integral": "http://sapl.manciolima.ac.leg.br/media/sapl/public/normajuridica/2024/985/30111306.pdf", "ementa": "DISPOE SOBRE A CRIA\u00c7\u00c3O DO CONSELHO MUNICIPAL DE SAUDE DE MANCIO LIMA E REVOGA A LEI MUNICIPAL N\u00ba 20/1991"}, {"id": "984", "ano": "2024", "numero": "551", "tipo__sigla": "LEI", "tipo__descricao": "Lei", "texto_integral": "http://sapl.manciolima.ac.leg.br/media/sapl/public/normajuridica/2024/984/30111307.pdf", "ementa": "DISPOE SOBRE A ALTERA\u00c7\u00c3O DO PLANO PLURIANUAL DO MUNICIPIO DE MANCIO LIMA - QUADRIENIO 2022-2025, E DA ABERTURA DE CREDITO ADICIONAL ESPECIAL NO OR\u00c7AMENTO VIGEMTE E DA OUTRAS PROVIDENCIAS."}, {"id": "982", "ano": "2024", "numero": "550", "tipo__sigla": "LEI", "tipo__descricao": "Lei", "texto_integral": "http://sapl.manciolima.ac.leg.br/media/sapl/public/normajuridica/2024/982/30111309.pdf", "ementa": "DISPOE SOBRE A CRIA\u00c7\u00c3O DO ARQUIVO PUBLICO MUNICIPAL DE MANCIO LIMA, DEFINE AS DIRETRIZES DA POLITICA MUNICIPAL DE ARQUIVOS PUBLICOS E PRIVADOS E CRIA O SISTEMA MUNICIPAL DE ARQUIVOS - SISMARQ"}, {"id": "983", "ano": "2023", "numero": "549", "tipo__sigla": "LEI", "tipo__descricao": "Lei", "texto_integral": "http://sapl.manciolima.ac.leg.br/media/sapl/public/normajuridica/2023/983/30111308.pdf", "ementa": "NORMATIZA OS HORARIOS DE SUBIDA E DESCIDA DO RIO JAPIIM E DA OUTRAS PROVIDENCIAS."}, {"id": "974", "ano": "2023", "numero": "548", "tipo__sigla": "LEI", "tipo__descricao": "Lei", "texto_integral": "http://sapl.manciolima.ac.leg.br/media/sapl/public/normajuridica/2023/974/23101300.pdf", "ementa": "DISPOE SOBRE A ALTERA\u00c7\u00c3O DO PLANO PLURIANUAL DO MUNICIPIO DE MANCIO LIMA, QUADRIENIO 2022-2025 E DA ABERURA DE CREDITO ADICIONAL ESPECIAL NO OR\u00c7AMENTO VIGENTE E DA OUTRAS PROVIDENCIAS."}, {"id": "989", "ano": "2023", "numero": "546", "tipo__sigla": "LEI", "tipo__descricao": "Lei", "texto_integral": "http://sapl.manciolima.ac.leg.br/media/sapl/public/normajuridica/2023/989/lei_546_altera_a_lei_municipal_487_de_28_de_abril_de_2022_-_pccr-saude.pdf", "ementa": "\u201cALTERA A LEI MUNICIPAL 487, DE 28 DE ABRIL DE 2022, QUE DISP\u00d5E SOBRE O PLANO DE CARGOS, CARREIRA E REMUNERA\u00c7\u00c3O DOS PROFISSIONAIS DA \u00c1REA DA SA\u00daDE DO MUNIC\u00cdPIO DE M\u00c2NCIO LIMA"}, {"id": "975", "ano": "2023", "numero": "545", "tipo__sigla": "LEI", "tipo__descricao": "Lei", "texto_integral": "http://sapl.manciolima.ac.leg.br/media/sapl/public/normajuridica/2023/975/23101300.pdf", "ementa": "DISPOE SOBRE A ALTERA\u00c7\u00c3O DO PLANO PLURIANUAL DO MUNICIPIO DE MANCIO LIMA - QUADRIENIO 2022-2025 E DA ABERTURA DE CREDITO ADICIONAL ESPECIAL NO OR\u00c7AMENTO VIGENTE E DA OUTRAS PROVIDENCIAS."}, {"id": "979", "ano": "2023", "numero": "544", "tipo__sigla": "LEI", "tipo__descricao": "Lei", "texto_integral": "http://sapl.manciolima.ac.leg.br/media/sapl/public/normajuridica/2023/979/18051500.pdf", "ementa": "AUTORIZA O EXECUTIVO MUNICIPAL A CONCEDER DESCONTO SOBRE JUROS, CORRE\u00c7\u00c3O E MULTAS DO IMPOSTO PREDIAL E TERRITORIAL URBANO IPTU E DA OUTRAS PROVIDENCIAS."}, {"id": "977", "ano": "2023", "numero": "543", "tipo__sigla": "LEI", "tipo__descricao": "Lei", "texto_integral": "http://sapl.manciolima.ac.leg.br/media/sapl/public/normajuridica/2023/977/24101300.pdf", "ementa": "DISPOE SOBRE A ALTERA\u00c7\u00c3O DO PLANO PLURIANUAL DO MUNICIPIO DE MANCIO LIMA - QUADRIENIO 2022-2025 E DA ABERTURA DE CREDIRTO ADICIONAL ESPECIAL NO OR\u00c7AMENTO VIGENTE E DA OUTRAS PROVIDENCIAS."}, {"id": "978", "ano": "2023", "numero": "542", "tipo__sigla": "LEI", "tipo__descricao": "Lei", "texto_integral": "http://sapl.manciolima.ac.leg.br/media/sapl/public/normajuridica/2023/978/24101300.pdf", "ementa": "ESTABELECE AS DIRETRIZES A SEREM OBSERVADAS NA ELABORA\u00c7\u00c3O E EXECU\u00c7\u00c3O DA LEI OR\u00c7AMENTARIA DO MUNICIPIO DE MANCIO LIMA, PARA O EXERCICIO FINANCEIRO DE 2024 E DA OUTRAS PROVIDENCIAS."}, {"id": "980", "ano": "2023", "numero": "547", "tipo__sigla": "LEI", "tipo__descricao": "Lei", "texto_integral": "http://sapl.manciolima.ac.leg.br/media/sapl/public/normajuridica/2023/980/24101300.pdf", "ementa": "ESTIMA A RECEITA E FIXA A DESPESA DO MUNICIPIO DE MANCIO LIMA - ACRE, PARA O EXERCICIO FINANCEIRO DE 2024 E DA OUTRAS PROVIDENCIAS."}, {"id": "976", "ano": "2023", "numero": "541", "tipo__sigla": "LEI", "tipo__descricao": "Lei", "texto_integral": "http://sapl.manciolima.ac.leg.br/media/sapl/public/normajuridica/2023/976/23101300.pdf", "ementa": "REGULAMENTA A ASSISTENCIA FINANCEIRA COMPLEMENTAR REPASSADA PELA UNIAO PARA FINS DE CUMPRIMENTO DO PISO NACIONAL DE ENFERMAGEM, EM CONFORMIDADE COM A LEI FEDERAL N\u00ba 14.434/2022."}, {"id": "973", "ano": "2023", "numero": "540", "tipo__sigla": "LEI", "tipo__descricao": "Lei", "texto_integral": "http://sapl.manciolima.ac.leg.br/media/sapl/public/normajuridica/2023/973/16081300.pdf", "ementa": "DISPOE SOBRE O TRANSPORTE REMUNERADO PRIVADO INDIVIDUAL DE PASSAGEIROS E DA OUTRAS PROVID\u00caNCIAS"}, {"id": "972", "ano": "2023", "numero": "537", "tipo__sigla": "LEI", "tipo__descricao": "Lei", "texto_integral": "http://sapl.manciolima.ac.leg.br/media/sapl/public/normajuridica/2023/972/27071300.pdf", "ementa": "DISPOE SOBRE A ALTERA\u00c7\u00c3O DO PLANO PLURIANUAL DO MUNICIPIO DE MANCIO LIMA - QUADRIENIO 2022-2025, E DA ABERTURA DE CREDITO ESPECIAL NO OR\u00c7AMENTO VIGENTE E DA OUTRAS PROVIDENCIAS."}, {"id": "968", "ano": "2023", "numero": "539", "tipo__sigla": "LEI", "tipo__descricao": "Lei", "texto_integral": "http://sapl.manciolima.ac.leg.br/media/sapl/public/normajuridica/2023/968/30051300.pdf", "ementa": "INSTITUI O PROJETO IDEB QUALIFICA MAIS NO AMBITO DA EDUCA\u00c7\u00c3O BASICA DO MUNICIPIO DE MANCIO LIMA E DA OUTRAS PROVIDENCIAS."}, {"id": "971", "ano": "2023", "numero": "536", "tipo__sigla": "LEI", "tipo__descricao": "Lei", "texto_integral": "http://sapl.manciolima.ac.leg.br/media/sapl/public/normajuridica/2023/971/30051305.pdf", "ementa": "DISPOE SOBRE A CRIA\u00c7AO E DENOMINA\u00c7AO DA CASA DE FARINHA VIDAL VIRGINIO NOGUEIRA LOCALIZADA NO MUNICIPIO DE MANCIO LIMA."}, {"id": "993", "ano": "2023", "numero": "535", "tipo__sigla": "LEI", "tipo__descricao": "Lei", "texto_integral": "http://sapl.manciolima.ac.leg.br/media/sapl/public/normajuridica/2023/993/lei_535.pdf", "ementa": "CONCEDE AUX\u00cdLIO-ALIMENTA\u00c7\u00c3O AOS SERVIDORES P\u00daBLICOS COMISSIONADOS OCUPANTES DOS CARGOS EM COMISS\u00c3O DE N\u00cdVEIS 1, 2, 3 E 4 DO MUNIC\u00cdPIO DE M\u00c2NCIO LIMA \u2013 AC"}, {"id": "988", "ano": "2023", "numero": "534", "tipo__sigla": "LEI", "tipo__descricao": "Lei", "texto_integral": "http://sapl.manciolima.ac.leg.br/media/sapl/public/normajuridica/2023/988/lei_534.pdf", "ementa": "CONCEDE AUXILIO ALIMENTA\u00c7\u00c3O AOS PROFISISONAIS EFETIVOS DOS GRUPOS 4 E 6 DO QUADRO DA SECRETARIA MUNICIPAL DE EDUCA\u00c7\u00c3O, CULTURA E DESP\u00d3RTO DO MUNICIPIO DE MANCIO LIMA - ACRE."}, {"id": "969", "ano": "2023", "numero": "533", "tipo__sigla": "LEI", "tipo__descricao": "Lei", "texto_integral": "http://sapl.manciolima.ac.leg.br/media/sapl/public/normajuridica/2023/969/30051310.pdf", "ementa": "DISPOE SOBRE A CRIA\u00c7\u00c3O E DENOMINA\u00c7\u00c3O DE PRA\u00c7A PUBLICA LOCALIZADA NO MUNICIPIO DE MANCIO LIMA."}, {"id": "990", "ano": "2023", "numero": "532", "tipo__sigla": "LEI", "tipo__descricao": "Lei", "texto_integral": "http://sapl.manciolima.ac.leg.br/media/sapl/public/normajuridica/2023/990/lei_532_altera_a_lei_municipal_484_de_22_de_fevereiro_de_2022.pdf", "ementa": "ALTERA A LEI MUNICIPAL 484, DE 22 DE FEVEREIRO DE 2022, QUE DISP\u00d5E SOBRE O PLANO DE CARGOS, CARREIRA E REMUNERA\u00c7\u00c3O DOS PROFISSIONAIS DA SECRETARIA MUNICIPAL DE EDUCA\u00c7\u00c3O, CULTURA E DESPORTO E D\u00c1 OUTRAS PROVID\u00caNCIAS."}, {"id": "992", "ano": "2023", "numero": "531", "tipo__sigla": "LEI", "tipo__descricao": "Lei", "texto_integral": "http://sapl.manciolima.ac.leg.br/media/sapl/public/normajuridica/2023/992/lei_530531.pdf", "ementa": "\u201cALTERA A LEI MUNICIPAL 487, DE 28 DE ABRIL DE 2022, QUE DISP\u00d5E SOBRE O PLANO DE CARGOS, CARREIRA E REMUNERA\u00c7\u00c3O DOS PROFISSIONAIS DA \u00c1REA DA SA\u00daDE DO MUNIC\u00cdPIO DE M\u00c2NCIO LIMA"}, {"id": "991", "ano": "2023", "numero": "530", "tipo__sigla": "LEI", "tipo__descricao": "Lei", "texto_integral": "http://sapl.manciolima.ac.leg.br/media/sapl/public/normajuridica/2023/991/lei_530531.pdf", "ementa": "ALTERA A LEI MUNICIPAL 484, DE 22 DE FEVEREIRO DE 2022, QUE DISP\u00d5E SOBRE O PLANO DE CARGOS, CARREIRA E REMUNERA\u00c7\u00c3O\r\nDOS PROFISSIONAIS DO QUADRO DA SECRETARIA MUNICIPAL DE EDUCA\u00c7\u00c3O, CULTURA E DESPORTO DO MUNIC\u00cdPIO DE M\u00c2NCIO LIMA"}, {"id": "948", "ano": "2023", "numero": "529", "tipo__sigla": "LEI", "tipo__descricao": "Lei", "texto_integral": "http://sapl.manciolima.ac.leg.br/media/sapl/public/normajuridica/2023/948/30031300.pdf", "ementa": "CONCEDE REVISAO GERAL ANUAL AOS VEREADORES, OBSERVADO O ART. 29, INCISO VI E VII, 29.A CAPUT E \u00a71\u00ba E ART. 37 X DA CONSTITUI\u00c7\u00c3O FEDERAL E AOS SERVIDORES EFETIVOS E COMISSIONADOS DO PODER LEGISLATIVO E DA OUTRAS PROVIDENCIAS"}, {"id": "970", "ano": "2023", "numero": "528", "tipo__sigla": "LEI", "tipo__descricao": "Lei", "texto_integral": "http://sapl.manciolima.ac.leg.br/media/sapl/public/normajuridica/2023/970/30051309.pdf", "ementa": "DISPOE SOBRE A ALTERA\u00c7AO DO PLANO PLURIANUAL DO MUNICIPIO DE MANCIO LIMA- QUADRIENIO 2022-2025, E DA ABERTURA DE CR\u00c9DITO ADICIONAL ESPECIAL NO OR\u00c7AMENTO VIGENTE, E D\u00c1 OUTRAS PROVIDENCIAS."}, {"id": "954", "ano": "2023", "numero": "4", "tipo__sigla": "DL", "tipo__descricao": "Decretos Legislativos", "texto_integral": "http://sapl.manciolima.ac.leg.br/media/sapl/public/normajuridica/2023/954/23031326.pdf", "ementa": "APROVA A PRESTA\u00c7\u00c3O DE CONTAS DO MUNICIPIO DE MANCIO LIMA, EXERCICIO FINANCEIRO DE 2015 DE RESPONSABILIDADE DO SENHOR CLEIDISON DE JESUS ROCHA"}, {"id": "953", "ano": "2023", "numero": "3", "tipo__sigla": "DL", "tipo__descricao": "Decretos Legislativos", "texto_integral": "http://sapl.manciolima.ac.leg.br/media/sapl/public/normajuridica/2023/953/23031325.pdf", "ementa": "APROVA A PRESTA\u00c7\u00c3O DE CONTAS DO MUNICIPIO DE MANCIO LIMA, EXERCICIO FINANCEIRO DE 2014 DE RESPONSABILIDADE DO SENHOR CLEIDISON DE JESUS ROCHA"}, {"id": "952", "ano": "2023", "numero": "2", "tipo__sigla": "DL", "tipo__descricao": "Decretos Legislativos", "texto_integral": "http://sapl.manciolima.ac.leg.br/media/sapl/public/normajuridica/2023/952/23031324.pdf", "ementa": "APROVA A PRESTA\u00c7\u00c3O DE CONTAS DO MUNICIPIO DE MANCIO LIMA, EXERCICIO FINANCEIRO DE 2013 DE RESPONSABILIDADE DO SENHOR CLEIDISON DE JESUS ROCHA"}, {"id": "981", "ano": "2023", "numero": "527", "tipo__sigla": "LEI", "tipo__descricao": "Lei", "texto_integral": "http://sapl.manciolima.ac.leg.br/media/sapl/public/normajuridica/2023/981/26101300.pdf", "ementa": "DISPOE SOBRE O PROTOCOLO DE INTEN\u00c7\u00d5ES COM A FINALIDADE DE INSTITUIR O CONSORCIO INTERMUNICIPAL DE COLETA, DESINA\u00c7\u00c3O E TRATAMENTO DE RESIDUOS SOLIDOS URBANOS E DA OUTRAS PROVIDENCIAS."}, {"id": "947", "ano": "2023", "numero": "526", "tipo__sigla": "LEI", "tipo__descricao": "Lei", "texto_integral": "http://sapl.manciolima.ac.leg.br/media/sapl/public/normajuridica/2023/947/16031313.pdf", "ementa": "DA NOVA REDA\u00c7\u00c3O A LEI N\u00ba 515/2022, DE 26 DE DEZEMBRO DE 2022 - QUE DISPOE SOBRE A ESTRUTURA ORGANIZACIONAL E ADMINISTRATIVA DO PODER EXECUTIVO DO MUNICIPIO DE MANCIO LIMA - AC."}, {"id": "876", "ano": "2023", "numero": "525", "tipo__sigla": "LEI", "tipo__descricao": "Lei", "texto_integral": "http://sapl.manciolima.ac.leg.br/media/sapl/public/normajuridica/2023/876/27021332.pdf", "ementa": "DISPOE SOBRE A ALTERA\u00c7\u00c3O DO PLANO PLURIANUAL DO MUNICIPIO DE MANCIO LIMA - QUADRIENIO 2022 - 2025, E DA ABERTURA DE CREDITO ADICIONAL ESPECIAL NO OR\u00c7AMENTO VIGENTE, E DA OUTRAS PROVIDENCIAS."}, {"id": "877", "ano": "2023", "numero": "524", "tipo__sigla": "LEI", "tipo__descricao": "Lei", "texto_integral": "http://sapl.manciolima.ac.leg.br/media/sapl/public/normajuridica/2023/877/27021331.pdf", "ementa": "DISPOE SOBRE A CRIA\u00c7\u00c3O DO CONSELHO MUNICIPAL DE MEIO AMBIENTE DO MUNICIPIO DE MANCIO LIMA E DA OUTRAS PROVIDENCIAS."}, {"id": "880", "ano": "2023", "numero": "523", "tipo__sigla": "LEI", "tipo__descricao": "Lei", "texto_integral": "http://sapl.manciolima.ac.leg.br/media/sapl/public/normajuridica/2023/880/28021331.pdf", "ementa": "AUTORIZA O PODER EXECUTIVO A CONTRATAR, EMERGENCIALMENTE, EM CARATER TEMPORARIO, PROFISSIONAIS PARA ATUAR NO AMBITO DA SECRETARIA MUNICIPAL DE EDUCA\u00c7\u00c3O, CULTURA E DESPORTO, PARA AS NECESSIDADES DA REDE PUBLICA MUNICIPAL DE ENSINO."}, {"id": "615", "ano": "2023", "numero": "522", "tipo__sigla": "LEI", "tipo__descricao": "Lei", "texto_integral": "http://sapl.manciolima.ac.leg.br/media/sapl/public/normajuridica/2023/615/03021301.pdf", "ementa": "DISPOE SOBRE A MUDAN\u00c7A DE DENOMINA\u00c7\u00c3O DA ESCOLA MUNICIPAL DE ENSINO INFANTIL E FUNDAMENTAL I - TENENTE BARBOSA PARA ESCOLA DE ENSINO INFANTIL E FUNDAMENTAL I, PROFESSORA MARIA ADALCY COSTA DE MATOS."}, {"id": "614", "ano": "2023", "numero": "521", "tipo__sigla": "LEI", "tipo__descricao": "Lei", "texto_integral": "http://sapl.manciolima.ac.leg.br/media/sapl/public/normajuridica/2023/614/03021300.pdf", "ementa": "ALTERA A LEI MUNICIPAL 484, DE 22 DE FEVEREIRO DE 2022, QUE DISPOE SOBRE O PLANO DE CARGOS, CARREIRA E REMUNERA\u00c7\u00c3O DOS PROFISSIONAIS DA SECRETARIA MUNICIPAL DE EDUCA\u00c7\u00c3O, CULTURA E DESPORTO E DA OUTRAS PROVIDENCIAS."}, {"id": "613", "ano": "2023", "numero": "520", "tipo__sigla": "LEI", "tipo__descricao": "Lei", "texto_integral": "http://sapl.manciolima.ac.leg.br/media/sapl/public/normajuridica/2023/613/03021301.pdf", "ementa": "ALTERA A LEI MUNICIPAL 487, DE 28 DE ABRIL DE 2022, QUE DISPOE SOBRE O PLANO DE CARGOS, CARREIRA E REMUNERA\u00c7\u00c3O DOS PROFISSIONAIS DA SECRETARIA MUNICIPAL DE SAUDE E DA OUTRAS PROVIDENCIAS."}, {"id": "609", "ano": "2023", "numero": "8", "tipo__sigla": "POR", "tipo__descricao": "Portarias", "texto_integral": "http://sapl.manciolima.ac.leg.br/media/sapl/public/normajuridica/2023/609/02021330.pdf", "ementa": "NOMEANDO A SENHORA JARMILA FERNANDES BRITO."}, {"id": "604", "ano": "2023", "numero": "7", "tipo__sigla": "POR", "tipo__descricao": "Portarias", "texto_integral": "http://sapl.manciolima.ac.leg.br/media/sapl/public/normajuridica/2023/604/02021335.pdf", "ementa": "NOMEANDO A COMISSAO DE LICITA\u00c7\u00c3O DE 2023 A 2024."}, {"id": "610", "ano": "2023", "numero": "519", "tipo__sigla": "LEI", "tipo__descricao": "Lei", "texto_integral": "http://sapl.manciolima.ac.leg.br/media/sapl/public/normajuridica/2023/610/02021329.pdf", "ementa": "ALTERA A LEI MUNICIPAL 484, DE 22 DE FEVEREIRO DE 2022, QUE DISPOE SOBRE O PLANO DE CARGOS, CARREIRA E REMUNERA\u00c7\u00c3O DOS PROFISSIONAIS DA SECRETARIA MUNICIPAL DE EDUCA\u00c7\u00c3O, CULTURA E DESPORTO E DA OUTRAS PROVIDENCIAS."}, {"id": "611", "ano": "2023", "numero": "6", "tipo__sigla": "POR", "tipo__descricao": "Portarias", "texto_integral": "http://sapl.manciolima.ac.leg.br/media/sapl/public/normajuridica/2023/611/02021310.pdf", "ementa": "NOMEANDO A SENHORA JOSIANE GUILHERME DE JESUS COMO CONTADORA DESTE LEGISLATIVO."}, {"id": "630", "ano": "2023", "numero": "5", "tipo__sigla": "PDD", "tipo__descricao": "Portarias de Diarias", "texto_integral": "http://sapl.manciolima.ac.leg.br/media/sapl/public/normajuridica/2023/630/07021352.pdf", "ementa": "CONCEDENDO DIARIA AO VEREADOR JOSE AMARISIO DA SILVA."}, {"id": "612", "ano": "2023", "numero": "518", "tipo__sigla": "LEI", "tipo__descricao": "Lei", "texto_integral": "http://sapl.manciolima.ac.leg.br/media/sapl/public/normajuridica/2023/612/03021300.pdf", "ementa": "DISPOE SOBRE A ALTERA\u00c7AO DA VIGENCIA DA LEI MUNICIPAL N 515, DE 26 DE DEZEMBRO DE 2022, QUE DISPOE SOBRE A ESTRUTURA ORGANIZACIONAL E ADMINISTRATIVA DO PODER EXECUTIVO DO MUNICIPIO DE MANCIO LIMA - AC."}, {"id": "607", "ano": "2023", "numero": "4", "tipo__sigla": "POR", "tipo__descricao": "Portarias", "texto_integral": "http://sapl.manciolima.ac.leg.br/media/sapl/public/normajuridica/2023/607/02021332.pdf", "ementa": "NOMEANDO A SENHORA MARIA ELIENE FERREIRA PEREIRA."}, {"id": "605", "ano": "2023", "numero": "3", "tipo__sigla": "POR", "tipo__descricao": "Portarias", "texto_integral": "http://sapl.manciolima.ac.leg.br/media/sapl/public/normajuridica/2023/605/02021334.pdf", "ementa": "NOMEANDO A SENHORA ELIZANGELA CRUZ DE LIMA."}, {"id": "606", "ano": "2023", "numero": "2", "tipo__sigla": "POR", "tipo__descricao": "Portarias", "texto_integral": "http://sapl.manciolima.ac.leg.br/media/sapl/public/normajuridica/2023/606/02021333.pdf", "ementa": "NOMEANDO O SENHOR EUSTAQUIO GUILHERME DE MELO FILHO."}, {"id": "608", "ano": "2023", "numero": "1", "tipo__sigla": "POR", "tipo__descricao": "Portarias", "texto_integral": "http://sapl.manciolima.ac.leg.br/media/sapl/public/normajuridica/2023/608/02021331.pdf", "ementa": "NOMEANDO O SENHOR JOSE WYTELON RODRIGUES DE OLIVEIRA."}, {"id": "549", "ano": "2022", "numero": "24", "tipo__sigla": "POR", "tipo__descricao": "Portarias", "texto_integral": "http://sapl.manciolima.ac.leg.br/media/sapl/public/normajuridica/2022/549/20011322.pdf", "ementa": "PORTARIA EXONERANDO MARIA ELIENE FERREIRA PEREIRA."}, {"id": "550", "ano": "2022", "numero": "23", "tipo__sigla": "POR", "tipo__descricao": "Portarias", "texto_integral": "http://sapl.manciolima.ac.leg.br/media/sapl/public/normajuridica/2022/550/20011321.pdf", "ementa": "PORTARIA EXONERANDO A SENHORA ELIZANGELA CRUZ DE LIMA."}, {"id": "551", "ano": "2022", "numero": "22", "tipo__sigla": "POR", "tipo__descricao": "Portarias", "texto_integral": "http://sapl.manciolima.ac.leg.br/media/sapl/public/normajuridica/2022/551/20011320.pdf", "ementa": "EXONERANDO O SENHOR EUSTAQUIO GUILHERME DE MELO FILHO"}, {"id": "552", "ano": "2022", "numero": "21", "tipo__sigla": "POR", "tipo__descricao": "Portarias", "texto_integral": "http://sapl.manciolima.ac.leg.br/media/sapl/public/normajuridica/2022/552/20011319.pdf", "ementa": "EXONERANDO O SENHOR JOSE WYTELON RODRIGUES DE OLIVEIRA."}, {"id": "573", "ano": "2022", "numero": "517", "tipo__sigla": "LEI", "tipo__descricao": "Lei", "texto_integral": "http://sapl.manciolima.ac.leg.br/media/sapl/public/normajuridica/2022/573/20011301.pdf", "ementa": "FIXA OS SUBSIDIOS DO PREFEITO, VICE-PREFEITO E DOS SECRETARIOS MUNICIPSAIS E DA OUTRAS PROVIDENCIAS."}, {"id": "572", "ano": "2022", "numero": "515", "tipo__sigla": "LEI", "tipo__descricao": "Lei", "texto_integral": "http://sapl.manciolima.ac.leg.br/media/sapl/public/normajuridica/2022/572/20011300.pdf", "ementa": "DISPOE SOBRE A ESTRUTURA ORGANIZACIONAL DO PODER EXECUTIVO DO MUNICIPIO DE MANCIO LIMA - AC."}, {"id": "521", "ano": "2022", "numero": "516", "tipo__sigla": "LEI", "tipo__descricao": "Lei", "texto_integral": "http://sapl.manciolima.ac.leg.br/media/sapl/public/normajuridica/2022/521/lei_516.pdf", "ementa": "AUTORIZA O PODER EXECUTIVO A ABRIR CREDITO ADICIONAL OR\u00c7AMENTARIO PARA ATENDIMENTO AS DESPESAS COM PESSOAL E DEMAIS DESPESAS, E DA OUTRAS PROVIDENCIAS."}, {"id": "520", "ano": "2022", "numero": "10", "tipo__sigla": "DL", "tipo__descricao": "Decretos Legislativos", "texto_integral": "http://sapl.manciolima.ac.leg.br/media/sapl/public/normajuridica/2022/520/08122201.pdf", "ementa": "APROVA A PRESTA\u00c7\u00c3O DE CONTAS DA CAMARA MUNICIPAL DE MANCIO LIMA, EXERCICIO FINANCEIRO DE 2016 DE RESPONSABILIDADE DA SENHORA ANGELEIDE SILVA LEITE COSTA."}, {"id": "519", "ano": "2022", "numero": "9", "tipo__sigla": "DL", "tipo__descricao": "Decretos Legislativos", "texto_integral": "http://sapl.manciolima.ac.leg.br/media/sapl/public/normajuridica/2022/519/08122200.pdf", "ementa": "APROVA A PRESTA\u00c7\u00c3O DE CONTAS DA PREFEITURA MUNICIPAL DE MANCIO LIMA, EXERCICIO DE 2019, DE RESPONSABILIDADE DO SENHOR ISAAC DE SOUZA LIMA."}, {"id": "539", "ano": "2022", "numero": "18", "tipo__sigla": "MO\u00c7", "tipo__descricao": "Mo\u00e7ao de Aplausos", "texto_integral": "http://sapl.manciolima.ac.leg.br/media/sapl/public/normajuridica/2022/539/17011307.pdf", "ementa": "MO\u00c7\u00c3O DE APLAUSOS AO SENHOR ZACARIAS DE LIMA RODRIGUES."}, {"id": "522", "ano": "2022", "numero": "17", "tipo__sigla": "MO\u00c7", "tipo__descricao": "Mo\u00e7ao de Aplausos", "texto_integral": "http://sapl.manciolima.ac.leg.br/media/sapl/public/normajuridica/2022/522/17011300.pdf", "ementa": "Mo\u00e7\u00e3o de Aplausos ao Senhor Osvaldo de Souza Araujo."}, {"id": "524", "ano": "2022", "numero": "16", "tipo__sigla": "MO\u00c7", "tipo__descricao": "Mo\u00e7ao de Aplausos", "texto_integral": "http://sapl.manciolima.ac.leg.br/media/sapl/public/normajuridica/2022/524/17011303.pdf", "ementa": "Mo\u00e7\u00e3o de Aplausos a Senhora Juranda Soares de Mendon\u00e7a."}, {"id": "523", "ano": "2022", "numero": "15", "tipo__sigla": "MO\u00c7", "tipo__descricao": "Mo\u00e7ao de Aplausos", "texto_integral": "http://sapl.manciolima.ac.leg.br/media/sapl/public/normajuridica/2022/523/17011302.pdf", "ementa": "Mo\u00e7\u00e3o de Aplausos a Senhora Evanilda Maia de Ara\u00fajo."}, {"id": "527", "ano": "2022", "numero": "14", "tipo__sigla": "MO\u00c7", "tipo__descricao": "Mo\u00e7ao de Aplausos", "texto_integral": "http://sapl.manciolima.ac.leg.br/media/sapl/public/normajuridica/2022/527/17011308.pdf", "ementa": "Mo\u00e7\u00e3o de Aplausos ao Senhor Geovanio Dias Silva e equipe DERACRE."}, {"id": "526", "ano": "2022", "numero": "13", "tipo__sigla": "MO\u00c7", "tipo__descricao": "Mo\u00e7ao de Aplausos", "texto_integral": "http://sapl.manciolima.ac.leg.br/media/sapl/public/normajuridica/2022/526/17011305.pdf", "ementa": "Mo\u00e7\u00e3o de Aplausos ao Senhor Jose amauri \"Sinhor, do DERACRE."}, {"id": "518", "ano": "2022", "numero": "514", "tipo__sigla": "LEI", "tipo__descricao": "Lei", "texto_integral": "http://sapl.manciolima.ac.leg.br/media/sapl/public/normajuridica/2022/518/lei_514.pdf", "ementa": "DISPOE SOBRE A AUTORIZA\u00c7\u00c3O PARA A DEMOLI\u00c7\u00c3O DE PREDIO PUBLICO COM ESTRUTURA DETERIORADA, PARA FINS DE CONSTRU\u00c7\u00c3O DE ESCOLA CRECHE INFANTIL"}, {"id": "517", "ano": "2022", "numero": "513", "tipo__sigla": "LEI", "tipo__descricao": "Lei", "texto_integral": "http://sapl.manciolima.ac.leg.br/media/sapl/public/normajuridica/2022/517/lei_513.pdf", "ementa": "ALTERA A LEI COMPLEMENTAR N\u00ba 487 DE 28 DE ABRIL DE 2022 QUE INSTITUIU O PLANO DE CARGOS, CARREIRA E REMUNERA\u00c7\u00c3O DOS PROFISSIONAIS DA SAUDE DO MUNICIPIO DE MANCIO LIMA - AC."}, {"id": "516", "ano": "2022", "numero": "512", "tipo__sigla": "LEI", "tipo__descricao": "Lei", "texto_integral": "http://sapl.manciolima.ac.leg.br/media/sapl/public/normajuridica/2022/516/lei_512.pdf", "ementa": "ESTIMA A RECEITA E FIXA A DESPESA DO MUNICIPIO DE MANCIO LIMA - ACRE PARA O EXERCICIO FINANCEIRO DE 2023 E DA OUTRAS PROVIDENCIAS."}, {"id": "553", "ano": "2022", "numero": "20", "tipo__sigla": "PDD", "tipo__descricao": "Portarias de Diarias", "texto_integral": "http://sapl.manciolima.ac.leg.br/media/sapl/public/normajuridica/2022/553/20011318.pdf", "ementa": "CONCEDENDO 5 DIARIAS AO SENHOR JOSE WYTELON RODRIGUES DE OLIVEIRA."}, {"id": "515", "ano": "2022", "numero": "511", "tipo__sigla": "LEI", "tipo__descricao": "Lei", "texto_integral": "http://sapl.manciolima.ac.leg.br/media/sapl/public/normajuridica/2022/515/lei_511.pdf", "ementa": "Institui o Feriado Municipal, dia do Festival Ats\u00e1 Puyanawa (festival da macaxeira), a ser comemorado no dia 18 do m\u00eas de julho de cada ano"}, {"id": "525", "ano": "2022", "numero": "12", "tipo__sigla": "MO\u00c7", "tipo__descricao": "Mo\u00e7ao de Aplausos", "texto_integral": "http://sapl.manciolima.ac.leg.br/media/sapl/public/normajuridica/2022/525/17011304.pdf", "ementa": "Mo\u00e7\u00e3o de Aplausos a equipe da Mancio Lima Futebol Master."}, {"id": "554", "ano": "2022", "numero": "19", "tipo__sigla": "PDD", "tipo__descricao": "Portarias de Diarias", "texto_integral": "http://sapl.manciolima.ac.leg.br/media/sapl/public/normajuridica/2022/554/20011317.pdf", "ementa": "CONCEDENDO 02 DIARIAS AO VEREADOR RAIMUNDO ALENCAR DE MORAIS."}, {"id": "483", "ano": "2022", "numero": "510", "tipo__sigla": "LEI", "tipo__descricao": "Lei", "texto_integral": "http://sapl.manciolima.ac.leg.br/media/sapl/public/normajuridica/2022/483/lei_510.pdf", "ementa": "ALTERA A LEI MUNICIPAL N\u00ba 312 DE 05 DE ABRIL DE 2013, QUE DISPOE SOBRE A ESTRUTURA ORGANIZACIONAL DA PREFEITRURA DE MANCIO LIMA - ACRE."}, {"id": "485", "ano": "2022", "numero": "509", "tipo__sigla": "LEI", "tipo__descricao": "Lei", "texto_integral": "http://sapl.manciolima.ac.leg.br/media/sapl/public/normajuridica/2022/485/lei_509.pdf", "ementa": "ESTABELECE AS DIRETRIZES A SEREM OBSERVADAS NA ELABORA\u00c7\u00c3O E EXECU\u00c7\u00c3O DA LEI OR\u00c7AMENTARIA DO MUNICIPIO DE MANCIO LIMA, PARA O EXERCICIO FINANCEIRO DE 2023 E DA OUTRAS PROVIDENCIAS."}, {"id": "490", "ano": "2022", "numero": "508", "tipo__sigla": "LEI", "tipo__descricao": "Lei", "texto_integral": "http://sapl.manciolima.ac.leg.br/media/sapl/public/normajuridica/2022/490/lei_508.pdf", "ementa": "ALTERA AS LEIS MUNICIPAIS 484, DE 22 DE FEVEREIRO DE 2022 E 503 DE 01 DE JULHO DE 2022, QUE DISPOEM SOBRE O PLANO DE CARGOS, CARREIRA E REMUNERA\u00c7\u00c3O DOS PROFISSIONAIS DA SECRETARIA MUNICIPAL DE EDUCA\u00c7\u00c3O, CULTURA E DESPORTO E DA OUTRAS PROVIDENCIAS."}, {"id": "571", "ano": "2022", "numero": "18", "tipo__sigla": "PDD", "tipo__descricao": "Portarias de Diarias", "texto_integral": "http://sapl.manciolima.ac.leg.br/media/sapl/public/normajuridica/2022/571/20011300.pdf", "ementa": "CONCEDENDO 7 DIARIAS AO VEREADOR RENAN DA COSTA SILVA."}, {"id": "555", "ano": "2022", "numero": "17", "tipo__sigla": "PDD", "tipo__descricao": "Portarias de Diarias", "texto_integral": "http://sapl.manciolima.ac.leg.br/media/sapl/public/normajuridica/2022/555/20011316.pdf", "ementa": "CONCEDENDO 03 DIARIAS AO VEREADOR JEAN DE ALMEIDA FIGUEIREDO."}, {"id": "556", "ano": "2022", "numero": "16", "tipo__sigla": "PDD", "tipo__descricao": "Portarias de Diarias", "texto_integral": "http://sapl.manciolima.ac.leg.br/media/sapl/public/normajuridica/2022/556/20011315.pdf", "ementa": "CONCEDENDO 06 DIARIAS AO VEREADOR JOSE AMARISIO DA SILVA"}, {"id": "488", "ano": "2022", "numero": "507", "tipo__sigla": "LEI", "tipo__descricao": "Lei", "texto_integral": "http://sapl.manciolima.ac.leg.br/media/sapl/public/normajuridica/2022/488/lei_507.pdf", "ementa": "DISPOE SOBRE A ALTERA\u00c7\u00c3O DO PLANO PLURIANUAL DO MUNICIPIO DE MANCIO LIMA - QUADRIENIO 2022-2025, E DA ABERTURA DE CREDITO ADICIONAL ESPECIAL DO OR\u00c7AMENTO VIGENTE E DA OUTRAS PROVIDENCIAS."}, {"id": "489", "ano": "2022", "numero": "506", "tipo__sigla": "LEI", "tipo__descricao": "Lei", "texto_integral": "http://sapl.manciolima.ac.leg.br/media/sapl/public/normajuridica/2022/489/leo_506.pdf", "ementa": "DISPOE SOBRE A ALTERA\u00c7\u00c3O DO PLANO PLURIANUAL DO MUNICIPIO DE MANCIO LIMA - QUADRIENIO 2022-2025, E DA ABERTURA DE CREDITO ADICIONAL ESPECIAL DO OR\u00c7AMENTO VIGENTE E DA OUTRAS PROVIDENCIAS."}, {"id": "487", "ano": "2022", "numero": "505", "tipo__sigla": "LEI", "tipo__descricao": "Lei", "texto_integral": "http://sapl.manciolima.ac.leg.br/media/sapl/public/normajuridica/2022/487/lei_505.pdf", "ementa": "DISPOE SOBRE A ALTERA\u00c7\u00c3O DO PLANO PLURIANUAL DO MUNICIPIO DE MANCIO LIMA - QUADRIENIO 2022 - 2025, E DA ABERTURA DE CREDITO ADICIONAL ESPECIAL NO OR\u00c7AMENTO VIGENTE E DA OUTRAS PROVIDENCIAS."}, {"id": "484", "ano": "2022", "numero": "504", "tipo__sigla": "LEI", "tipo__descricao": "Lei", "texto_integral": "http://sapl.manciolima.ac.leg.br/media/sapl/public/normajuridica/2022/484/lei_504.pdf", "ementa": "DISPOE SOBRE A ALTERA\u00c7\u00c3O DO PLANO PLURIANUAL DO MUNICIPIO DE MANCIO LIMA - QUADRIENIO 2022-2025, E DA ABERTURA DE CREDITO ADICIONAL ESPECIAL NO OR\u00c7AMENTO VIGENTE E D\u00c1 OUTRAS PROVIDENCIAS."}, {"id": "557", "ano": "2022", "numero": "15", "tipo__sigla": "PDD", "tipo__descricao": "Portarias de Diarias", "texto_integral": "http://sapl.manciolima.ac.leg.br/media/sapl/public/normajuridica/2022/557/20011314.pdf", "ementa": "CONCEDENDO 4 DIARIAS AO VEREADOR JOSE DE SOUZA MENESES."}, {"id": "558", "ano": "2022", "numero": "14", "tipo__sigla": "PDD", "tipo__descricao": "Portarias de Diarias", "texto_integral": "http://sapl.manciolima.ac.leg.br/media/sapl/public/normajuridica/2022/558/20011313.pdf", "ementa": "CONCEDENDO 4 DIARIAS AO VEREADOR JOEL FEREIRA LIMA."}, {"id": "559", "ano": "2022", "numero": "13", "tipo__sigla": "PDD", "tipo__descricao": "Portarias de Diarias", "texto_integral": "http://sapl.manciolima.ac.leg.br/media/sapl/public/normajuridica/2022/559/20011312.pdf", "ementa": "CONCEDENDO 02 DIARIAS PARA A VEREADORA ALICE ROCHA DE SOUZA."}, {"id": "482", "ano": "2022", "numero": "503", "tipo__sigla": "LEI", "tipo__descricao": "Lei", "texto_integral": "http://sapl.manciolima.ac.leg.br/media/sapl/public/normajuridica/2022/482/lei_503.pdf", "ementa": "ALTERA A LEI N\u00ba 484 DE 22 DE FEVEREIRO DE 2022, QUE INSTITUI O PLANO DE CARGOS, CARREIRA E REMUNERA\u00c7\u00c3O DOS PROFISSIONAIS DA EDUCA\u00c7\u00c3O DO MUNICIPIO DE MANCIO LIMA - ACRE"}, {"id": "486", "ano": "2022", "numero": "502", "tipo__sigla": "LEI", "tipo__descricao": "Lei", "texto_integral": "http://sapl.manciolima.ac.leg.br/media/sapl/public/normajuridica/2022/486/20102206.pdf", "ementa": "AUTORIZA O PODER EXECUTIVO A PROMOVER LEILAO PARA ALIENAR BENS E SUCATAS INSERVIVEIS DE PROPRIEDADE DA PREFEITURA MUNICIPAL E DA OUTRAS PROVIDENCIAS."}, {"id": "547", "ano": "2022", "numero": "8", "tipo__sigla": "DL", "tipo__descricao": "Decretos Legislativos", "texto_integral": "http://sapl.manciolima.ac.leg.br/media/sapl/public/normajuridica/2022/547/18011303.pdf", "ementa": "CONCEDE TITULO DE CIDADAO MANCIOLIMENSE AO SENHOR ROBSON LUIZ FREITAS DO VALE"}, {"id": "474", "ano": "2022", "numero": "501", "tipo__sigla": "LEI", "tipo__descricao": "Lei", "texto_integral": "http://sapl.manciolima.ac.leg.br/media/sapl/public/normajuridica/2022/474/lei_501.pdf", "ementa": "AUTORIZA O PODER EXECUTIVO A DOAR UMA AREA DE TERRAS SITUADA A RUA CORONEL JOSE CASTRO DE ARAUJO, BAIRRO SAO FRANCISCO, NESTE MUNICIPIO DE MANCIO LIMA."}, {"id": "473", "ano": "2022", "numero": "500", "tipo__sigla": "LEI", "tipo__descricao": "Lei", "texto_integral": "http://sapl.manciolima.ac.leg.br/media/sapl/public/normajuridica/2022/473/lei_500.pdf", "ementa": "AUTORIZA O PODER EXECUTIVO A CRIAR TRES NOVAS CONCESSOES DE TRANSPORTE ALTERNATIVO DE PASSAGEIROS."}, {"id": "472", "ano": "2022", "numero": "499", "tipo__sigla": "LEI", "tipo__descricao": "Lei", "texto_integral": "http://sapl.manciolima.ac.leg.br/media/sapl/public/normajuridica/2022/472/lei_499.pdf", "ementa": "AUTORIZA O PODER EXECUTIVO MUNICIPAL A DOAR UMA AREA DE TERRAS SITUADA A AVENIDA JAIIM, BAIRRO JOSE MARTINS, NESTE MUNICIPIO DE MANCIO LIMA"}, {"id": "480", "ano": "2022", "numero": "497", "tipo__sigla": "LEI", "tipo__descricao": "Lei", "texto_integral": "http://sapl.manciolima.ac.leg.br/media/sapl/public/normajuridica/2022/480/lei_497.pdf", "ementa": "ALTERA A LEI 488/2022 DE 28 DE ABRIL DE 2022, QUE INSTITUIU O PLANO DE CARGOS, CARREIRA E REMUNERA\u00c7\u00c3O DOS PROFFISIONAIS DA ADMINISTRA\u00c7\u00c3O DO MUNICIPIO DE MANCIO LIMA - AC."}, {"id": "481", "ano": "2022", "numero": "496", "tipo__sigla": "LEI", "tipo__descricao": "Lei", "texto_integral": "http://sapl.manciolima.ac.leg.br/media/sapl/public/normajuridica/2022/481/lei_496.pdf", "ementa": "ALTERA A LEI N\u00ba 484 DE 22 DE FEVEREIRO DE 2022, QUE INSTITUI O PLANO DE CARGOS, CARREIRA E SALARIOS DOS PROFISSIONAIS DA EDUCA\u00c7AO DO MUNICIPIO DE MANCIO LIMA."}, {"id": "478", "ano": "2022", "numero": "495", "tipo__sigla": "LEI", "tipo__descricao": "Lei", "texto_integral": "http://sapl.manciolima.ac.leg.br/media/sapl/public/normajuridica/2022/478/lei_495.pdf", "ementa": "DISPOE SOBRE A CRIA\u00c7\u00c3O E DENOMINA\u00c7\u00c3O DO CENTRO DE MULYIUSO PROFESSORA HILDEGARDES ARAUJO RODRIGUES."}, {"id": "477", "ano": "2022", "numero": "494", "tipo__sigla": "LEI", "tipo__descricao": "Lei", "texto_integral": "http://sapl.manciolima.ac.leg.br/media/sapl/public/normajuridica/2022/477/lei_494.pdf", "ementa": "DISPOE SOBRE A CRIA\u00c7\u00c3O E DENOMINA\u00c7\u00c3O DE QUADRA POLIESPORTIVA SITUADA NA COMUNIDADE BELO MONTE MONTE E DA OUTRAS PROVIDENCIAS."}, {"id": "476", "ano": "2022", "numero": "493", "tipo__sigla": "LEI", "tipo__descricao": "Lei", "texto_integral": "http://sapl.manciolima.ac.leg.br/media/sapl/public/normajuridica/2022/476/lei_493.pdf", "ementa": "DISPOE SOBRE A CRIA\u00c7\u00c3O E DENOMINA\u00c7\u00c3O DE GINASIO POLIESPORTIVO NO BAIRRO GUARANI E DA OUTRAS PROVIDENCIAS."}, {"id": "475", "ano": "2022", "numero": "492", "tipo__sigla": "LEI", "tipo__descricao": "Lei", "texto_integral": "http://sapl.manciolima.ac.leg.br/media/sapl/public/normajuridica/2022/475/lei_492.pdf", "ementa": "DISPOE SOBRE A CRIA\u00c7\u00c3O E DENOMINA\u00c7\u00c3O DE QUADRA POLIESPORTIVA SITUADA NO RAMAL DOS VIRGINIUS E DA OUTRAS PROVIDENCIAS."}, {"id": "534", "ano": "2022", "numero": "11", "tipo__sigla": "MO\u00c7", "tipo__descricao": "Mo\u00e7ao de Aplausos", "texto_integral": "http://sapl.manciolima.ac.leg.br/media/sapl/public/normajuridica/2022/534/17011316.pdf", "ementa": "Mo\u00e7\u00e3o de Aplausos aos ex prefeitos do Munic\u00edpio de M\u00e2ncio Lima - Acre."}, {"id": "528", "ano": "2022", "numero": "10", "tipo__sigla": "MO\u00c7", "tipo__descricao": "Mo\u00e7ao de Aplausos", "texto_integral": "http://sapl.manciolima.ac.leg.br/media/sapl/public/normajuridica/2022/528/17011310.pdf", "ementa": "Mo\u00e7\u00e3o de Aplausos a Senhora Francisca Miriam Mar\u00e7al de Souza \"Tozinha\"."}, {"id": "530", "ano": "2022", "numero": "9", "tipo__sigla": "MO\u00c7", "tipo__descricao": "Mo\u00e7ao de Aplausos", "texto_integral": "http://sapl.manciolima.ac.leg.br/media/sapl/public/normajuridica/2022/530/17011312.pdf", "ementa": "Mo\u00e7\u00e3o de Aplausos a Senhora Rosenildes Marques de Almeida."}, {"id": "531", "ano": "2022", "numero": "8", "tipo__sigla": "MO\u00c7", "tipo__descricao": "Mo\u00e7ao de Aplausos", "texto_integral": "http://sapl.manciolima.ac.leg.br/media/sapl/public/normajuridica/2022/531/17011313.pdf", "ementa": "Mo\u00e7\u00e3o de Aplausos ao Senhor Luiz Carlos Nascimento."}, {"id": "540", "ano": "2022", "numero": "7", "tipo__sigla": "DL", "tipo__descricao": "Decretos Legislativos", "texto_integral": "http://sapl.manciolima.ac.leg.br/media/sapl/public/normajuridica/2022/540/17011324.pdf", "ementa": "CONCEDE TITULO DE CIDADAO MANCIOLIMENSE A SENHORA MARIA APARECIDA GOMES DE SOUZA MONTE."}, {"id": "532", "ano": "2022", "numero": "7", "tipo__sigla": "MO\u00c7", "tipo__descricao": "Mo\u00e7ao de Aplausos", "texto_integral": "http://sapl.manciolima.ac.leg.br/media/sapl/public/normajuridica/2022/532/17011314.pdf", "ementa": "Mo\u00e7\u00e3o de Aplausos a Senhora Maria da Costa Vintura."}, {"id": "533", "ano": "2022", "numero": "6", "tipo__sigla": "MO\u00c7", "tipo__descricao": "Mo\u00e7ao de Aplausos", "texto_integral": "http://sapl.manciolima.ac.leg.br/media/sapl/public/normajuridica/2022/533/17011315.pdf", "ementa": "Mo\u00e7\u00e3o de Aplausos a senhora Gloria Maria Rebou\u00e7as Machado."}, {"id": "545", "ano": "2022", "numero": "6", "tipo__sigla": "DL", "tipo__descricao": "Decretos Legislativos", "texto_integral": "http://sapl.manciolima.ac.leg.br/media/sapl/public/normajuridica/2022/545/17011329.pdf", "ementa": "CONCEDE TITULO DE CIDADAO MANCIOLIMENSE AO SENHOR AIRTON DE FREITAS PASCOA."}, {"id": "544", "ano": "2022", "numero": "5", "tipo__sigla": "DL", "tipo__descricao": "Decretos Legislativos", "texto_integral": "http://sapl.manciolima.ac.leg.br/media/sapl/public/normajuridica/2022/544/17011328.pdf", "ementa": "CONCEDE TITULO DE CIDADAO MANCIOLIMENSE AO SENHOR ANTONIO JOAQUIM DE OLIVEIRA NETO."}, {"id": "543", "ano": "2022", "numero": "4", "tipo__sigla": "DL", "tipo__descricao": "Decretos Legislativos", "texto_integral": "http://sapl.manciolima.ac.leg.br/media/sapl/public/normajuridica/2022/543/17011327.pdf", "ementa": "CONCEDE TITULO DE CIDADAO MANCIOLIMENSE AO SENHOR MARIOZAN NUNES FERREIRA."}, {"id": "542", "ano": "2022", "numero": "3", "tipo__sigla": "DL", "tipo__descricao": "Decretos Legislativos", "texto_integral": "http://sapl.manciolima.ac.leg.br/media/sapl/public/normajuridica/2022/542/17011326.pdf", "ementa": "CONCEDE TITULO DE CIDADAO MANCIOLIMENSE A SENHORA ROCILDA DA COSTA MENDON\u00c7A."}, {"id": "541", "ano": "2022", "numero": "2", "tipo__sigla": "DL", "tipo__descricao": "Decretos Legislativos", "texto_integral": "http://sapl.manciolima.ac.leg.br/media/sapl/public/normajuridica/2022/541/17011325.pdf", "ementa": "CONCEDE TITULO DE CIDAD\u00c3O MANCIOLIMENSE AO SENHOR JOS\u00c9 ANILDO ROCHA (GORDO)."}, {"id": "479", "ano": "2022", "numero": "498", "tipo__sigla": "LEI", "tipo__descricao": "Lei", "texto_integral": "http://sapl.manciolima.ac.leg.br/media/sapl/public/normajuridica/2022/479/lei_498.pdf", "ementa": "ALTERA A LEI 487/2022, DE 28 DE ABRIL DE 2022, QUE INSITUIU O PLANO DE CARGOS, CARREIRA E REMUNERA\u00c7\u00c3O DOS PROFISSIONAIS DA SAUDE DO MUNICIPIO DE MANCIO LIMA - AC."}, {"id": "895", "ano": "2015", "numero": "13", "tipo__sigla": "DL", "tipo__descricao": "Decretos Legislativos", "texto_integral": "http://sapl.manciolima.ac.leg.br/media/sapl/public/normajuridica/2015/895/01031328.pdf", "ementa": "CONCEDE TITULO DE CIDADAO MANCIOLIMENSE A SENHORA MARIA JANETE ARAUJO MELO"}, {"id": "560", "ano": "2022", "numero": "12", "tipo__sigla": "PDD", "tipo__descricao": "Portarias de Diarias", "texto_integral": "http://sapl.manciolima.ac.leg.br/media/sapl/public/normajuridica/2022/560/20011311.pdf", "ementa": "CONCEDENDO 04 DIARIAS AO SERVIDOR JOSE WYTELON RODRIGUES DE OLIVEIRA."}, {"id": "491", "ano": "2022", "numero": "491", "tipo__sigla": "LEI", "tipo__descricao": "Lei", "texto_integral": "http://sapl.manciolima.ac.leg.br/media/sapl/public/normajuridica/2022/491/491.pdf", "ementa": "CONCEDE A REVISAO GERAL ANUAL DOS SUBSIDIOS DO PREFEITO, VICE-PREFEITO E DOS SECRETARIOS MUNICIPAIS DE MANCIO LIMA E DA OUTRAS PROVIDENCIAS."}, {"id": "561", "ano": "2022", "numero": "11", "tipo__sigla": "PDD", "tipo__descricao": "Portarias de Diarias", "texto_integral": "http://sapl.manciolima.ac.leg.br/media/sapl/public/normajuridica/2022/561/20011310.pdf", "ementa": "CONCEDENDO 3 DIARIAS AO VEREADOR VLADIMIR VASCONCELOS DA ROCHA."}, {"id": "471", "ano": "2022", "numero": "490", "tipo__sigla": "LEI", "tipo__descricao": "Lei", "texto_integral": "http://sapl.manciolima.ac.leg.br/media/sapl/public/normajuridica/2022/471/lei_490.pdf", "ementa": "DISPOE SOBRE A PRORROGA\u00c7\u00c3O EXCEPCIONAL DE VALIDADE DE PROCESSO SELETIVO SIMPLIFICADO VIGENTE."}, {"id": "469", "ano": "2022", "numero": "489", "tipo__sigla": "LEI", "tipo__descricao": "Lei", "texto_integral": "http://sapl.manciolima.ac.leg.br/media/sapl/public/normajuridica/2022/469/lei_489.pdf", "ementa": "CONCEDE AUXILIO ALIMENTA\u00c7\u00c3O AOS SERVIDORES PUBLICOS COMISSIONADOS DO MUNICIPIO DE MANCIO LIMA - AC."}, {"id": "465", "ano": "2022", "numero": "488", "tipo__sigla": "LEI", "tipo__descricao": "Lei", "texto_integral": "http://sapl.manciolima.ac.leg.br/media/sapl/public/normajuridica/2022/465/lei_488.pdf", "ementa": "DISPOE SOBRE O PLANO DE CARGOS, CARREIRA E REMUNERA\u00c7\u00c3O PCCR DOS PROFISSIONAIS DO QUADRO ADMINISTRATIVO DO MUNICIPIO DE MANCIO LIMA - AC E ADOTA OUTRAS PROVIDENCIAS"}, {"id": "466", "ano": "2022", "numero": "487", "tipo__sigla": "LEI", "tipo__descricao": "Lei", "texto_integral": "http://sapl.manciolima.ac.leg.br/media/sapl/public/normajuridica/2022/466/lei_487.pdf", "ementa": "DISPOE SOBRE O PLANO DE CARGOS, CARREIRA E REMUNERA\u00c7\u00c3O DOS PROFISSIONAIS DA SAUDE DO MUNICIPIO DE MANCIO LIMA E ADOTA OUTRAS PROVIDENCIAS."}, {"id": "538", "ano": "2022", "numero": "5", "tipo__sigla": "MO\u00c7", "tipo__descricao": "Mo\u00e7ao de Aplausos", "texto_integral": "http://sapl.manciolima.ac.leg.br/media/sapl/public/normajuridica/2022/538/17011306.pdf", "ementa": "MO\u00c7\u00c3O DE APLAUSOS AO SENHOR JORGE CONSTANT"}, {"id": "535", "ano": "2022", "numero": "4", "tipo__sigla": "MO\u00c7", "tipo__descricao": "Mo\u00e7ao de Aplausos", "texto_integral": "http://sapl.manciolima.ac.leg.br/media/sapl/public/normajuridica/2022/535/17011303.pdf", "ementa": "MO\u00c7\u00c3O DE APLAUSOS AO SENHOR DJALMARINO CORREIA DE SOUZA."}, {"id": "536", "ano": "2022", "numero": "3", "tipo__sigla": "MO\u00c7", "tipo__descricao": "Mo\u00e7ao de Aplausos", "texto_integral": "http://sapl.manciolima.ac.leg.br/media/sapl/public/normajuridica/2022/536/17011304.pdf", "ementa": "MO\u00c7\u00c3O DE APLAUSOS AO SENHOR JOSE DE LIMA."}, {"id": "537", "ano": "2022", "numero": "2", "tipo__sigla": "MO\u00c7", "tipo__descricao": "Mo\u00e7ao de Aplausos", "texto_integral": "http://sapl.manciolima.ac.leg.br/media/sapl/public/normajuridica/2022/537/17011305.pdf", "ementa": "MO\u00c7\u00c3O DE APLAUSOS AO SENHOR LUIS CORREIA."}, {"id": "546", "ano": "2022", "numero": "1", "tipo__sigla": "DL", "tipo__descricao": "Decretos Legislativos", "texto_integral": "http://sapl.manciolima.ac.leg.br/media/sapl/public/normajuridica/2022/546/18011301.pdf", "ementa": "APROVA A PRESTA\u00c7\u00c3O DE CONTAS DO MUNICIPIO DE MANCIO LIMA, EXERCICIO FINANCEIRO DE 2017 DO RESPONSABILIDADE DO SENHOR ISAAC DE SOUZA LIMA."}, {"id": "562", "ano": "2022", "numero": "10", "tipo__sigla": "PDD", "tipo__descricao": "Portarias de Diarias", "texto_integral": "http://sapl.manciolima.ac.leg.br/media/sapl/public/normajuridica/2022/562/20011309.pdf", "ementa": "CONCEDENDO 4 DIARIAS AO VEREADOR JOSE AMARISIO DA SILVA."}, {"id": "548", "ano": "2022", "numero": "9", "tipo__sigla": "PDD", "tipo__descricao": "Portarias de Diarias", "texto_integral": "http://sapl.manciolima.ac.leg.br/media/sapl/public/normajuridica/2022/548/20011323.pdf", "ementa": "PORTARIA DE DIARIAS N\u00ba 09/2022"}, {"id": "563", "ano": "2022", "numero": "8", "tipo__sigla": "PDD", "tipo__descricao": "Portarias de Diarias", "texto_integral": "http://sapl.manciolima.ac.leg.br/media/sapl/public/normajuridica/2022/563/20011308.pdf", "ementa": "CONCEDENDO 02 DIARIAS AO VEREADOR EVANDRO DA SILVA NASCIMENTO."}, {"id": "464", "ano": "2022", "numero": "486", "tipo__sigla": "LEI", "tipo__descricao": "Lei", "texto_integral": "http://sapl.manciolima.ac.leg.br/media/sapl/public/normajuridica/2022/464/lei_486.pdf", "ementa": "CONCEDE REVIS\u00c3O GERAL ANUAL AOS VEREADORES, OBSERVADO O DISPOSTO NO ART. 29, INCISO VI E VII, 29.A, CAPUT E \u00a7 1\u00ba, E ART. 37, XI, DA CONSTITUI\u00c7\u00c3O FEDERAL E AOS SERVIDORES EFETIVOS E COMISSIONADOS DO PODER LEGISLATIVO E D\u00c1 OUTRAS PROVID\u00caNCIAS."}, {"id": "564", "ano": "2022", "numero": "7", "tipo__sigla": "PDD", "tipo__descricao": "Portarias de Diarias", "texto_integral": "http://sapl.manciolima.ac.leg.br/media/sapl/public/normajuridica/2022/564/20011307.pdf", "ementa": "CONCEDENDO 4 DIARIAS AO VEREADOR OZANIR OLIVEIRA DIAS."}, {"id": "467", "ano": "2022", "numero": "485", "tipo__sigla": "LEI", "tipo__descricao": "Lei", "texto_integral": "http://sapl.manciolima.ac.leg.br/media/sapl/public/normajuridica/2022/467/lei_485.pdf", "ementa": "ALTERA O NOME DA ESCOLA VENINA BATISTA SIQUEIRA PARA ESCOLA BRAULINO VIEIRA DE ALENCAR."}, {"id": "529", "ano": "2022", "numero": "1", "tipo__sigla": "MO\u00c7", "tipo__descricao": "Mo\u00e7ao de Aplausos", "texto_integral": "http://sapl.manciolima.ac.leg.br/media/sapl/public/normajuridica/2022/529/17011311.pdf", "ementa": "Mo\u00e7\u00e3o de Aplausos ao Governador do Estado Gladson Cameli."}, {"id": "463", "ano": "2022", "numero": "484", "tipo__sigla": "LEI", "tipo__descricao": "Lei", "texto_integral": "http://sapl.manciolima.ac.leg.br/media/sapl/public/normajuridica/2022/463/lei_484.pdf", "ementa": "DISPOE SOBRE O PLANO DE CARGOS, CARREIRA E REMUNERA\u00c7\u00c3O PCCR DOS PROFISSIONAIS DO QUADRO DA SECRETARIA MUNICIPAL DE EDUCA\u00c7\u00c3O, CULTURA E DESPORTO DO MUNICIPIO DE MANCIO LIMA - AC E ADOTA OUTRAS PROVIDENCIAS."}, {"id": "470", "ano": "2022", "numero": "483", "tipo__sigla": "LEI", "tipo__descricao": "Lei", "texto_integral": "http://sapl.manciolima.ac.leg.br/media/sapl/public/normajuridica/2022/470/lei_483.pdf", "ementa": "AUTORIZA O PODER EXECUTIVO A PROCEDER COM A CONTRATA\u00c7\u00c3O DE MEDICOS, EM CARATER DE URGENCIA, POR TEMPO DETERMINADO NA MODALIDADE DE PLANTAO PARA ATENDIMENTO NA UNIDADE BASICA DE SAUDE DE REFERENCIA CONTRA COVID19."}, {"id": "565", "ano": "2022", "numero": "6", "tipo__sigla": "PDD", "tipo__descricao": "Portarias de Diarias", "texto_integral": "http://sapl.manciolima.ac.leg.br/media/sapl/public/normajuridica/2022/565/20011306.pdf", "ementa": "CONCEDENDO 02 DIARIAS AO SENHOR RAIMUNDO ALENCAR DE MORAIS."}, {"id": "566", "ano": "2022", "numero": "5", "tipo__sigla": "PDD", "tipo__descricao": "Portarias de Diarias", "texto_integral": "http://sapl.manciolima.ac.leg.br/media/sapl/public/normajuridica/2022/566/20011305.pdf", "ementa": "CONCEDENDO 2 DIARIAS A VEREADORA ALICE ROCHA DE SOUZA."}, {"id": "567", "ano": "2022", "numero": "4", "tipo__sigla": "PDD", "tipo__descricao": "Portarias de Diarias", "texto_integral": "http://sapl.manciolima.ac.leg.br/media/sapl/public/normajuridica/2022/567/20011304.pdf", "ementa": "CONCEDENDO 4 DIARIAS A VEREADORA REZIANE DOS SANTOS ALMEIDA BARROS."}, {"id": "468", "ano": "2022", "numero": "482", "tipo__sigla": "LEI", "tipo__descricao": "Lei", "texto_integral": "http://sapl.manciolima.ac.leg.br/media/sapl/public/normajuridica/2022/468/lei_482.pdf", "ementa": "ALTERA A TABELA CONSTANTE NA LEI MUNICIPAL N\u00ba 480, DE 03 E JANEIRO DE 2022, QUE CONCEDEU ABONO SALARIAL EXCEPCIONAL AOS PROFISSIONAIS DA AREA DA SAUDE E DA OUTRAS PROVIDENCIAS."}, {"id": "570", "ano": "2022", "numero": "3", "tipo__sigla": "PDD", "tipo__descricao": "Portarias de Diarias", "texto_integral": "http://sapl.manciolima.ac.leg.br/media/sapl/public/normajuridica/2022/570/20011301.pdf", "ementa": "CONCEDENDO 4 DIARIAS AO VEREADOR RENAN DA COSTA SILVA."}, {"id": "568", "ano": "2022", "numero": "2", "tipo__sigla": "PDD", "tipo__descricao": "Portarias de Diarias", "texto_integral": "http://sapl.manciolima.ac.leg.br/media/sapl/public/normajuridica/2022/568/20011303.pdf", "ementa": "CONCEDENDO 4 DIARIAS AO SERVIDOR JOSE WYTELON RODRIGUES DE OLIVEIRA."}, {"id": "569", "ano": "2022", "numero": "1", "tipo__sigla": "PDD", "tipo__descricao": "Portarias de Diarias", "texto_integral": "http://sapl.manciolima.ac.leg.br/media/sapl/public/normajuridica/2022/569/20011302.pdf", "ementa": "CONCEDENDO 4 DIARIAS AO VEREADOR JOSE AMARISIO DA SILVA."}, {"id": "492", "ano": "2022", "numero": "481", "tipo__sigla": "LEI", "tipo__descricao": "Lei", "texto_integral": "http://sapl.manciolima.ac.leg.br/media/sapl/public/normajuridica/2022/492/lei_no_481_de_03_de_janeiro_de_2022.pdf", "ementa": "AUTORIZA O PODER EXECUTIVO MUNICIPAL A CONCEDER\r\nABONO SALARIAL EXCEPCIONAL AOS PROFISSIONAIS DE APOIO\r\nDA SECRETARIA MUNICIPAL DE EDUCA\u00c7\u00c3O E D\u00c1 OUTRAS\r\nPROVID\u00caNCIAS."}, {"id": "493", "ano": "2022", "numero": "480", "tipo__sigla": "LEI", "tipo__descricao": "Lei", "texto_integral": "http://sapl.manciolima.ac.leg.br/media/sapl/public/normajuridica/2022/493/lei_no_480_de_21_de_janeiro_de_2022.pdf", "ementa": "AUTORIZA O PODER EXECUTIVO MUNICIPAL A CONCEDER ABONO SALARIAL EXCEPCIONAL AOS PROFISSIONAIS DA \u00c1REA DA SA\u00daDE E D\u00c1 OUTRAS PROVID\u00caNCIAS."}, {"id": "494", "ano": "2022", "numero": "479", "tipo__sigla": "LEI", "tipo__descricao": "Lei", "texto_integral": "http://sapl.manciolima.ac.leg.br/media/sapl/public/normajuridica/2022/494/lei_no_479_de_03_de_janeiro_de_2022.pdf", "ementa": "AUTORIZA O PODER EXECUTIVO MUNICIPAL A CONCEDER ABO-\r\nNO SALARIAL EXCEPCIONAL AOS PROFISSIONAIS VINCULADOS A\r\nSECRETARIA MUNICIPAL DE ADMINISTRA\u00c7\u00c3O E PLANEJAMENTO\r\nE D\u00c1 OUTRAS PROVID\u00caNCIAS."}, {"id": "495", "ano": "2021", "numero": "478", "tipo__sigla": "LEI", "tipo__descricao": "Lei", "texto_integral": "http://sapl.manciolima.ac.leg.br/media/sapl/public/normajuridica/2021/495/lei_no_478_de_29_de_dezembro_de_2021.pdf", "ementa": "AUTORIZA O PODER EXECUTIVO A CONCEDER NOVO ABONO SALARIAL EXCEPCIONAL AOS PROFESSORES DA REDE P\u00daBLICA MUNICIPAL DE ENSINO DO MUNIC\u00cdPIO DE M\u00c2NCIO LIMA/AC E D\u00c1 OUTRAS PROVID\u00caNCIAS"}, {"id": "496", "ano": "2021", "numero": "477", "tipo__sigla": "LEI", "tipo__descricao": "Lei", "texto_integral": "http://sapl.manciolima.ac.leg.br/media/sapl/public/normajuridica/2021/496/lei_no_477_de_20_de_dezembro_de_2021.pdf", "ementa": "Estima a receita e fixa a despesa do munic\u00edpio de mancio lima acre, para o exerc\u00edcio financeiro de 2022 e da outras provid\u00eancias."}, {"id": "500", "ano": "2021", "numero": "476", "tipo__sigla": "LEI", "tipo__descricao": "Lei", "texto_integral": "http://sapl.manciolima.ac.leg.br/media/sapl/public/normajuridica/2021/500/lei_no_476_de_20_de_dezembro_de__2021.pdf", "ementa": "DISPOE SOBRE O PLANO PLURIANUAL DE APLICA\u00c7\u00c3O PPA PARA O QUADRIENIO 2022 - 2025 E DA OUTRAS PROVIDENCIAS."}, {"id": "501", "ano": "2021", "numero": "475", "tipo__sigla": "LEI", "tipo__descricao": "Lei", "texto_integral": "http://sapl.manciolima.ac.leg.br/media/sapl/public/normajuridica/2021/501/lei_475.pdf", "ementa": "INSTITUI E REGULAMENTA GRATIFICSA\u00c7\u00c3O DE RISCO PARA OS SERVIDORES P\u00daBLICOS OCUPANTES DOS CARGOS DE FISCAIS DE TRIBUTOS DO MUNICIPIO DE MANCIO LIMA - AC."}, {"id": "936", "ano": "2021", "numero": "15", "tipo__sigla": "MO\u00c7", "tipo__descricao": "Mo\u00e7ao de Aplausos", "texto_integral": "http://sapl.manciolima.ac.leg.br/media/sapl/public/normajuridica/2021/936/06031358.pdf", "ementa": "MO\u00c7\u00c3O DE APLAUSOS AO SENHOR JONAS LIMA"}, {"id": "935", "ano": "2021", "numero": "14", "tipo__sigla": "MO\u00c7", "tipo__descricao": "Mo\u00e7ao de Aplausos", "texto_integral": "http://sapl.manciolima.ac.leg.br/media/sapl/public/normajuridica/2021/935/06031357.pdf", "ementa": "MO\u00c7\u00c3O DE APLAUSOS A SENHORA FLOR DE LIS BANDEIRA DA ROCHA"}, {"id": "937", "ano": "2021", "numero": "13", "tipo__sigla": "MO\u00c7", "tipo__descricao": "Mo\u00e7ao de Aplausos", "texto_integral": "http://sapl.manciolima.ac.leg.br/media/sapl/public/normajuridica/2021/937/06031356.pdf", "ementa": "MO\u00c7\u00c3O DE APLAUSOS AO SENHOR IVANILSON DIAS DA SILVA"}, {"id": "938", "ano": "2021", "numero": "12", "tipo__sigla": "MO\u00c7", "tipo__descricao": "Mo\u00e7ao de Aplausos", "texto_integral": "http://sapl.manciolima.ac.leg.br/media/sapl/public/normajuridica/2021/938/06031355.pdf", "ementa": "MO\u00c7\u00c3O DE APLAUSOS AO SENHOR FRANCISCO CARNEIRO SOARES"}, {"id": "926", "ano": "2021", "numero": "11", "tipo__sigla": "MO\u00c7", "tipo__descricao": "Mo\u00e7ao de Aplausos", "texto_integral": "http://sapl.manciolima.ac.leg.br/media/sapl/public/normajuridica/2021/926/06031354.pdf", "ementa": "MO\u00c7\u00c3O DE APLAUSOS AO SENHOR RAIMUNDO DIAS DA SILVA (DIN)"}, {"id": "942", "ano": "2021", "numero": "10", "tipo__sigla": "MO\u00c7", "tipo__descricao": "Mo\u00e7ao de Aplausos", "texto_integral": "http://sapl.manciolima.ac.leg.br/media/sapl/public/normajuridica/2021/942/06031353.pdf", "ementa": "MO\u00c7\u00c3O DE APLAUSOS AO SENHOR JOSE FRANCISCO DA SILVA (ZECA)"}, {"id": "941", "ano": "2021", "numero": "9", "tipo__sigla": "MO\u00c7", "tipo__descricao": "Mo\u00e7ao de Aplausos", "texto_integral": "http://sapl.manciolima.ac.leg.br/media/sapl/public/normajuridica/2021/941/06031352.pdf", "ementa": "MO\u00c7\u00c3O DE APLAUSOS AO SENHOR LUCAS MELO DE OLIVEIRA"}, {"id": "940", "ano": "2021", "numero": "8", "tipo__sigla": "MO\u00c7", "tipo__descricao": "Mo\u00e7ao de Aplausos", "texto_integral": "http://sapl.manciolima.ac.leg.br/media/sapl/public/normajuridica/2021/940/06031351.pdf", "ementa": "MO\u00c7\u00c3O DE APLAUSOS AO SENHOR MARCOS RAFAEL SOUZA GOMES"}, {"id": "939", "ano": "2021", "numero": "7", "tipo__sigla": "MO\u00c7", "tipo__descricao": "Mo\u00e7ao de Aplausos", "texto_integral": "http://sapl.manciolima.ac.leg.br/media/sapl/public/normajuridica/2021/939/06031350.pdf", "ementa": "MO\u00c7\u00c3O DE APLAUSOS A FAZENDA ESPERAN\u00c7A"}, {"id": "502", "ano": "2021", "numero": "474", "tipo__sigla": "LEI", "tipo__descricao": "Lei", "texto_integral": "http://sapl.manciolima.ac.leg.br/media/sapl/public/normajuridica/2021/502/lei_474.pdf", "ementa": "REVOGA A LEI N\u00ba 442 DE 13 DE NOVEMBRO DE 2020 QUE DISPOE SOBRE OS SUBSIDIOS DOS VEREADORES PARA A LEGISLATURA 2021 - 2024 DO MUNICIPIO DE MANCIO LIMA - ACRE."}, {"id": "946", "ano": "2021", "numero": "5", "tipo__sigla": "MO\u00c7", "tipo__descricao": "Mo\u00e7ao de Aplausos", "texto_integral": "http://sapl.manciolima.ac.leg.br/media/sapl/public/normajuridica/2021/946/06031346.pdf", "ementa": "MO\u00c7\u00c3O DE APLAUSOS A SENHORA RAILDA MANAITA"}, {"id": "903", "ano": "2021", "numero": "5", "tipo__sigla": "DL", "tipo__descricao": "Decretos Legislativos", "texto_integral": "http://sapl.manciolima.ac.leg.br/media/sapl/public/normajuridica/2021/903/01031301.pdf", "ementa": "APROVA A PRESTA\u00c7\u00c3O DE CONTAS DA PREFEITURA MUNICIPAL DE MANCIO LIMA, EXERCICIO DE 2016, DE RESPONSABILIDADE DO SENHOR CLEIDISON DE JESUS ROCHA."}, {"id": "945", "ano": "2021", "numero": "4", "tipo__sigla": "MO\u00c7", "tipo__descricao": "Mo\u00e7ao de Aplausos", "texto_integral": "http://sapl.manciolima.ac.leg.br/media/sapl/public/normajuridica/2021/945/06031345.pdf", "ementa": "MO\u00c7\u00c3O DE APLAUSOS A SENHORA FRANCISCA MIRIAN MAR\u00c7AL DE SOUZA"}, {"id": "503", "ano": "2021", "numero": "473", "tipo__sigla": "LEI", "tipo__descricao": "Lei", "texto_integral": "http://sapl.manciolima.ac.leg.br/media/sapl/public/normajuridica/2021/503/lei_473.pdf", "ementa": "ALTERA AS LEIS MUNICIPAIS N\u00ba 342/2015 E 373/2017 QUE DISPOEM SOBRE A POLITICA MUNICIPAL DE ATENDIMENTO AOS DIREITOS DA CRIAN\u00c7A E DO ADOLESCENTE  E DA OUTRAS PROVIDENCIAS."}, {"id": "504", "ano": "2021", "numero": "472", "tipo__sigla": "LEI", "tipo__descricao": "Lei", "texto_integral": "http://sapl.manciolima.ac.leg.br/media/sapl/public/normajuridica/2021/504/lei_472.pdf", "ementa": "CRIA O SELO MUNICIPAL EMPRESA AMIGA DA PESSOA COM DEFICIENCIA (PCD) NO MUNICIPIO DE MANCIO LIMA - ACRE."}, {"id": "505", "ano": "2021", "numero": "471", "tipo__sigla": "LEI", "tipo__descricao": "Lei", "texto_integral": "http://sapl.manciolima.ac.leg.br/media/sapl/public/normajuridica/2021/505/lei_471.pdf", "ementa": "AUTORIZA O PODER EXECUTIVO A CONTRATAR, EMERGENCIALMENTE, EM CARATER TEMPORARIO, PROFISSIONAIS PARA ATUAR NO AMBITO DA SECRETARIA MUNICIPAL DE ASSISTENCIA SOCIAL DO MUNICIPIO."}, {"id": "904", "ano": "2021", "numero": "6", "tipo__sigla": "DL", "tipo__descricao": "Decretos Legislativos", "texto_integral": "http://sapl.manciolima.ac.leg.br/media/sapl/public/normajuridica/2021/904/01031302.pdf", "ementa": "CONCEDE TITULO DE CIDADAO MANCIOLIMENSE A SENHORA KIRLEY VANIA SILVA COSTA."}, {"id": "632", "ano": "2021", "numero": "4", "tipo__sigla": "DL", "tipo__descricao": "Decretos Legislativos", "texto_integral": "http://sapl.manciolima.ac.leg.br/media/sapl/public/normajuridica/2021/632/31012210.pdf", "ementa": "DISPOE SOBRE A CONCESSAO DE TITULO DE CIDADAO MANCIOLIMENSE A SENHORA KIRLEY VANIA SILVA COSTA."}, {"id": "927", "ano": "2021", "numero": "3", "tipo__sigla": "MO\u00c7", "tipo__descricao": "Mo\u00e7ao de Aplausos", "texto_integral": "http://sapl.manciolima.ac.leg.br/media/sapl/public/normajuridica/2021/927/06031366.pdf", "ementa": "MO\u00c7\u00c3O DE APLAUSOS AO SENHOR JOSIMO DA SILVA CONSTANTINO"}, {"id": "905", "ano": "2021", "numero": "3", "tipo__sigla": "DL", "tipo__descricao": "Decretos Legislativos", "texto_integral": "http://sapl.manciolima.ac.leg.br/media/sapl/public/normajuridica/2021/905/01031303.pdf", "ementa": "CONCEDE TITULO DE CIDADAO MANCIOLIMENSE A SENHORA JESSICA ROJAS SALES"}, {"id": "506", "ano": "2021", "numero": "470", "tipo__sigla": "LEI", "tipo__descricao": "Lei", "texto_integral": "http://sapl.manciolima.ac.leg.br/media/sapl/public/normajuridica/2021/506/lei_470.pdf", "ementa": "DISPOE SOBRE A PADRONIZA\u00c7\u00c3O DAS CORES DE IMOVEIS P\u00daBLICOS PERTENCENTES E/OU MANTIDOS PELO MUNICIPIO DE MANCIO LIMA E DA OUTRAS PROVIDENCIAS."}, {"id": "507", "ano": "2021", "numero": "469", "tipo__sigla": "LEI", "tipo__descricao": "Lei", "texto_integral": "http://sapl.manciolima.ac.leg.br/media/sapl/public/normajuridica/2021/507/lei_469.pdf", "ementa": "DISPOE SOBRE A PRORROGA\u00c7\u00c3O EXCEPCIONAL DE VALIDADE DE PROCESSO SELETIVO SIMPLIFICADO VIGENTE, EM DECORRENCIA DO ATUAL CENARIO DE PANDEMIA E DAS PREVISOES CONSTANTES NA LEI FEDERAL 173/2020."}, {"id": "459", "ano": "2021", "numero": "468", "tipo__sigla": "LEI", "tipo__descricao": "Lei", "texto_integral": "http://sapl.manciolima.ac.leg.br/media/sapl/public/normajuridica/2021/459/16082101.pdf", "ementa": "AUTORIZA O PODER EXECUTIVO MUNICIPAL A CONTRATAR EM CARATER TEMPORARIO E EXCEPCIONAL, PROFISSIONAIS PARA ATUAR NO AMBITO DA SECRETARIA MUNICIPAL DE SAUDE EM RAZAO DAS NECESSIDADES DECORRENTES DA PANDEMIA DE COVID-19, COM RECURSOS PROVENIENTES DE PORTARIAS DO MINISTERIO DA SAUDE."}, {"id": "508", "ano": "2021", "numero": "467", "tipo__sigla": "LEI", "tipo__descricao": "Lei", "texto_integral": "http://sapl.manciolima.ac.leg.br/media/sapl/public/normajuridica/2021/508/lei_467.pdf", "ementa": "DISPOE SOBRE A CRIA\u00c7\u00c3O DA ESCOLA MUNICIPAL RURAL TONICO SENA NO RAMAL  DO FEIJAO INSOSSO E DA OUTRAS PROVIDENCIAS."}, {"id": "509", "ano": "2021", "numero": "466", "tipo__sigla": "LEI", "tipo__descricao": "Lei", "texto_integral": "http://sapl.manciolima.ac.leg.br/media/sapl/public/normajuridica/2021/509/lei_466.pdf", "ementa": "DISPOE SOBRE A CRIA\u00c7\u00c3O DA ESCOLA MUNICIPAL RURAL RAIMUNDA NONATA SOMBRA DA SILVA NO RAMAL DO 20 E DA OUTRAS PROVIDENCIAS."}, {"id": "458", "ano": "2021", "numero": "465", "tipo__sigla": "LEI", "tipo__descricao": "Lei", "texto_integral": "http://sapl.manciolima.ac.leg.br/media/sapl/public/normajuridica/2021/458/16082100.pdf", "ementa": "ALTERA A LEI MUNICIPAL 462, DE 02 DE AGOSTO DE 2021, QUE AUTORIZOU O PODER EXECUTIVO A CONCEDER ABONO SALARIAL EXCEPCIONAL AOS PROFESSORES DA REDE PUBLICA MUNICIPAL DE ENSINO DO MUNICIPIO DE MANCIO LIMA/AC."}, {"id": "510", "ano": "2021", "numero": "464", "tipo__sigla": "LEI", "tipo__descricao": "Lei", "texto_integral": "http://sapl.manciolima.ac.leg.br/media/sapl/public/normajuridica/2021/510/lei_464.pdf", "ementa": "ESTABELECE AS DIRETRIZES A SEREM OBSERVADAS NA ELABORA\u00c7\u00c3O E EXECU\u00c7\u00c3O DA LEI OR\u00c7AMENTARIA DO MUNICIPIO DE MANCIO LIMA PARA O EXERCICIO FINANCEIRO DE 2022 E DA OUTRAS PROVIDENCIAS."}, {"id": "511", "ano": "2021", "numero": "463", "tipo__sigla": "LEI", "tipo__descricao": "Lei", "texto_integral": "http://sapl.manciolima.ac.leg.br/media/sapl/public/normajuridica/2021/511/lei_463.pdf", "ementa": "AUTORIZA O PODER EXECUTIVO MUNICIPAL A EFETUAR CONCESS\u00c3O DE DESCONTO EM JUROS E MULTAS RELACIONADOS AO IMPOSTO PREDIAL E TERRITORIAL URBANO IPTU, IMPOSTO SOBRE SERVI\u00c7O ISS, IMPOSTO SOBRE A TRANSMISSAO DE BENS IMOVEIS ITBI E TAXAS MUNICIPAIS."}, {"id": "512", "ano": "2021", "numero": "462", "tipo__sigla": "LEI", "tipo__descricao": "Lei", "texto_integral": "http://sapl.manciolima.ac.leg.br/media/sapl/public/normajuridica/2021/512/lei_462.pdf", "ementa": "AUTORIZA O PODER EXECUTIVO A CONCEDER ABONO SALARIAL EXCEPCIONAL AOS PROFESSORES DA REDE P\u00daBLICA MUNICIPAL DE ENSINO DO MUNICIPIO DE MANCIO LIMA - ACRE E DA OUTRAS PROVIDENCIAS."}, {"id": "499", "ano": "2021", "numero": "461", "tipo__sigla": "LEI", "tipo__descricao": "Lei", "texto_integral": "http://sapl.manciolima.ac.leg.br/media/sapl/public/normajuridica/2021/499/lei_no461_de_02_de_agosto_de_2021.pdf", "ementa": "AUTORIZA O PODER EXECUTIVO A CONTRATAR, EMERGENCIALMENTE, EM CAR\u00c1TER TEMPOR\u00c1RIO, PROFISSIONAIS PARA ATUAR NO \u00c2MBITO DA SECRETARIA MUNICIPAL DE EDUCA\u00c7\u00c3O, CULTURA E DESPORTO, PARA ATENDER NECESSIDADES DA REDE P\u00daBLICA MUNICIPAL DE ENSINO"}, {"id": "497", "ano": "2021", "numero": "460", "tipo__sigla": "LEI", "tipo__descricao": "Lei", "texto_integral": "http://sapl.manciolima.ac.leg.br/media/sapl/public/normajuridica/2021/497/lei_no460_de_25_de_junho_de_2021.pdf", "ementa": "ALTERA O ANEXO \u00daNICO DA LEI MUNICIPAL N\u00ba 453, DE 11 DE FEVEREIRO DE 2021, QUE AUTORIZA O PODER EXECUTIVO A CONTRATAR EMERGENCIALMENTE, EM CAR\u00c1TER TEMPOR\u00c1RIO, PROFISSIONAIS PARA ATUAR NO \u00c2MBITO DA SECRETARIA MUNICIPAL DE SA\u00daDE"}, {"id": "513", "ano": "2021", "numero": "459", "tipo__sigla": "LEI", "tipo__descricao": "Lei", "texto_integral": "http://sapl.manciolima.ac.leg.br/media/sapl/public/normajuridica/2021/513/lei_459.pdf", "ementa": "DISPOE SOBRE A CRIA\u00c7\u00c3O DO CENTRO DO IDOSO RAIUMUNDO BERNARDO DE SOUZA NO BAIRRO SAO VIDAL E DA OUTRAS PROVIDENCIAS."}, {"id": "514", "ano": "2021", "numero": "458", "tipo__sigla": "LEI", "tipo__descricao": "Lei", "texto_integral": "http://sapl.manciolima.ac.leg.br/media/sapl/public/normajuridica/2021/514/lei_458.pdf", "ementa": "DISPOE SOBRE A CRIA\u00c7\u00c3O DO MERCADO MUNICIPAL DO PRODUTOR E EMPREENDEDOR NO BAIRRO SAO FRANCISCO E DA OUTRAS PROVIDENCIAS."}, {"id": "574", "ano": "2021", "numero": "18", "tipo__sigla": "PDD", "tipo__descricao": "Portarias de Diarias", "texto_integral": "http://sapl.manciolima.ac.leg.br/media/sapl/public/normajuridica/2021/574/26011319.pdf", "ementa": "CONCEDENDO DIARIA AO VEREADOR JOSE DE SOUZA MENESES."}, {"id": "498", "ano": "2021", "numero": "457", "tipo__sigla": "LEI", "tipo__descricao": "Lei", "texto_integral": "http://sapl.manciolima.ac.leg.br/media/sapl/public/normajuridica/2021/498/lei_no457_de_30_de_abril_de_2021.pdf", "ementa": "DISPOE SOBRE ABERTURA DE CREDITO ADICIONAL ESPECIAL DE DOTA\u00c7\u00c3O NO OR\u00c7AMENTO VIGENTE DO PODER EXECUTIVO MUNICIPAL E DA OUTRAS PROVIDENCIAS."}, {"id": "955", "ano": "2021", "numero": "19", "tipo__sigla": "PDD", "tipo__descricao": "Portarias de Diarias", "texto_integral": "http://sapl.manciolima.ac.leg.br/media/sapl/public/normajuridica/2021/955/13031304.pdf", "ementa": "CONCEDENDO DIARIA AO VEREADOR JEAN ALMEIDA DE FIGUEIREDO."}, {"id": "457", "ano": "2021", "numero": "456", "tipo__sigla": "LEI", "tipo__descricao": "Lei", "texto_integral": "http://sapl.manciolima.ac.leg.br/media/sapl/public/normajuridica/2021/457/lei_456.pdf", "ementa": "DISPOE SOBRE A ATUALIZA\u00c7\u00c3O DA LEI DE CRIA\u00c7\u00c3O DO CONSELHO MUNICIPAL DE ACOMPANHAMENTO E CONTROLE SOCIAL DO FUNDO DE VALORIZA\u00c7\u00c3O DOS PROFISSIONAIS DE EDUCA\u00c7\u00c3O - CACS - FUNDEB E DA OUTRAS PROVIDENCIAS."}, {"id": "456", "ano": "2021", "numero": "2", "tipo__sigla": "DL", "tipo__descricao": "Decretos Legislativos", "texto_integral": "http://sapl.manciolima.ac.leg.br/media/sapl/public/normajuridica/2021/456/decreto_2.pdf", "ementa": "DISPOE SOBRE A CONCESSAO DE TITULO DE CIDADAO MANCIOLIMENSE AO SENHOR JOSE OBETANIO DOS SANTOS E DA OUTRAS PROVIDENCIAS."}, {"id": "575", "ano": "2021", "numero": "17", "tipo__sigla": "PDD", "tipo__descricao": "Portarias de Diarias", "texto_integral": "http://sapl.manciolima.ac.leg.br/media/sapl/public/normajuridica/2021/575/26011318.pdf", "ementa": "CONCEDENDO DIARIA AO VEREADOR RENAN DA COSTA SILVA."}, {"id": "576", "ano": "2021", "numero": "16", "tipo__sigla": "PDD", "tipo__descricao": "Portarias de Diarias", "texto_integral": "http://sapl.manciolima.ac.leg.br/media/sapl/public/normajuridica/2021/576/26011317.pdf", "ementa": "CONCEDENDO DIARIA AO VEREADOR JOSE DE SOUZA MENESES."}, {"id": "577", "ano": "2021", "numero": "15", "tipo__sigla": "PDD", "tipo__descricao": "Portarias de Diarias", "texto_integral": "http://sapl.manciolima.ac.leg.br/media/sapl/public/normajuridica/2021/577/26011316.pdf", "ementa": "CONCEDENDO DIARIA AO VEREADOR JEAN DE ALMEIDA FIGUEIREDO."}, {"id": "461", "ano": "2021", "numero": "455", "tipo__sigla": "LEI", "tipo__descricao": "Lei", "texto_integral": "http://sapl.manciolima.ac.leg.br/media/sapl/public/normajuridica/2021/461/02092108.pdf", "ementa": "AUTORIZA O PODER EXECUTIVO A CONTRATAR OPERA\u00c7\u00c3O DE CREDITO PARA PROJETO DE MODERNIZA\u00c7\u00c3O DE ILUMINA\u00c7\u00c3O P\u00daBLICA E EFICIENCIA ENERGETICA."}, {"id": "460", "ano": "2021", "numero": "454", "tipo__sigla": "LEI", "tipo__descricao": "Lei", "texto_integral": "http://sapl.manciolima.ac.leg.br/media/sapl/public/normajuridica/2021/460/02092107.pdf", "ementa": "AUTORIZA O PODER EXECUTIVO MUNICIPAL A FIXAR E COBRAR PRE\u00c7O P\u00daBLICO PELA OCUPA\u00c7\u00c3O DO ESPA\u00c7O DO SOLO E SUBSOLO EM AREAS P\u00daBLICAS MUNICIPAIS PELO SISTEMA DE POSTEAMENTO DE REDE DE ENERGIA ELETRICA E DE ILUMINA\u00c7\u00c3O PUBLICA DE PROPRIEDADE DA CONCESSIONARIA DE ENERGIA ELETRICA QUE OS UTILIZA OU VENHA A ULITIZAR, E DA OUTRAS PROVIDENCIAS."}, {"id": "578", "ano": "2021", "numero": "14", "tipo__sigla": "PDD", "tipo__descricao": "Portarias de Diarias", "texto_integral": "http://sapl.manciolima.ac.leg.br/media/sapl/public/normajuridica/2021/578/13031305.pdf", "ementa": "CONCEDENDO DIARIA AO VEREADOR RENAN DA COSTA SILVA."}, {"id": "579", "ano": "2021", "numero": "13", "tipo__sigla": "PDD", "tipo__descricao": "Portarias de Diarias", "texto_integral": "http://sapl.manciolima.ac.leg.br/media/sapl/public/normajuridica/2021/579/26011314.pdf", "ementa": "CONCEDENDO DIARIA AO VEREADOR JOSE AMARISIO DA SILVA"}, {"id": "580", "ano": "2021", "numero": "12", "tipo__sigla": "PDD", "tipo__descricao": "Portarias de Diarias", "texto_integral": "http://sapl.manciolima.ac.leg.br/media/sapl/public/normajuridica/2021/580/26011313.pdf", "ementa": "CONCEDENDO DIARIA AO VEREADOR JOSE DE SOUZA MENESES."}, {"id": "581", "ano": "2021", "numero": "11", "tipo__sigla": "POR", "tipo__descricao": "Portarias", "texto_integral": "http://sapl.manciolima.ac.leg.br/media/sapl/public/normajuridica/2021/581/26011312.pdf", "ementa": "DESIGNANDO SERVIDOR PARA RESPONDER PELA REDE DE OUVIDORIAS."}, {"id": "582", "ano": "2021", "numero": "10", "tipo__sigla": "POR", "tipo__descricao": "Portarias", "texto_integral": "http://sapl.manciolima.ac.leg.br/media/sapl/public/normajuridica/2021/582/26011311.pdf", "ementa": "DESIGNANDO A CONTADORA JUNTO AO TCE/AC."}, {"id": "455", "ano": "2021", "numero": "1", "tipo__sigla": "RS", "tipo__descricao": "Resolu\u00e7\u00e3o", "texto_integral": "http://sapl.manciolima.ac.leg.br/media/sapl/public/normajuridica/2021/455/resolucao_1.pdf", "ementa": "REGULAMENTA, NO \u00c2MBITO DO PODER LEGISLATIVO DO MUNIC\u00cdPIO DE MANCIO LIMA, ESTADO DO ACRE, A CONCESS\u00c3O DE COMBUST\u00cdVEIS PARA FINS DE UTILIZA\u00c7\u00c3O NAS ATIVIDADES PARLAMENTARES E DA OUTRAS PROVIDENCIAS."}, {"id": "583", "ano": "2021", "numero": "9", "tipo__sigla": "PDD", "tipo__descricao": "Portarias de Diarias", "texto_integral": "http://sapl.manciolima.ac.leg.br/media/sapl/public/normajuridica/2021/583/26011310.pdf", "ementa": "CONCEDENDO DIARIA AO VEREADOR JEAN DE ALMEIDA FIGUEIREDO."}, {"id": "584", "ano": "2021", "numero": "8", "tipo__sigla": "PDD", "tipo__descricao": "Portarias de Diarias", "texto_integral": "http://sapl.manciolima.ac.leg.br/media/sapl/public/normajuridica/2021/584/26011309.pdf", "ementa": "CONCEDENDO DIARIA AO VEREADOR RENAN DA COSTA SILVA."}, {"id": "454", "ano": "2021", "numero": "453", "tipo__sigla": "LEI", "tipo__descricao": "Lei", "texto_integral": "http://sapl.manciolima.ac.leg.br/media/sapl/public/normajuridica/2021/454/lei_453.pdf", "ementa": "AUTORIZA O PODER EXECUTIVO A CONTRATAR EMERGENCIALMENTE, EM CAR\u00c1TER TEMPOR\u00c1RIO, PROFISSIONAIS PARA ATUAR NO \u00c2MBITO DA SECRETARIA MUNICIPAL DE SA\u00daDE PARA ATENDER NECESSIDADES DECORRENTES DA SITUA\u00c7\u00c3O DE EMERG\u00caNCIA CAUSADA PELA PANDEMIA DE COVID 19 E DA OUTRAS PROVIDENCIAS."}, {"id": "453", "ano": "2021", "numero": "452", "tipo__sigla": "LEI", "tipo__descricao": "Lei", "texto_integral": "http://sapl.manciolima.ac.leg.br/media/sapl/public/normajuridica/2021/453/lei_452.pdf", "ementa": "CRIA GRATIFICA\u00c7\u00c3O TEMPOR\u00c1RIA E TRANSIT\u00d3RIA AOS SERVIDORES P\u00daBLICOS MUNICIPAIS QUE ATUAM NA UNIDADE B\u00c1SICA DE SA\u00daDE DE REFERENCIA NO ATENDIMENTO DE PACIENTES SUSPEITOS/CONFIRMADOS COM CORONAV\u00cdRUS (COVID-19)"}, {"id": "452", "ano": "2021", "numero": "451", "tipo__sigla": "LEI", "tipo__descricao": "Lei", "texto_integral": "http://sapl.manciolima.ac.leg.br/media/sapl/public/normajuridica/2021/452/lei_451.pdf", "ementa": "AUTORIZA O PODER EXECUTIVO A PROCEDER COM A CONTRATA\u00c7\u00c3O DE M\u00c9DICOS, EM CAR\u00c1TER DE URG\u00caNCIA, POR TEMPO DETERMINADO, NA MODALIDADE DE PLANT\u00c3O, PARA ATENDIMENTO NA UNIDADE B\u00c1SICA DE SA\u00daDE DE REFERENCIA CONTRA COVID 19."}, {"id": "451", "ano": "2021", "numero": "450", "tipo__sigla": "LEI", "tipo__descricao": "Lei", "texto_integral": "http://sapl.manciolima.ac.leg.br/media/sapl/public/normajuridica/2021/451/lei_450.pdf", "ementa": "AUTORIZA O PODER EXECUTIVO A PROCEDER COM A ISEN\u00c7\u00c3O TEMPOR\u00c1RIA DA COBRAN\u00c7A PARA EMISS\u00c3O DO ALVAR\u00c1 DE LICEN\u00c7A DO SERVI\u00c7O DE MOTOT\u00c1XI, NO MUNIC\u00cdPIO DE MANCIO LIMA - AC."}, {"id": "450", "ano": "2021", "numero": "449", "tipo__sigla": "LEI", "tipo__descricao": "Lei", "texto_integral": "http://sapl.manciolima.ac.leg.br/media/sapl/public/normajuridica/2021/450/lei_449.pdf", "ementa": "DISP\u00d5E SOBRE A DEMOLI\u00c7\u00c3O DE PARKLET SITUADO NO BAIRRO GUARANI PARA ADEQUA\u00c7\u00c3O DE ENTRADA E SA\u00cdDA DE AMBUL\u00c2NCIA EM UNIDADE B\u00c1SICA DE SA\u00daDE."}, {"id": "586", "ano": "2021", "numero": "6", "tipo__sigla": "POR", "tipo__descricao": "Portarias", "texto_integral": "http://sapl.manciolima.ac.leg.br/media/sapl/public/normajuridica/2021/586/26011307.pdf", "ementa": "DESIGNANDO CONTADOR PARA EFETUAR O ENVIO DA PRESTA\u00c7\u00c3O DE CONTAS."}, {"id": "587", "ano": "2021", "numero": "5", "tipo__sigla": "POR", "tipo__descricao": "Portarias", "texto_integral": "http://sapl.manciolima.ac.leg.br/media/sapl/public/normajuridica/2021/587/26011306.pdf", "ementa": "NOMEANDO A COMISSAO DE LICITA\u00c7\u00c3O."}, {"id": "585", "ano": "2021", "numero": "7", "tipo__sigla": "PDD", "tipo__descricao": "Portarias de Diarias", "texto_integral": "http://sapl.manciolima.ac.leg.br/media/sapl/public/normajuridica/2021/585/26011308.pdf", "ementa": "CONCEDENDO DIARIA AO VEREADOR JOSE AMARISIO DA SILVA"}, {"id": "588", "ano": "2021", "numero": "4", "tipo__sigla": "POR", "tipo__descricao": "Portarias", "texto_integral": "http://sapl.manciolima.ac.leg.br/media/sapl/public/normajuridica/2021/588/26011305.pdf", "ementa": "NOMEANDO A SENHORA MARIA ELIENE FERREIRA PEREIRA."}, {"id": "589", "ano": "2021", "numero": "3", "tipo__sigla": "POR", "tipo__descricao": "Portarias", "texto_integral": "http://sapl.manciolima.ac.leg.br/media/sapl/public/normajuridica/2021/589/26011304.pdf", "ementa": "NOMEANDO A SENHORA ELIZANGELA CRUZ DE LIMA."}, {"id": "590", "ano": "2021", "numero": "2", "tipo__sigla": "POR", "tipo__descricao": "Portarias", "texto_integral": "http://sapl.manciolima.ac.leg.br/media/sapl/public/normajuridica/2021/590/26011303.pdf", "ementa": "NOMEANDO O SENHOR EUSTASQUIO GUILHERME DE MELO FILHO."}, {"id": "591", "ano": "2021", "numero": "1", "tipo__sigla": "POR", "tipo__descricao": "Portarias", "texto_integral": "http://sapl.manciolima.ac.leg.br/media/sapl/public/normajuridica/2021/591/26011302.pdf", "ementa": "NOMEANDO O SENHOR JOSE WYTELON RODRIGUES DE OLIVEIRA."}, {"id": "906", "ano": "2021", "numero": "1", "tipo__sigla": "DL", "tipo__descricao": "Decretos Legislativos", "texto_integral": "http://sapl.manciolima.ac.leg.br/media/sapl/public/normajuridica/2021/906/01031305.pdf", "ementa": "DISPOE SOBRE A DESIGNA\u00c7\u00c3O DA EQUIPE DE LEVANTAMENTO E RECEBIMENTO DOS ATOS DA TRANSMISSAO DE GOVERNO PELO PRESIDENTE DA CAMARA MUNICIPAL E DA OUTRAS PROVIDENCIAS."}, {"id": "629", "ano": "2020", "numero": "34", "tipo__sigla": "POR", "tipo__descricao": "Portarias", "texto_integral": "http://sapl.manciolima.ac.leg.br/media/sapl/public/normajuridica/2020/629/06021303.pdf", "ementa": "EXONERANDO O SENHOR JOSIMAR FERREIRA DE OLIVEIRA."}, {"id": "616", "ano": "2020", "numero": "33", "tipo__sigla": "POR", "tipo__descricao": "Portarias", "texto_integral": "http://sapl.manciolima.ac.leg.br/media/sapl/public/normajuridica/2020/616/06021316.pdf", "ementa": "EXONERANDO O SENHOR ANTONIO CLAUDINO DE SOUZA CARVALHO."}, {"id": "617", "ano": "2020", "numero": "32", "tipo__sigla": "POR", "tipo__descricao": "Portarias", "texto_integral": "http://sapl.manciolima.ac.leg.br/media/sapl/public/normajuridica/2020/617/06021315.pdf", "ementa": "EXONERANDO O SENHOR BENTO JOSE DA SILVA LIMA."}, {"id": "618", "ano": "2020", "numero": "31", "tipo__sigla": "POR", "tipo__descricao": "Portarias", "texto_integral": "http://sapl.manciolima.ac.leg.br/media/sapl/public/normajuridica/2020/618/06021314.pdf", "ementa": "EXONERANDO O SENHOR SANDRO SOUZA DA COSTA."}, {"id": "619", "ano": "2020", "numero": "30", "tipo__sigla": "POR", "tipo__descricao": "Portarias", "texto_integral": "http://sapl.manciolima.ac.leg.br/media/sapl/public/normajuridica/2020/619/06021313.pdf", "ementa": "EXONERANDO O SENHOR VILDSON SILVA DA COSTA."}, {"id": "620", "ano": "2020", "numero": "29", "tipo__sigla": "POR", "tipo__descricao": "Portarias", "texto_integral": "http://sapl.manciolima.ac.leg.br/media/sapl/public/normajuridica/2020/620/06021312.pdf", "ementa": "EXONERANDO O SENHOR FRANCISCO DE ASSIS DE MELO GOMES."}, {"id": "621", "ano": "2020", "numero": "28", "tipo__sigla": "POR", "tipo__descricao": "Portarias", "texto_integral": "http://sapl.manciolima.ac.leg.br/media/sapl/public/normajuridica/2020/621/06021311.pdf", "ementa": "EXONERANDO ELIANO COSTA FERNANDES."}, {"id": "622", "ano": "2020", "numero": "27", "tipo__sigla": "POR", "tipo__descricao": "Portarias", "texto_integral": "http://sapl.manciolima.ac.leg.br/media/sapl/public/normajuridica/2020/622/06021310.pdf", "ementa": "EXONERANDO VALDIVILSON SILVA DA COSTA"}, {"id": "623", "ano": "2020", "numero": "26", "tipo__sigla": "POR", "tipo__descricao": "Portarias", "texto_integral": "http://sapl.manciolima.ac.leg.br/media/sapl/public/normajuridica/2020/623/06021309.pdf", "ementa": "EXONERANDO CARLOS DA SILVA"}, {"id": "624", "ano": "2020", "numero": "25", "tipo__sigla": "POR", "tipo__descricao": "Portarias", "texto_integral": "http://sapl.manciolima.ac.leg.br/media/sapl/public/normajuridica/2020/624/06021308.pdf", "ementa": "EXOENERANDO LUIZ ALMEIDA DA SILVA FILHO"}, {"id": "625", "ano": "2020", "numero": "24", "tipo__sigla": "POR", "tipo__descricao": "Portarias", "texto_integral": "http://sapl.manciolima.ac.leg.br/media/sapl/public/normajuridica/2020/625/06021307.pdf", "ementa": "EXONERANDO O SENHOR ALEX RODRIGUES PEREIRA LIMA."}, {"id": "626", "ano": "2020", "numero": "23", "tipo__sigla": "POR", "tipo__descricao": "Portarias", "texto_integral": "http://sapl.manciolima.ac.leg.br/media/sapl/public/normajuridica/2020/626/06021306.pdf", "ementa": "EXONERANDO O SENHOR JOSE WYTELON RODRIGUES DE OLIVEIRA."}, {"id": "627", "ano": "2020", "numero": "22", "tipo__sigla": "POR", "tipo__descricao": "Portarias", "texto_integral": "http://sapl.manciolima.ac.leg.br/media/sapl/public/normajuridica/2020/627/06021305.pdf", "ementa": "EXONERANDO O SENHOR EUSTAQUIO GUILHERME DE MELO FILHO."}, {"id": "628", "ano": "2020", "numero": "21", "tipo__sigla": "POR", "tipo__descricao": "Portarias", "texto_integral": "http://sapl.manciolima.ac.leg.br/media/sapl/public/normajuridica/2020/628/06021304.pdf", "ementa": "EXONERANDO A SENHORA ELIZANGELA CRUZ DE LIMA"}, {"id": "440", "ano": "2020", "numero": "448", "tipo__sigla": "LEI", "tipo__descricao": "Lei", "texto_integral": "http://sapl.manciolima.ac.leg.br/media/sapl/public/normajuridica/2020/440/lei_448.pdf", "ementa": "AUTORIZA O PODER EXECUTIVO MUNICIPAL A DAR DESTINO FINAL A EQUIPAMENTOS DE INFORM\u00c1TICA INSERV\u00cdVEIS, SUCATEADOS E NAO APROVEIT\u00c1VEIS E DA OUTRAS PROVIDENCIAS."}, {"id": "445", "ano": "2020", "numero": "447", "tipo__sigla": "LEI", "tipo__descricao": "Lei", "texto_integral": "http://sapl.manciolima.ac.leg.br/media/sapl/public/normajuridica/2020/445/lei_447.pdf", "ementa": "DISPOE SOBRE A CRIA\u00c7\u00c3O E NOMINA\u00c7\u00c3O DE QUADRA ESPORTIVA SITUADA NA COMUNIDADE SAO DOMINGOS E DA OUTRAS PROVIDENCIAS."}, {"id": "446", "ano": "2020", "numero": "446", "tipo__sigla": "LEI", "tipo__descricao": "Lei", "texto_integral": "http://sapl.manciolima.ac.leg.br/media/sapl/public/normajuridica/2020/446/lei_446.pdf", "ementa": "DISPOE SOBRE A CRIA\u00c7\u00c3O E NOMINA\u00c7\u00c3O DE QUADRA ESPORTIVA SITUADA NA COMUNIDADE DO CESARIO E DA OUTRAS PROVIDENCIAS."}, {"id": "444", "ano": "2020", "numero": "445", "tipo__sigla": "LEI", "tipo__descricao": "Lei", "texto_integral": "http://sapl.manciolima.ac.leg.br/media/sapl/public/normajuridica/2020/444/lei_445.pdf", "ementa": "AUTORIZA O PODER EXECUTIVO A CONCEDER ABONO SALARIAL EXCEPCIONAL AOS PROFESSORES DA REDE PUBLICA MUNICIPAL DE ENSINO DO MUNIC\u00cdPIO DE MANCIO LIMA/AC E DA OUTRAS PROVIDENCIAS."}, {"id": "448", "ano": "2020", "numero": "444", "tipo__sigla": "LEI", "tipo__descricao": "Lei", "texto_integral": "http://sapl.manciolima.ac.leg.br/media/sapl/public/normajuridica/2020/448/lei_444_codigo_de_postura.pdf", "ementa": "INSTITUI O C\u00d3DIGO DE POSTURAS MUNIC\u00cdPIO DE MANCIO LIMA E DA OUTRAS PROVIDENCIAS."}, {"id": "449", "ano": "2020", "numero": "443", "tipo__sigla": "LEI", "tipo__descricao": "Lei", "texto_integral": "http://sapl.manciolima.ac.leg.br/media/sapl/public/normajuridica/2020/449/05012101.pdf", "ementa": "ESTIMA A RECEITA E FIXA A DESPESA DO MUNIC\u00cdPIO DE MANCIO LIMA - AC, PARA O EXERC\u00cdCIO FINANCEIRO DE 2021 E DA OUTRAS PROVIDENCIAS."}, {"id": "443", "ano": "2020", "numero": "442", "tipo__sigla": "LEI", "tipo__descricao": "Lei", "texto_integral": "http://sapl.manciolima.ac.leg.br/media/sapl/public/normajuridica/2020/443/lei_442.pdf", "ementa": "FIXA OS SUBS\u00cdDIOS DOS VEREADORES E DO PRESIDENTE DA CAMARA MUNICIPAL DE MANCIO LIMA PARA O QUADRI\u00caNIO 2021 A 2024 E DA OUTRAS PROVIDENCIAS."}, {"id": "598", "ano": "2020", "numero": "20", "tipo__sigla": "PDD", "tipo__descricao": "Portarias de Diarias", "texto_integral": "http://sapl.manciolima.ac.leg.br/media/sapl/public/normajuridica/2020/598/30011302.pdf", "ementa": "CONCEDENDO DIARIA AO VEREADOR KENNEDY DE OLIVEIRA GUIMARAES."}, {"id": "601", "ano": "2020", "numero": "35", "tipo__sigla": "POR", "tipo__descricao": "Portarias", "texto_integral": "http://sapl.manciolima.ac.leg.br/media/sapl/public/normajuridica/2020/601/31011309.pdf", "ementa": "FIXA A DATA MAXIMA DE EMPENHOS NO EXERCICIO FINANCEIRO DE 2020."}, {"id": "602", "ano": "2020", "numero": "1", "tipo__sigla": "DL", "tipo__descricao": "Decretos Legislativos", "texto_integral": "http://sapl.manciolima.ac.leg.br/media/sapl/public/normajuridica/2020/602/31011308.pdf", "ementa": "DISPOE SOBRE A DESIGNA\u00c7\u00c3O DA EQUIPE DE LEVANTAMENTO DA TRANSMISSAO DE GOVERNO PELO PRESIDENTE DA CAMARA MUNICIPAL E DA OUTRAS PROVIDENCIAS."}, {"id": "599", "ano": "2020", "numero": "19", "tipo__sigla": "PDD", "tipo__descricao": "Portarias de Diarias", "texto_integral": "http://sapl.manciolima.ac.leg.br/media/sapl/public/normajuridica/2020/599/13031310.pdf", "ementa": "CONCEDENDO DIARIA AO VEREADOR LUIZ AUGUSTO DE ARAUJO PINHEIRO"}, {"id": "600", "ano": "2020", "numero": "21", "tipo__sigla": "PDD", "tipo__descricao": "Portarias de Diarias", "texto_integral": "http://sapl.manciolima.ac.leg.br/media/sapl/public/normajuridica/2020/600/30011300.pdf", "ementa": "CONCEDENDO DIARIA A VEREADORA REZIANE DOS SANTOS ALMEIDA BARROS."}, {"id": "442", "ano": "2020", "numero": "441", "tipo__sigla": "LEI", "tipo__descricao": "Lei", "texto_integral": "http://sapl.manciolima.ac.leg.br/media/sapl/public/normajuridica/2020/442/lei_441.pdf", "ementa": "FIXA OS SUBS\u00cdDIOS DO PREFEITO, DO VICE-PREFEITO E DOS SECRET\u00c1RIOS MUNICIPAIS PARA O QUADRI\u00caNIO 2021 A 2024 E DA OUTRAS PROVIDENCIAS."}, {"id": "958", "ano": "2020", "numero": "13", "tipo__sigla": "PDD", "tipo__descricao": "Portarias de Diarias", "texto_integral": "http://sapl.manciolima.ac.leg.br/media/sapl/public/normajuridica/2020/958/13031309.pdf", "ementa": "CONCEDENDO DIARIA AO VEREADOR LUIZ AUGUSTO DE ARAUJO PINHEIRO"}, {"id": "287", "ano": "2020", "numero": "440", "tipo__sigla": "LEI", "tipo__descricao": "Lei", "texto_integral": "http://sapl.manciolima.ac.leg.br/media/sapl/public/normajuridica/2020/287/10092000.pdf", "ementa": "DISPOE SOBRE A ALTERA\u00c7\u00c3O DO PLANO PLURIANUAL DO MUNICIPIO DE MANCIO LIMA, QUADRIENIO 2018-2021, LEI DE DIRETRIZES OR\u00c7AMENTARIAS E DA ABERTURA DE CREDITO ADICIONAL ESPECIAL E DA OUTRAS PROVIDENCIAS."}, {"id": "430", "ano": "2020", "numero": "439", "tipo__sigla": "LEI", "tipo__descricao": "Lei", "texto_integral": "http://sapl.manciolima.ac.leg.br/media/sapl/public/normajuridica/2020/430/30092000.pdf", "ementa": "ESTABELECE AS DIRETRIZES A SEREM OBSERVADAS NA ELABORA\u00c7\u00c3O E EXECU\u00c7\u00c3O DA LEI OR\u00c7AMENTARIA DO MUNICIPIO DE MANCIO LIMA, PARA O EXERCICIO FINANCEIRO DE 2021 E DA OUTRAS PROVIDENCIAS."}, {"id": "429", "ano": "2020", "numero": "438", "tipo__sigla": "LEI", "tipo__descricao": "Lei", "texto_integral": "http://sapl.manciolima.ac.leg.br/media/sapl/public/normajuridica/2020/429/lei_438.pdf", "ementa": "DISPOE SOBRE A ALTERA\u00c7\u00c3O DO PLANO PLURIANUAL DO MUNICIPIO DE MANCIO LIMA-QUADRIENIO 2018 -2021 DA LEI DE DIRETRIZES OR\u00c7AMENTARIAS, DA ABERTURA DE CREDITO ADICIONAL NO OR\u00c7AMENTO VIGENTE E DA OUTRAS PROVIDENCIAS."}, {"id": "596", "ano": "2020", "numero": "11", "tipo__sigla": "PDD", "tipo__descricao": "Portarias de Diarias", "texto_integral": "http://sapl.manciolima.ac.leg.br/media/sapl/public/normajuridica/2020/596/30011304.pdf", "ementa": "CONCEDENDO DIARIA AO VEREADOR ROGERIO CORREA MORAIS."}, {"id": "595", "ano": "2020", "numero": "10", "tipo__sigla": "PDD", "tipo__descricao": "Portarias de Diarias", "texto_integral": "http://sapl.manciolima.ac.leg.br/media/sapl/public/normajuridica/2020/595/30011305.pdf", "ementa": "CONCEDENDO DIARIA AO VEREADOR OZANIR OLIVEIRA DIAS."}, {"id": "597", "ano": "2020", "numero": "9", "tipo__sigla": "PDD", "tipo__descricao": "Portarias de Diarias", "texto_integral": "http://sapl.manciolima.ac.leg.br/media/sapl/public/normajuridica/2020/597/30011303.pdf", "ementa": "CONCEDENDO DIARIA AO VEREADOR LUIZ AUGUSTO DE ARAUJO PINHEIRO."}, {"id": "433", "ano": "2020", "numero": "437", "tipo__sigla": "LEI", "tipo__descricao": "Lei", "texto_integral": "http://sapl.manciolima.ac.leg.br/media/sapl/public/normajuridica/2020/433/01102005.pdf", "ementa": "DISPOE SOBRE A OBRIGATORIEDADE DA OBSERVANCIA DAS RECOMENDA\u00c7\u00d5ES SANITARIAS DE COMBATE E ENFRENTAMENTO AO NOVO CORONAVIRUS E VERSA SOBRE A APLICA\u00c7\u00c3O DE MULTA PECUNIARIA NOS CASOS DE DESCUMPRIMENTO."}, {"id": "255", "ano": "2020", "numero": "436", "tipo__sigla": "LEI", "tipo__descricao": "Lei", "texto_integral": "http://sapl.manciolima.ac.leg.br/media/sapl/public/normajuridica/2020/255/lei_436.pdf", "ementa": "DISP\u00d5E SOBRE MEDIDAS ASSISTENCIAIS PARA ATENDIMENTO DE FAM\u00cdLIAS EM SITUA\u00c7\u00c3O DE VULNERABILIDADE SOCIAL EM VIRTUDE DO ESTADO DE CALAMIDADE PUBLICA CAUSADO PELA PANDEMIA DE CORONAV\u00cdRUS (covid-19)"}, {"id": "256", "ano": "2020", "numero": "435", "tipo__sigla": "LEI", "tipo__descricao": "Lei", "texto_integral": "http://sapl.manciolima.ac.leg.br/media/sapl/public/normajuridica/2020/256/lei_435.pdf", "ementa": "CRIA GRATIFICA\u00c7\u00c3O TEMPOR\u00c1RIA E TRANSIT\u00d3RIA AOS SERVIDORES P\u00daBLICOS MUNICIPAIS QUE ATUEM NAS A\u00c7\u00d5ES PRESENCIAIS DE PREVEN\u00c7\u00c3O E ENFRENTAMENTO A PANDEMIA DE CORONAVIRUS (COVID-19)"}, {"id": "436", "ano": "2020", "numero": "433", "tipo__sigla": "LEI", "tipo__descricao": "Lei", "texto_integral": "http://sapl.manciolima.ac.leg.br/media/sapl/public/normajuridica/2020/436/lei_433.pdf", "ementa": "DISP\u00d5E SOBRE A SUSPENS\u00c3O DO CUMPRIMENTO DE OBRIGA\u00c7\u00d5ES FINANCEIRAS REFERENTES A EMPR\u00c9STIMOS CONSIGNADOS CONTRA\u00cdDOS POR SERVIDORES P\u00daBLICOS MUNICIPAL NO \u00c2MBITO DO MUNIC\u00cdPIO DE MANCIO LIMA DURANTE O PER\u00cdODO DE 90 DIAS E DA OUTRAS PROVIDENCIAS."}, {"id": "439", "ano": "2020", "numero": "434", "tipo__sigla": "LEI", "tipo__descricao": "Lei", "texto_integral": "http://sapl.manciolima.ac.leg.br/media/sapl/public/normajuridica/2020/439/lei_434.pdf", "ementa": "DISP\u00d5E SOBRE A ALTERA\u00c7\u00c3O DO PLANO PLURIANUAL DO MUNIC\u00cdPIO PARA O QUADRI\u00caNIO 2018 A 2021, LEI DE DIRETRIZES OR\u00c7AMENTARIAS E DA ABERTURA DE CREDITO ADICIONAL ESPECIAL E DA OUTRAS PROVIDENCIAS."}, {"id": "960", "ano": "2020", "numero": "12", "tipo__sigla": "PDD", "tipo__descricao": "Portarias de Diarias", "texto_integral": "http://sapl.manciolima.ac.leg.br/media/sapl/public/normajuridica/2020/960/13031311.pdf", "ementa": "CONCEDENDO DIARIA AO VEREADOR LUCIANO DA ROCHA LIMA"}, {"id": "957", "ano": "2020", "numero": "1000", "tipo__sigla": "PDD", "tipo__descricao": "Portarias de Diarias", "texto_integral": "http://sapl.manciolima.ac.leg.br/media/sapl/public/normajuridica/2020/957/13031307.pdf", "ementa": "CONCEDENDO DIARIA AO VEREADOR LUIZ AUGUSTO DE ARAUJO PINHEIRO"}, {"id": "441", "ano": "2020", "numero": "432", "tipo__sigla": "LEI", "tipo__descricao": "Lei", "texto_integral": "http://sapl.manciolima.ac.leg.br/media/sapl/public/normajuridica/2020/441/lei_432.pdf", "ementa": "DISPOE SOBRE A REDU\u00c7\u00c3O DA CARGA HOR\u00c1RIA DAS CATEGORIAS FUNCIONAIS DE ORIENTADOR SOCIAL, ASSISTENTE SOCIAL E PSIC\u00d3LOGO E DA OUTRAS PROVIDENCIAS."}, {"id": "437", "ano": "2020", "numero": "431", "tipo__sigla": "LEI", "tipo__descricao": "Lei", "texto_integral": "http://sapl.manciolima.ac.leg.br/media/sapl/public/normajuridica/2020/437/lei_431.pdf", "ementa": "ALTERA A LEI N\u00ba 249 DE 25 DE AGOSTO DE 2009 E REVOGA A LEI N\u00ba 357 DE 17 DE AGOSTO DE 2016, QUE DISPOEM SOBRE A IMPLEMENTA\u00c7\u00c3O DO SISTEMA DE SERVI\u00c7O DE TRANSPORTE ALTERNATIVO NO MUNIC\u00cdPIO DE MANCIO LIMA - ACRE."}, {"id": "729", "ano": "2020", "numero": "5", "tipo__sigla": "POR", "tipo__descricao": "Portarias", "texto_integral": "http://sapl.manciolima.ac.leg.br/media/sapl/public/normajuridica/2020/729/21021337.pdf", "ementa": "NOMEANDO O SENHOR JOSE WYTELON RODRIGUES DE OLIVEIRA"}, {"id": "431", "ano": "2020", "numero": "430", "tipo__sigla": "LEI", "tipo__descricao": "Lei", "texto_integral": "http://sapl.manciolima.ac.leg.br/media/sapl/public/normajuridica/2020/431/30092001.pdf", "ementa": "AUTORIZA O PODER EXECUTIVO A PROMOVER LEILAO PARA ALIENAR BENS E SUCATAS INSERVIVEIS DE PROPRIEDADE DA PREFEITURA MUNICIPAL E DA OUTRAS PROVIDENCIAS."}, {"id": "432", "ano": "2020", "numero": "429", "tipo__sigla": "LEI", "tipo__descricao": "Lei", "texto_integral": "http://sapl.manciolima.ac.leg.br/media/sapl/public/normajuridica/2020/432/30092002.pdf", "ementa": "DISPOE SOBRE A DEMOLI\u00c7\u00c3O DE PREDIOS PUBLICOS COM ESTRUTURAS DETERIORIZADAS PARA A CONSTRU\u00c7\u00c3O DE NOVA ESCOLA, CRECHE E LOCAL DE EVENTOS."}, {"id": "593", "ano": "2020", "numero": "8", "tipo__sigla": "PDD", "tipo__descricao": "Portarias de Diarias", "texto_integral": "http://sapl.manciolima.ac.leg.br/media/sapl/public/normajuridica/2020/593/30011307.pdf", "ementa": "CONCEDENDO DIARIA AO VERESADOR RENAN DA COSTA SILVA."}, {"id": "592", "ano": "2020", "numero": "7", "tipo__sigla": "PDD", "tipo__descricao": "Portarias de Diarias", "texto_integral": "http://sapl.manciolima.ac.leg.br/media/sapl/public/normajuridica/2020/592/30011308.pdf", "ementa": "CONCEDENDO DIARIA AO VEREADOR RONEILSON OLIVEIRA PINHEIRO."}, {"id": "956", "ano": "2020", "numero": "999", "tipo__sigla": "PDD", "tipo__descricao": "Portarias de Diarias", "texto_integral": "http://sapl.manciolima.ac.leg.br/media/sapl/public/normajuridica/2020/956/13031306.pdf", "ementa": "CONCEDENDO DIARIA AO VEREADOR LUIZ AUGUSTO DE ARAUJO PINHEIRO"}, {"id": "594", "ano": "2020", "numero": "6", "tipo__sigla": "PDD", "tipo__descricao": "Portarias de Diarias", "texto_integral": "http://sapl.manciolima.ac.leg.br/media/sapl/public/normajuridica/2020/594/07031355.pdf", "ementa": "CONCEDENDO DIARIA AO VEREADOR LUIZ AUGUSTO DE ARAUJO PINHEIRO."}, {"id": "734", "ano": "2020", "numero": "4", "tipo__sigla": "POR", "tipo__descricao": "Portarias", "texto_integral": "http://sapl.manciolima.ac.leg.br/media/sapl/public/normajuridica/2020/734/21021343.pdf", "ementa": "NOMEANDO O SENHOR ALEX RODRIGUES PEREIRA LIMA"}, {"id": "735", "ano": "2020", "numero": "3", "tipo__sigla": "POR", "tipo__descricao": "Portarias", "texto_integral": "http://sapl.manciolima.ac.leg.br/media/sapl/public/normajuridica/2020/735/21021344.pdf", "ementa": "NOMEANDO O SENHOR VILDISON SILVA DA COSTA"}, {"id": "736", "ano": "2020", "numero": "2", "tipo__sigla": "POR", "tipo__descricao": "Portarias", "texto_integral": "http://sapl.manciolima.ac.leg.br/media/sapl/public/normajuridica/2020/736/21021345.pdf", "ementa": "NOMEANDO O SENHOR VALDIVILSON SILVA DA COSTA"}, {"id": "737", "ano": "2020", "numero": "1", "tipo__sigla": "POR", "tipo__descricao": "Portarias", "texto_integral": "http://sapl.manciolima.ac.leg.br/media/sapl/public/normajuridica/2020/737/21021346.pdf", "ementa": "NOMEANDO O SENHOR ELIANO COSTA FERNANDES"}, {"id": "730", "ano": "2019", "numero": "82", "tipo__sigla": "POR", "tipo__descricao": "Portarias", "texto_integral": "http://sapl.manciolima.ac.leg.br/media/sapl/public/normajuridica/2019/730/21021338.pdf", "ementa": "EXONERANDO O SENHOR LUIS HENRIQUE PEREIRA OLIVEIRA"}, {"id": "731", "ano": "2019", "numero": "81", "tipo__sigla": "POR", "tipo__descricao": "Portarias", "texto_integral": "http://sapl.manciolima.ac.leg.br/media/sapl/public/normajuridica/2019/731/21021339.pdf", "ementa": "EXONERANDO O SENHOR ALEX RODRIGUES PEREIRA LIMA"}, {"id": "732", "ano": "2019", "numero": "80", "tipo__sigla": "POR", "tipo__descricao": "Portarias", "texto_integral": "http://sapl.manciolima.ac.leg.br/media/sapl/public/normajuridica/2019/732/21021340.pdf", "ementa": "EXONERAR A SENHORA ROBERTA FERNANDES DO NASCIMENTO"}, {"id": "733", "ano": "2019", "numero": "79", "tipo__sigla": "POR", "tipo__descricao": "Portarias", "texto_integral": "http://sapl.manciolima.ac.leg.br/media/sapl/public/normajuridica/2019/733/21021341.pdf", "ementa": "EXONERAR A SENHORA MARIA DO CARMO CARNEIRO DE OLIVEIRA"}, {"id": "637", "ano": "2019", "numero": "78", "tipo__sigla": "PDD", "tipo__descricao": "Portarias de Diarias", "texto_integral": "http://sapl.manciolima.ac.leg.br/media/sapl/public/normajuridica/2019/637/14021320.pdf", "ementa": "CONCEDENDO DIARIAS AO VEREADOR LUIZ AUGUSTO DE ARAUJO PINHEIRO"}, {"id": "636", "ano": "2019", "numero": "77", "tipo__sigla": "PDD", "tipo__descricao": "Portarias de Diarias", "texto_integral": "http://sapl.manciolima.ac.leg.br/media/sapl/public/normajuridica/2019/636/14021319.pdf", "ementa": "CONCEDENDO DIARIAS AO SERVIDOR JOSE WYTELON RODRIGUES DE OLIVEIRA"}, {"id": "635", "ano": "2019", "numero": "76", "tipo__sigla": "PDD", "tipo__descricao": "Portarias de Diarias", "texto_integral": "http://sapl.manciolima.ac.leg.br/media/sapl/public/normajuridica/2019/635/14021318.pdf", "ementa": "CONCEDENDO DIARIAS AO SERVIDOR EUSTAQUIO GUILHERME DE MELO FILHO"}, {"id": "633", "ano": "2019", "numero": "428", "tipo__sigla": "LEI", "tipo__descricao": "Lei", "texto_integral": "http://sapl.manciolima.ac.leg.br/media/sapl/public/normajuridica/2019/633/15021332.pdf", "ementa": "ESTIMA A RECEITA E FIXA A DESPESA DO MUNICIPIO DE MANCIO LIMA - ACRE, PARA O EXERCICIO FINANCEIRO DE 2020."}, {"id": "639", "ano": "2019", "numero": "75", "tipo__sigla": "PDD", "tipo__descricao": "Portarias de Diarias", "texto_integral": "http://sapl.manciolima.ac.leg.br/media/sapl/public/normajuridica/2019/639/14021322.pdf", "ementa": "CONCEDENDO DIARIAS A VEREADORA REZIANE DOS SANTOS ALMEIDA BARROS"}, {"id": "638", "ano": "2019", "numero": "74", "tipo__sigla": "PDD", "tipo__descricao": "Portarias de Diarias", "texto_integral": "http://sapl.manciolima.ac.leg.br/media/sapl/public/normajuridica/2019/638/14021321.pdf", "ementa": "CONCEDENDO DIARIAS AO VEREADOR LUIZ AUGUSTO DE ARAUJO PINHEIRO"}, {"id": "634", "ano": "2019", "numero": "73", "tipo__sigla": "PDD", "tipo__descricao": "Portarias de Diarias", "texto_integral": "http://sapl.manciolima.ac.leg.br/media/sapl/public/normajuridica/2019/634/14021317.pdf", "ementa": "CONCEDENDO DIARIA AO SERVIDOR EUSTAQUIO GUILHERME DE MELO FILHO."}, {"id": "670", "ano": "2019", "numero": "72", "tipo__sigla": "PDD", "tipo__descricao": "Portarias de Diarias", "texto_integral": "http://sapl.manciolima.ac.leg.br/media/sapl/public/normajuridica/2019/670/14021358.pdf", "ementa": "CONCEDENDO DIARIAS AO VEREADOR MANOEL MEDEIROS RODRIGUES"}, {"id": "674", "ano": "2019", "numero": "71", "tipo__sigla": "PDD", "tipo__descricao": "Portarias de Diarias", "texto_integral": "http://sapl.manciolima.ac.leg.br/media/sapl/public/normajuridica/2019/674/15021301.pdf", "ementa": "CONCEDENDO DIARIAS AO VEREADOR LUCIANO DA ROCHA LIMA"}, {"id": "673", "ano": "2019", "numero": "70", "tipo__sigla": "PDD", "tipo__descricao": "Portarias de Diarias", "texto_integral": "http://sapl.manciolima.ac.leg.br/media/sapl/public/normajuridica/2019/673/15021300.pdf", "ementa": "CONCEDENDO DIARIAS AO VEREADOR JOSE AMARISIO DA SILVA"}, {"id": "672", "ano": "2019", "numero": "69", "tipo__sigla": "PDD", "tipo__descricao": "Portarias de Diarias", "texto_integral": "http://sapl.manciolima.ac.leg.br/media/sapl/public/normajuridica/2019/672/14021360.pdf", "ementa": "CONCEDENDO DIARIAS AO VEREADOR KENNEDY DE OLIVEIRA GUIMARAES"}, {"id": "671", "ano": "2019", "numero": "68", "tipo__sigla": "PDD", "tipo__descricao": "Portarias de Diarias", "texto_integral": "http://sapl.manciolima.ac.leg.br/media/sapl/public/normajuridica/2019/671/14021359.pdf", "ementa": "CONCEDENDO DIARIAS AO VEREADOR OZANIR OLIVEIRA DIAS"}, {"id": "253", "ano": "2019", "numero": "427", "tipo__sigla": "LEI", "tipo__descricao": "Lei", "texto_integral": "http://sapl.manciolima.ac.leg.br/media/sapl/public/normajuridica/2019/253/12111904.pdf", "ementa": "AUTORIZA O PODER EXECUTIVO DO MUNIC\u00cdPIO DE MANCIO LIMA A CONTRATAR OPERA\u00c7\u00c3O DE CREDITO COM A CAIXA ECON\u00d4MICA FEDERAL E DA OUTRAS PROVIDENCIAS."}, {"id": "252", "ano": "2019", "numero": "426", "tipo__sigla": "LEI", "tipo__descricao": "Lei", "texto_integral": "http://sapl.manciolima.ac.leg.br/media/sapl/public/normajuridica/2019/252/12111903.pdf", "ementa": "AUTORIZA O EXECUTIVO MUNICIPAL A EFETUAR CONCESS\u00c3O DE DESCONTO EM JUROS E MULTAS DO IMPOSTO PREDIAL E TERRITORIAL URBANO (IPTU) E DA OUTRAS PROVIDENCIAS."}, {"id": "675", "ano": "2019", "numero": "67", "tipo__sigla": "PDD", "tipo__descricao": "Portarias de Diarias", "texto_integral": "http://sapl.manciolima.ac.leg.br/media/sapl/public/normajuridica/2019/675/15021302.pdf", "ementa": "CONCEDENDO DIARIAS AO VEREADOR LUIZ AUGUSTO DE ARAUJO PINHEIRO"}, {"id": "646", "ano": "2019", "numero": "66", "tipo__sigla": "PDD", "tipo__descricao": "Portarias de Diarias", "texto_integral": "http://sapl.manciolima.ac.leg.br/media/sapl/public/normajuridica/2019/646/14021329.pdf", "ementa": "CONCEDENDO DIARIAS AO VEREADOR MANOEL MEDEIROS RODRIGUES"}, {"id": "965", "ano": "2019", "numero": "666", "tipo__sigla": "PDD", "tipo__descricao": "Portarias de Diarias", "texto_integral": "http://sapl.manciolima.ac.leg.br/media/sapl/public/normajuridica/2019/965/13031316.pdf", "ementa": "CONCEDENDO DIARIA AO SERVIDOR EUSTAQUIO GUILHERME DE MELO FILHO"}, {"id": "645", "ano": "2019", "numero": "64", "tipo__sigla": "PDD", "tipo__descricao": "Portarias de Diarias", "texto_integral": "http://sapl.manciolima.ac.leg.br/media/sapl/public/normajuridica/2019/645/14021328.pdf", "ementa": "CONCEDENDO DIARIAS AO VEREADOR LUCIANO DA ROCHA LIMA"}, {"id": "254", "ano": "2019", "numero": "425", "tipo__sigla": "LEI", "tipo__descricao": "Lei", "texto_integral": "http://sapl.manciolima.ac.leg.br/media/sapl/public/normajuridica/2019/254/25111901.pdf", "ementa": "DISPOE SOBRE A DEMOLI\u00c7\u00c3O DE PREDIO PUBLICO ANTIGO PARA A CONSTRU\u00c7\u00c3O DE MERCADO MUNICIPAL NO BAIRRO SAO FRANCISCO."}, {"id": "964", "ano": "2019", "numero": "777", "tipo__sigla": "PDD", "tipo__descricao": "Portarias de Diarias", "texto_integral": "http://sapl.manciolima.ac.leg.br/media/sapl/public/normajuridica/2019/964/13031318.pdf", "ementa": "CONCEDENDO DIARIA AO VEREADOR JOSE AMARISIO DA SILVA"}, {"id": "603", "ano": "2019", "numero": "423", "tipo__sigla": "LEI", "tipo__descricao": "Lei", "texto_integral": "http://sapl.manciolima.ac.leg.br/media/sapl/public/normajuridica/2019/603/01021307.pdf", "ementa": "DISPOE SOBRE A CRIA\u00c7AO E IMPLATAN\u00c7AO DO CONCELHO MUNICIPAL DE EDUCA\u00c7AO; REVOGA A LEI N\u00ba129/99, E DA OUTRAS PROVIDENCIAS."}, {"id": "652", "ano": "2019", "numero": "60", "tipo__sigla": "PDD", "tipo__descricao": "Portarias de Diarias", "texto_integral": "http://sapl.manciolima.ac.leg.br/media/sapl/public/normajuridica/2019/652/14021335.pdf", "ementa": "CONCEDENDO DIARIAS AO SERVIDOR EUSTAQUIO GUILHERME DE MELO FILHO"}, {"id": "653", "ano": "2019", "numero": "59", "tipo__sigla": "PDD", "tipo__descricao": "Portarias de Diarias", "texto_integral": "http://sapl.manciolima.ac.leg.br/media/sapl/public/normajuridica/2019/653/14021336.pdf", "ementa": "CONCEDENDO DIARIAS AO VEREADOR MANOEL MEDEIROS RODRIGUES"}, {"id": "650", "ano": "2019", "numero": "58", "tipo__sigla": "PDD", "tipo__descricao": "Portarias de Diarias", "texto_integral": "http://sapl.manciolima.ac.leg.br/media/sapl/public/normajuridica/2019/650/14021333.pdf", "ementa": "CONCEDENDO DIARIAS AO VEREADOR JOSE AMARISIO DA SILVA"}, {"id": "660", "ano": "2019", "numero": "57", "tipo__sigla": "PDD", "tipo__descricao": "Portarias de Diarias", "texto_integral": "http://sapl.manciolima.ac.leg.br/media/sapl/public/normajuridica/2019/660/14021343.pdf", "ementa": "CONCEDENDO DIARIAS AO VEREADOR JOSE DE SOUZA MENESES"}, {"id": "959", "ano": "2019", "numero": "56", "tipo__sigla": "PDD", "tipo__descricao": "Portarias de Diarias", "texto_integral": "http://sapl.manciolima.ac.leg.br/media/sapl/public/normajuridica/2019/959/13031312.pdf", "ementa": "CONCEDENDO DIARIA AO VEREADOR LUIZ AUGUSTO DE ARAUJO PINHEIRO"}, {"id": "249", "ano": "2019", "numero": "422", "tipo__sigla": "LEI", "tipo__descricao": "Lei", "texto_integral": "http://sapl.manciolima.ac.leg.br/media/sapl/public/normajuridica/2019/249/03091900.pdf", "ementa": "DISPOE SOBRE A POLITICA MUNICIPAL DE GESTAO INTEGRADA DE RESIDUOS SOLIDOS DO MUNICIPIO DE MANCIO LIMA - ACRE E DA OUTRAS PROVIDENCIAS."}, {"id": "250", "ano": "2019", "numero": "421", "tipo__sigla": "LEI", "tipo__descricao": "Lei", "texto_integral": "http://sapl.manciolima.ac.leg.br/media/sapl/public/normajuridica/2019/250/04091900.pdf", "ementa": "AUTORIZA O PODER EXECUTIVO MUNICIPAL A DOAR UMA \u00c1REA DE TERRA, LOCALIZADA NO BAIRRO COBAL, NESTE MUNIC\u00cdPIO DE MANCIO LIMA - AC."}, {"id": "649", "ano": "2019", "numero": "55", "tipo__sigla": "PDD", "tipo__descricao": "Portarias de Diarias", "texto_integral": "http://sapl.manciolima.ac.leg.br/media/sapl/public/normajuridica/2019/649/14021332.pdf", "ementa": "CONCEDENDO DIARIAS AO VEREADOR LUIZ AUGUSTO DE ARAUJO PINHEIRO"}, {"id": "651", "ano": "2019", "numero": "54", "tipo__sigla": "PDD", "tipo__descricao": "Portarias de Diarias", "texto_integral": "http://sapl.manciolima.ac.leg.br/media/sapl/public/normajuridica/2019/651/14021334.pdf", "ementa": "CONCEDENDO DIARIAS AO VEREADOR LUIZ AUGUSTO DE ARAUJO PINHEIRO"}, {"id": "248", "ano": "2019", "numero": "420", "tipo__sigla": "LEI", "tipo__descricao": "Lei", "texto_integral": "http://sapl.manciolima.ac.leg.br/media/sapl/public/normajuridica/2019/248/21081900.pdf", "ementa": "ESTABELECE AS DIRETRIZES A SEREM OBSERVADAS NA ELABORA\u00c7\u00c3O E EXECU\u00c7\u00c3O DA LEI OR\u00c7AMENTARIA DO MUNIC\u00cdPIO DE MANCIO LIMA, PARA O EXERC\u00cdCIO FINANCEIRO DE 2020 E DA OUTRAS PROVIDENCIAS."}, {"id": "668", "ano": "2019", "numero": "53", "tipo__sigla": "PDD", "tipo__descricao": "Portarias de Diarias", "texto_integral": "http://sapl.manciolima.ac.leg.br/media/sapl/public/normajuridica/2019/668/14021355.pdf", "ementa": "CONCEDENDO DIARIAS AO VEREADOR OZANIR OLIVEIRA DIAS"}, {"id": "251", "ano": "2019", "numero": "419", "tipo__sigla": "LEI", "tipo__descricao": "Lei", "texto_integral": "http://sapl.manciolima.ac.leg.br/media/sapl/public/normajuridica/2019/251/lei_419.pdf", "ementa": "ALTERA DISPOSITIVOS DA LEI N\u00ba 171 DE 14 DE DEZEMBRO DE 2003 E DA LEI 286 DE 14 DE NOVEMBRO DE 2011 E DA OUTRAS PROVIDENCIAS."}, {"id": "667", "ano": "2019", "numero": "51", "tipo__sigla": "PDD", "tipo__descricao": "Portarias de Diarias", "texto_integral": "http://sapl.manciolima.ac.leg.br/media/sapl/public/normajuridica/2019/667/14021353.pdf", "ementa": "CONCEDENDO DIARIAS AO VEREADOR LUCIANO DA ROCHA LIMA"}, {"id": "246", "ano": "2019", "numero": "418", "tipo__sigla": "LEI", "tipo__descricao": "Lei", "texto_integral": "http://sapl.manciolima.ac.leg.br/media/sapl/public/normajuridica/2019/246/31071900.pdf", "ementa": "ALTERA A LEI MUNICIPAL N\u00ba 250 DE 25 DE AGOSTO DE 2009, QUE DISP\u00d5E SOBRE O SERVI\u00c7O DE TRANSPORTE INDIVIDUAL DE PASSAGEIROS EM VEICULO AUTOMOTOR TIPO MOTOCICLETA, DENOMINADO MOTO T\u00c1XI NO MUNIC\u00cdPIO DE MANCIO LIMA - ACRE E DA OUTRAS PROVIDENCIAS."}, {"id": "244", "ano": "2019", "numero": "417", "tipo__sigla": "LEI", "tipo__descricao": "Lei", "texto_integral": "http://sapl.manciolima.ac.leg.br/media/sapl/public/normajuridica/2019/244/31071900.pdf", "ementa": "INSTITUI A FEIRA DO PEIXE NO MUNIC\u00cdPIO DE MANCIO LIMA - ACRE E DA OUTRAS PROVIDENCIAS."}, {"id": "245", "ano": "2019", "numero": "416", "tipo__sigla": "LEI", "tipo__descricao": "Lei", "texto_integral": "http://sapl.manciolima.ac.leg.br/media/sapl/public/normajuridica/2019/245/31071900.pdf", "ementa": "INSTITUI O FESTIVAL DO COCO NO MUNIC\u00cdPIO DE MANCIO LIMA - ACRE E DA OUTRAS PROVIDENCIAS"}, {"id": "657", "ano": "2019", "numero": "50", "tipo__sigla": "PDD", "tipo__descricao": "Portarias de Diarias", "texto_integral": "http://sapl.manciolima.ac.leg.br/media/", "ementa": "CONCEDENDO DIARIAS AO SERVIDOR EUSTAQUIO GULHERME DE MELO FILHO"}, {"id": "658", "ano": "2019", "numero": "49", "tipo__sigla": "PDD", "tipo__descricao": "Portarias de Diarias", "texto_integral": "http://sapl.manciolima.ac.leg.br/media/sapl/public/normajuridica/2019/658/14021341.pdf", "ementa": "CONCEDENDO DIARIAS AO VEREADOR LUIZ AUGUSTO DE ARAUJO PINHEIRO"}, {"id": "247", "ano": "2019", "numero": "415", "tipo__sigla": "LEI", "tipo__descricao": "Lei", "texto_integral": "http://sapl.manciolima.ac.leg.br/media/sapl/public/normajuridica/2019/247/lei_415.pdf", "ementa": "CRIA O CONSELHO MUNICIPAL DE TURISMO DO MUNIC\u00cdPIO DE MANCIO LIMA - ACRE E DA OUTRAS PROVIDENCIAS."}, {"id": "663", "ano": "2019", "numero": "100001", "tipo__sigla": "PDD", "tipo__descricao": "Portarias de Diarias", "texto_integral": "http://sapl.manciolima.ac.leg.br/media/sapl/public/normajuridica/2019/663/14021346.pdf", "ementa": "CONCEDENDO DIARIAS AO VEREADOR MANOEL MEDEIROS RODRIGUES"}, {"id": "659", "ano": "2019", "numero": "48", "tipo__sigla": "PDD", "tipo__descricao": "Portarias de Diarias", "texto_integral": "http://sapl.manciolima.ac.leg.br/media/sapl/public/normajuridica/2019/659/14021342.pdf", "ementa": "CONCEDENDO DIARIAS AO VEREADOR ROGERIO CORREA MORAIS"}, {"id": "654", "ano": "2019", "numero": "47", "tipo__sigla": "PDD", "tipo__descricao": "Portarias de Diarias", "texto_integral": "http://sapl.manciolima.ac.leg.br/media/sapl/public/normajuridica/2019/654/14021337.pdf", "ementa": "CONCEDENDO DIARIAS AO VEREADOR MANOEL MEDEIROS RODRIGUES"}, {"id": "662", "ano": "2019", "numero": "10000", "tipo__sigla": "PDD", "tipo__descricao": "Portarias de Diarias", "texto_integral": "http://sapl.manciolima.ac.leg.br/media/sapl/public/normajuridica/2019/662/14021345.pdf", "ementa": "CONCEDENDO DIARIAS AO SERVIDOR JOSE WYTELON RODRIGUES DE OLIVEIRA"}, {"id": "655", "ano": "2019", "numero": "46", "tipo__sigla": "PDD", "tipo__descricao": "Portarias de Diarias", "texto_integral": "http://sapl.manciolima.ac.leg.br/media/sapl/public/normajuridica/2019/655/14021338.pdf", "ementa": "CONCEDENDO DIARIAS AO SERVIDOR JOSE WYTELON RODRIGUES DE OLIVEIRA"}, {"id": "656", "ano": "2019", "numero": "45", "tipo__sigla": "PDD", "tipo__descricao": "Portarias de Diarias", "texto_integral": "http://sapl.manciolima.ac.leg.br/media/sapl/public/normajuridica/2019/656/14021339.pdf", "ementa": "CONCEDENDO DIARIAS AO VEREADOR LUIZ AUGUSTO DE ARAUJO PINHEIRO"}, {"id": "661", "ano": "2019", "numero": "44", "tipo__sigla": "PDD", "tipo__descricao": "Portarias de Diarias", "texto_integral": "http://sapl.manciolima.ac.leg.br/media/sapl/public/normajuridica/2019/661/14021344.pdf", "ementa": "CONCEDENDO DIARIAS AO VEREADOR LUIZ AUGUSTO DE ARAUJO PINHEIRO"}, {"id": "664", "ano": "2019", "numero": "100002", "tipo__sigla": "PDD", "tipo__descricao": "Portarias de Diarias", "texto_integral": "http://sapl.manciolima.ac.leg.br/media/sapl/public/normajuridica/2019/664/14021348.pdf", "ementa": "CONCEDENDO DIARIAS AO VEREADOR RONEILSON OLIVEIRA PINHEIRO"}, {"id": "755", "ano": "2019", "numero": "43", "tipo__sigla": "POR", "tipo__descricao": "Portarias", "texto_integral": "http://sapl.manciolima.ac.leg.br/media/sapl/public/normajuridica/2019/755/21021364.pdf", "ementa": "NOMEANDO O SENHOR CARLOS DA SILVA"}, {"id": "665", "ano": "2019", "numero": "43", "tipo__sigla": "PDD", "tipo__descricao": "Portarias de Diarias", "texto_integral": "http://sapl.manciolima.ac.leg.br/media/sapl/public/normajuridica/2019/665/14021351.pdf", "ementa": "CONCEDENDO DIARIAS AO VEREADOR RENAN DA COSTA SILVA"}, {"id": "756", "ano": "2019", "numero": "42", "tipo__sigla": "POR", "tipo__descricao": "Portarias", "texto_integral": "http://sapl.manciolima.ac.leg.br/media/sapl/public/normajuridica/2019/756/21021365.pdf", "ementa": "NOMEANDO O SENHOR LUIZ ALMEIDA DA SILVA FILHO"}, {"id": "666", "ano": "2019", "numero": "42", "tipo__sigla": "PDD", "tipo__descricao": "Portarias de Diarias", "texto_integral": "http://sapl.manciolima.ac.leg.br/media/sapl/public/normajuridica/2019/666/14021352.pdf", "ementa": "CONCEDENDO DIARIAS AO VEREADOR RONEILSON OLIVEIRA PINHEIRO"}, {"id": "757", "ano": "2019", "numero": "37", "tipo__sigla": "POR", "tipo__descricao": "Portarias", "texto_integral": "http://sapl.manciolima.ac.leg.br/media/sapl/public/normajuridica/2019/757/21021366.pdf", "ementa": "EXONERANDO O SENHOR ANGELO MUNIZ DIAS"}, {"id": "758", "ano": "2019", "numero": "36", "tipo__sigla": "POR", "tipo__descricao": "Portarias", "texto_integral": "http://sapl.manciolima.ac.leg.br/media/sapl/public/normajuridica/2019/758/21021367.pdf", "ementa": "EXONERANDO A SENHORA DIELE DE SOUZA SILVA"}, {"id": "679", "ano": "2019", "numero": "41", "tipo__sigla": "PDD", "tipo__descricao": "Portarias de Diarias", "texto_integral": "http://sapl.manciolima.ac.leg.br/media/sapl/public/normajuridica/2019/679/15021307.pdf", "ementa": "CONCEDENDO DIARIAS AO VEREADOR LUIZ AUGUSTO DE ARAUJO PINHEIRO"}, {"id": "678", "ano": "2019", "numero": "40", "tipo__sigla": "PDD", "tipo__descricao": "Portarias de Diarias", "texto_integral": "http://sapl.manciolima.ac.leg.br/media/sapl/public/normajuridica/2019/678/15021306.pdf", "ementa": "CONCEDENDO DIARIAS AO SERVIDOR EUSTAQUIO GUILHERME DE MELO FILHO"}, {"id": "680", "ano": "2019", "numero": "39", "tipo__sigla": "PDD", "tipo__descricao": "Portarias de Diarias", "texto_integral": "http://sapl.manciolima.ac.leg.br/media/sapl/public/normajuridica/2019/680/15021308.pdf", "ementa": "CONCEDENDO DIARIAS AO VEREADOR LUCIANO DA ROCHA LIMA"}, {"id": "677", "ano": "2019", "numero": "38", "tipo__sigla": "PDD", "tipo__descricao": "Portarias de Diarias", "texto_integral": "http://sapl.manciolima.ac.leg.br/media/sapl/public/normajuridica/2019/677/15021305.pdf", "ementa": "CONCEDENDO DIARIAS AO VEREADOR MANOEL MEDEIROS RODRIGUES"}, {"id": "676", "ano": "2019", "numero": "35", "tipo__sigla": "PDD", "tipo__descricao": "Portarias de Diarias", "texto_integral": "http://sapl.manciolima.ac.leg.br/media/sapl/public/normajuridica/2019/676/15021304.pdf", "ementa": "CONCEDENDO DIARIAS AO SERVIDOR JOSE WYTELON RODRIGUES DE OLIVEIRA"}, {"id": "447", "ano": "2019", "numero": "414", "tipo__sigla": "LEI", "tipo__descricao": "Lei", "texto_integral": "http://sapl.manciolima.ac.leg.br/media/sapl/public/normajuridica/2019/447/31122000.pdf", "ementa": "DISP\u00d5E SOBRE O PAGAMENTO DE D\u00c9BITOS OU OBRIGA\u00c7\u00d5ES DO MUNIC\u00cdPIO DE MANCIO LIMA/AC NOS TERMOS DOS PAR\u00c1GRAFOS 3\u00ba AO 5\u00ba, DO ARTIGO 100 DA CONSTITUI\u00c7\u00c3O FEDERAL, DECORRENTES DE DECIS\u00d5ES JUDICIAIS DE PEQUENO VALOR (RPV)."}, {"id": "435", "ano": "2019", "numero": "413", "tipo__sigla": "LEI", "tipo__descricao": "Lei", "texto_integral": "http://sapl.manciolima.ac.leg.br/media/sapl/public/normajuridica/2019/435/25122000.pdf", "ementa": "APROVA O PLANO DECENAL DOS DIREITOS HUMANOS DA CRIAN\u00c7A E DO ADOLESCENTE NO MUNIC\u00cdPIO DE MANCIO LIMA - AC E DA OUTRAS PROVIDENCIAS."}, {"id": "681", "ano": "2019", "numero": "34", "tipo__sigla": "PDD", "tipo__descricao": "Portarias de Diarias", "texto_integral": "http://sapl.manciolima.ac.leg.br/media/sapl/public/normajuridica/2019/681/15021309.pdf", "ementa": "CONCEDENDO DIARIAS AO VEREADOR LUIZ AUGUSTO DE ARAUJO PINHEIRO"}, {"id": "682", "ano": "2019", "numero": "33", "tipo__sigla": "PDD", "tipo__descricao": "Portarias de Diarias", "texto_integral": "http://sapl.manciolima.ac.leg.br/media/sapl/public/normajuridica/2019/682/15021310.pdf", "ementa": "CONCEDENDO DIARIAS A VEREADORA REZIANE DOS SANTOS ALMEIDA BARROS"}, {"id": "683", "ano": "2019", "numero": "32", "tipo__sigla": "PDD", "tipo__descricao": "Portarias de Diarias", "texto_integral": "http://sapl.manciolima.ac.leg.br/media/sapl/public/normajuridica/2019/683/15021311.pdf", "ementa": "CONCEDENDO DIARIAS AO VEREADOR LUCIANO DA ROCHA LIMA"}, {"id": "684", "ano": "2019", "numero": "31", "tipo__sigla": "PDD", "tipo__descricao": "Portarias de Diarias", "texto_integral": "http://sapl.manciolima.ac.leg.br/media/sapl/public/normajuridica/2019/684/15021312.pdf", "ementa": "CONCEDENDO DIARIAS AO VEREADOR KENNEDY DE OLIVEIRA GUIMARAES"}, {"id": "669", "ano": "2019", "numero": "30", "tipo__sigla": "PDD", "tipo__descricao": "Portarias de Diarias", "texto_integral": "http://sapl.manciolima.ac.leg.br/media/sapl/public/normajuridica/2019/669/14021357.pdf", "ementa": "CONCEDENDO DIARIAS AO VEREADOR LUCIANO DA ROCHA LIMA"}, {"id": "687", "ano": "2019", "numero": "29", "tipo__sigla": "PDD", "tipo__descricao": "Portarias de Diarias", "texto_integral": "http://sapl.manciolima.ac.leg.br/media/sapl/public/normajuridica/2019/687/15021315.pdf", "ementa": "CONCEDENDO DIARIAS AO VEREADOR LUIZ AUGUSTO DE ARAUJO PINHEIRO"}, {"id": "242", "ano": "2019", "numero": "412", "tipo__sigla": "LEI", "tipo__descricao": "Lei", "texto_integral": "http://sapl.manciolima.ac.leg.br/media/sapl/public/normajuridica/2019/242/13031901.pdf", "ementa": "DISPOE SOBRE A ALTERA\u00c7\u00c3O DA TABELA DA LEI N\u00ba 257 DE 10 DE DEZEMBRO DE 2009, QUE INSTITUI O PLANO DE CARGOS, CARREIRA E SALARIO DOS SERVIDORES P\u00daBLICOS DO MUNIC\u00cdPIO DE MANCIO LIMA - ACRE."}, {"id": "961", "ano": "2019", "numero": "27", "tipo__sigla": "PDD", "tipo__descricao": "Portarias de Diarias", "texto_integral": "http://sapl.manciolima.ac.leg.br/media/sapl/public/normajuridica/2019/961/13031314.pdf", "ementa": "CONCEDENDO DIARIA AO VEREADOR MANOEL MEDEIROS RODRIGUES"}, {"id": "686", "ano": "2019", "numero": "26", "tipo__sigla": "PDD", "tipo__descricao": "Portarias de Diarias", "texto_integral": "http://sapl.manciolima.ac.leg.br/media/sapl/public/normajuridica/2019/686/15021314.pdf", "ementa": "CONCEDENDO DIARIAS AO VEREADORA REZIANE DOS SANTOS ALMEIDA BARROS"}, {"id": "685", "ano": "2019", "numero": "25", "tipo__sigla": "PDD", "tipo__descricao": "Portarias de Diarias", "texto_integral": "http://sapl.manciolima.ac.leg.br/media/sapl/public/normajuridica/2019/685/15021313.pdf", "ementa": "CONCEDENDO DIARIAS AO VEREADOR LUCIANO DA ROCHA LIMA"}, {"id": "923", "ano": "2019", "numero": "1", "tipo__sigla": "DL", "tipo__descricao": "Decretos Legislativos", "texto_integral": "http://sapl.manciolima.ac.leg.br/media/sapl/public/normajuridica/2019/923/04031360.pdf", "ementa": "DISPOE SOBRE A PRORROGA\u00c7\u00c3O DO RECESSO PARLAMENTAR, QUE SE ESTENDER\u00c1 ATE 21 DE FEVEREIRO DE 2019"}, {"id": "644", "ano": "2019", "numero": "63", "tipo__sigla": "PDD", "tipo__descricao": "Portarias de Diarias", "texto_integral": "http://sapl.manciolima.ac.leg.br/media/sapl/public/normajuridica/2019/644/14021327.pdf", "ementa": "CONCEDENDO DIARIAS AO VEREADOR LUIZ AUGUSTO DE ARAUJO PINHEIRO"}, {"id": "640", "ano": "2019", "numero": "24", "tipo__sigla": "PDD", "tipo__descricao": "Portarias de Diarias", "texto_integral": "http://sapl.manciolima.ac.leg.br/media/sapl/public/normajuridica/2019/640/14021323.pdf", "ementa": "CONCEDENDO DIARIAS AO VEREADOR KENNEDY DE OLIVEIRA GUIMARAES"}, {"id": "641", "ano": "2019", "numero": "23", "tipo__sigla": "PDD", "tipo__descricao": "Portarias de Diarias", "texto_integral": "http://sapl.manciolima.ac.leg.br/media/sapl/public/normajuridica/2019/641/14021324.pdf", "ementa": "CONCEDENDO DIARIAS AO VEREADOR RENAN DA COSTA SILVA"}, {"id": "643", "ano": "2019", "numero": "22", "tipo__sigla": "PDD", "tipo__descricao": "Portarias de Diarias", "texto_integral": "http://sapl.manciolima.ac.leg.br/media/sapl/public/normajuridica/2019/643/14021326.pdf", "ementa": "CONCEDENDO DIARIAS AO VEREADOR JOSE AMARISIO DA SILVA"}, {"id": "642", "ano": "2019", "numero": "21", "tipo__sigla": "PDD", "tipo__descricao": "Portarias de Diarias", "texto_integral": "http://sapl.manciolima.ac.leg.br/media/sapl/public/normajuridica/2019/642/14021325.pdf", "ementa": "CONCEDENDO DIARIAS AO VEREADOR LUIZ AUGUSTO DE ARAUJO PINHEIRO"}, {"id": "648", "ano": "2019", "numero": "20", "tipo__sigla": "PDD", "tipo__descricao": "Portarias de Diarias", "texto_integral": "http://sapl.manciolima.ac.leg.br/media/sapl/public/normajuridica/2019/648/13031315.pdf", "ementa": "CONCEDENDO DIARIAS AO SERVIDOR EUSTAQUIO GUILHEME DE MELO FILHO"}, {"id": "647", "ano": "2019", "numero": "19", "tipo__sigla": "PDD", "tipo__descricao": "Portarias de Diarias", "texto_integral": "http://sapl.manciolima.ac.leg.br/media/sapl/public/normajuridica/2019/647/14021330.pdf", "ementa": "CONCEDENDO DIARIAS AO VEREADOR LUIZ AUGUSTO DE ARAUJO PINHEIRO"}, {"id": "754", "ano": "2019", "numero": "18", "tipo__sigla": "POR", "tipo__descricao": "Portarias", "texto_integral": "http://sapl.manciolima.ac.leg.br/media/sapl/public/normajuridica/2019/754/21021363.pdf", "ementa": "NOMEANDO COMISSSAO PARA CONFERENCIA DAS INFORMA\u00c7\u00d5ES DA GESTAO ANTERIOR"}, {"id": "752", "ano": "2019", "numero": "17", "tipo__sigla": "POR", "tipo__descricao": "Portarias", "texto_integral": "http://sapl.manciolima.ac.leg.br/media/sapl/public/normajuridica/2019/752/21021361.pdf", "ementa": "NOMEANDO O SENHOR ANGELO MUNIZ DIAS"}, {"id": "753", "ano": "2019", "numero": "16", "tipo__sigla": "POR", "tipo__descricao": "Portarias", "texto_integral": "http://sapl.manciolima.ac.leg.br/media/sapl/public/normajuridica/2019/753/21021362.pdf", "ementa": "TORNAR SEM EFEITO A PORTARIA N 13/2019"}, {"id": "738", "ano": "2019", "numero": "15", "tipo__sigla": "POR", "tipo__descricao": "Portarias", "texto_integral": "http://sapl.manciolima.ac.leg.br/media/sapl/public/normajuridica/2019/738/21021347.pdf", "ementa": "NOMEANDO A COMISSAO DE LICITA\u00c7\u00c3O."}, {"id": "751", "ano": "2019", "numero": "14", "tipo__sigla": "POR", "tipo__descricao": "Portarias", "texto_integral": "http://sapl.manciolima.ac.leg.br/media/sapl/public/normajuridica/2019/751/21021360.pdf", "ementa": "NOMEANDO O SENHOR ANTONIO CLAUDINO DE SOUZA CARVALHO"}, {"id": "750", "ano": "2019", "numero": "12", "tipo__sigla": "POR", "tipo__descricao": "Portarias", "texto_integral": "http://sapl.manciolima.ac.leg.br/media/sapl/public/normajuridica/2019/750/21021359.pdf", "ementa": "NOMEANDO A SENHORA ROBERTA FERNANDES DO NASCIMENTO"}, {"id": "749", "ano": "2019", "numero": "11", "tipo__sigla": "POR", "tipo__descricao": "Portarias", "texto_integral": "http://sapl.manciolima.ac.leg.br/media/sapl/public/normajuridica/2019/749/21021358.pdf", "ementa": "NOMEANDO A SENHORA MARIA DO CARMO CARNEIRO DE OLIVEIRA"}, {"id": "748", "ano": "2019", "numero": "10", "tipo__sigla": "POR", "tipo__descricao": "Portarias", "texto_integral": "http://sapl.manciolima.ac.leg.br/media/sapl/public/normajuridica/2019/748/21021357.pdf", "ementa": "NOMEANDO O SENHOR SANDRO SOUZA DA COSTA"}, {"id": "747", "ano": "2019", "numero": "9", "tipo__sigla": "POR", "tipo__descricao": "Portarias", "texto_integral": "http://sapl.manciolima.ac.leg.br/media/sapl/public/normajuridica/2019/747/21021356.pdf", "ementa": "NOMEANDO O SENHOR BENTO JOSE DA SILVA LIMA"}, {"id": "746", "ano": "2019", "numero": "8", "tipo__sigla": "POR", "tipo__descricao": "Portarias", "texto_integral": "http://sapl.manciolima.ac.leg.br/media/sapl/public/normajuridica/2019/746/21021355.pdf", "ementa": "NOMEANDO A SENHORA DIELE DE SOUZA SILVA"}, {"id": "745", "ano": "2019", "numero": "7", "tipo__sigla": "POR", "tipo__descricao": "Portarias", "texto_integral": "http://sapl.manciolima.ac.leg.br/media/sapl/public/normajuridica/2019/745/21021354.pdf", "ementa": "NOMEANDO O SENHOR FRANCISCO DE ASSIS DE MELO GOMES"}, {"id": "744", "ano": "2019", "numero": "6", "tipo__sigla": "POR", "tipo__descricao": "Portarias", "texto_integral": "http://sapl.manciolima.ac.leg.br/media/sapl/public/normajuridica/2019/744/21021353.pdf", "ementa": "NOMENANDO O SENHOR JOSIMAR FERREIRA DE OLIVEIRA"}, {"id": "743", "ano": "2019", "numero": "5", "tipo__sigla": "POR", "tipo__descricao": "Portarias", "texto_integral": "http://sapl.manciolima.ac.leg.br/media/sapl/public/normajuridica/2019/743/21021352.pdf", "ementa": "NOMEANDO O SENHOR ALEX RODRIGUES PEREIRA LIMA"}, {"id": "742", "ano": "2019", "numero": "4", "tipo__sigla": "POR", "tipo__descricao": "Portarias", "texto_integral": "http://sapl.manciolima.ac.leg.br/media/sapl/public/normajuridica/2019/742/21021351.pdf", "ementa": "NOMEANDO O SENHOR LUIS HENRIQUE PEREIRA OLIVEIRA"}, {"id": "741", "ano": "2019", "numero": "3", "tipo__sigla": "POR", "tipo__descricao": "Portarias", "texto_integral": "http://sapl.manciolima.ac.leg.br/media/sapl/public/normajuridica/2019/741/21021350.pdf", "ementa": "NOMEANDO O SENHOR JOSE WYTELON RODRIGUES DE OLIVEIRA"}, {"id": "740", "ano": "2019", "numero": "2", "tipo__sigla": "POR", "tipo__descricao": "Portarias", "texto_integral": "http://sapl.manciolima.ac.leg.br/media/sapl/public/normajuridica/2019/740/21021349.pdf", "ementa": "NOMEANDO O SENHOR EUSTAQUIO GUILHERME DE MELO FILHO"}, {"id": "739", "ano": "2019", "numero": "1", "tipo__sigla": "POR", "tipo__descricao": "Portarias", "texto_integral": "http://sapl.manciolima.ac.leg.br/media/sapl/public/normajuridica/2019/739/21021348.pdf", "ementa": "NOMEANDO A SENHORA ELIZANGELA CRUZ DE LIMA"}, {"id": "777", "ano": "2018", "numero": "47", "tipo__sigla": "POR", "tipo__descricao": "Portarias", "texto_integral": "http://sapl.manciolima.ac.leg.br/media/sapl/public/normajuridica/2018/777/21021386.pdf", "ementa": "EXONERANDO O SENHOR JOSE WYTELON RODRIGUES DE OLIVEIRA"}, {"id": "760", "ano": "2018", "numero": "46", "tipo__sigla": "POR", "tipo__descricao": "Portarias", "texto_integral": "http://sapl.manciolima.ac.leg.br/media/sapl/public/normajuridica/2018/760/21021369.pdf", "ementa": "EXONERANDO O SENHOR EUSTAQUIO GUILHERME DE MELO FILHO"}, {"id": "778", "ano": "2018", "numero": "45", "tipo__sigla": "POR", "tipo__descricao": "Portarias", "texto_integral": "http://sapl.manciolima.ac.leg.br/media/sapl/public/normajuridica/2018/778/21021387.pdf", "ementa": "EXONERANDO A SENHORA ELIZANGELA CRUZ DE LIMA"}, {"id": "924", "ano": "2018", "numero": "411", "tipo__sigla": "LEI", "tipo__descricao": "Lei", "texto_integral": "http://sapl.manciolima.ac.leg.br/media/sapl/public/normajuridica/2018/924/04031369.pdf", "ementa": "ESTIMA A RECEITA E FIXA A DESPESA DO MUNICIPIO DE MANCIO LIMA - ACRE PARA O EXERCICIO FINANCEIRO DE 2019"}, {"id": "428", "ano": "2018", "numero": "409", "tipo__sigla": "LEI", "tipo__descricao": "Lei", "texto_integral": "http://sapl.manciolima.ac.leg.br/media/sapl/public/normajuridica/2018/428/lei_409.pdf", "ementa": "DA NOVA REDA\u00c7\u00c3O A LEI MUNICIPAL N\u00ba 344/2018 QUE CRIA O CONSELHO MUNICIPAL DOS DIREITOS DA PESSOA COM DEFICIENCIA E DA OUTRAS PROVIDENCIAS."}, {"id": "241", "ano": "2018", "numero": "7", "tipo__sigla": "DL", "tipo__descricao": "Decretos Legislativos", "texto_integral": "http://sapl.manciolima.ac.leg.br/media/sapl/public/normajuridica/2018/241/17121804.pdf", "ementa": "DISP\u00d5E SOBRE A DESIGNA\u00c7\u00c3O DA EQUIPE DE LEVANTAMENTO DA TRANSMISS\u00c3O DE GOVERNO PELO PRESIDENTE DA C\u00c2MARA MUNICIPAL E DA OUTRAS PROVIDENCIAS."}, {"id": "966", "ano": "2018", "numero": "38", "tipo__sigla": "PDD", "tipo__descricao": "Portarias de Diarias", "texto_integral": "http://sapl.manciolima.ac.leg.br/media/sapl/public/normajuridica/2018/966/13031325.pdf", "ementa": "CONCEDENDO DIARIA AO SERVIDOR EUSTAQUIO GUILHERME DE MELO FILHO"}, {"id": "240", "ano": "2018", "numero": "408", "tipo__sigla": "LEI", "tipo__descricao": "Lei", "texto_integral": "http://sapl.manciolima.ac.leg.br/media/sapl/public/normajuridica/2018/240/17121800.pdf", "ementa": "DISP\u00d5E SOBRE A EXIBI\u00c7\u00c3O DE VIDEOS E/OU \u00c1UDIOS EDUCATIVOS ANTIDROGAS LICITAS E IL\u00cdCITAS SEMANALMENTE NAS ESCOLAS D ENSINO INFANTIL E FUNDAMENTAL E NAS ABERTURAS DE SHOWS, ABERTURAS DE FESTAS EM CASAS NOTURNAS OU SIMILARES E AINDA EM EVENTOS CULTURAIS, PALESTRAS, SEMIN\u00c1RIOS E CONFERENCIAS, PROMOVIDOS PELA PREFEITURA OU PARTICULARES NO MUNIC\u00cdPIO DE MANCIO LIMA E DA OUTRAS PROVIDENCIAS."}, {"id": "692", "ano": "2018", "numero": "36", "tipo__sigla": "PDD", "tipo__descricao": "Portarias de Diarias", "texto_integral": "http://sapl.manciolima.ac.leg.br/media/sapl/public/normajuridica/2018/692/15021305.pdf", "ementa": "CONCEDENDO DIARIA AO VEREADOR RONEILSON OLIVEIRA PINHEIRO"}, {"id": "691", "ano": "2018", "numero": "35", "tipo__sigla": "PDD", "tipo__descricao": "Portarias de Diarias", "texto_integral": "http://sapl.manciolima.ac.leg.br/media/sapl/public/normajuridica/2018/691/15021304.pdf", "ementa": "CONCEDENDO DIARIA AO VEREADOR LUIZ AUGUSTO DE ARAUJO PINHEIRO"}, {"id": "693", "ano": "2018", "numero": "34", "tipo__sigla": "PDD", "tipo__descricao": "Portarias de Diarias", "texto_integral": "http://sapl.manciolima.ac.leg.br/media/sapl/public/normajuridica/2018/693/15021306.pdf", "ementa": "CONCEDENDO DIARIA AO VEREADOR KENNEDY DE OLIVEIRA GUIMARAES"}, {"id": "690", "ano": "2018", "numero": "33", "tipo__sigla": "PDD", "tipo__descricao": "Portarias de Diarias", "texto_integral": "http://sapl.manciolima.ac.leg.br/media/sapl/public/normajuridica/2018/690/15021303.pdf", "ementa": "CONCEDENDO DIARIA AO VEREADOR RENAN DA COSTA SILVA"}, {"id": "922", "ano": "2018", "numero": "43", "tipo__sigla": "DL", "tipo__descricao": "Decretos Legislativos", "texto_integral": "http://sapl.manciolima.ac.leg.br/media/sapl/public/normajuridica/2018/922/02031300.pdf", "ementa": "EXONERANDO O SENHOR VANDERLAN SOUZA DIAS"}, {"id": "920", "ano": "2018", "numero": "42", "tipo__sigla": "POR", "tipo__descricao": "Portarias", "texto_integral": "http://sapl.manciolima.ac.leg.br/media/sapl/public/normajuridica/2018/920/01031350.pdf", "ementa": "EXONERANDO A SENHORA ROBERTA FERNANDES DO NASCIMENTO"}, {"id": "915", "ano": "2018", "numero": "41", "tipo__sigla": "POR", "tipo__descricao": "Portarias", "texto_integral": "http://sapl.manciolima.ac.leg.br/media/sapl/public/normajuridica/2018/915/01031340.pdf", "ementa": "EXONERANDO O SENHOR RAIMUNDO IBERNON CHAVES DA SILVA"}, {"id": "914", "ano": "2018", "numero": "40", "tipo__sigla": "POR", "tipo__descricao": "Portarias", "texto_integral": "http://sapl.manciolima.ac.leg.br/media/sapl/public/normajuridica/2018/914/01031324.pdf", "ementa": "EXONERANDO O SENHOR JOSE FRANCISCO DA SILVA COSTA"}, {"id": "913", "ano": "2018", "numero": "39", "tipo__sigla": "POR", "tipo__descricao": "Portarias", "texto_integral": "http://sapl.manciolima.ac.leg.br/media/sapl/public/normajuridica/2018/913/01031312.pdf", "ementa": "EXONERAR O SENHOR GUILHERME DE SOUZA MELO"}, {"id": "912", "ano": "2018", "numero": "38", "tipo__sigla": "POR", "tipo__descricao": "Portarias", "texto_integral": "http://sapl.manciolima.ac.leg.br/media/", "ementa": "EXONERANDO A SENHORA MARIA DO CARMO CARNEIRO DE OLIVEIRA"}, {"id": "911", "ano": "2018", "numero": "37", "tipo__sigla": "POR", "tipo__descricao": "Portarias", "texto_integral": "http://sapl.manciolima.ac.leg.br/media/sapl/public/normajuridica/2018/911/01031310.pdf", "ementa": "EXONERANDO O SENHOR JOSIMAR FERREIRA DE OLIVEIRA"}, {"id": "910", "ano": "2018", "numero": "36", "tipo__sigla": "POR", "tipo__descricao": "Portarias", "texto_integral": "http://sapl.manciolima.ac.leg.br/media/sapl/public/normajuridica/2018/910/01031309.pdf", "ementa": "EXONERANDO O SENHOR LUIS HENRIQUE PEREIRA OLIVEIRA."}, {"id": "909", "ano": "2018", "numero": "35", "tipo__sigla": "POR", "tipo__descricao": "Portarias", "texto_integral": "http://sapl.manciolima.ac.leg.br/media/sapl/public/normajuridica/2018/909/01031308.pdf", "ementa": "EXONERANDO O SENHOR FRANCISCO DE ASSIS DE MELO GOMES"}, {"id": "908", "ano": "2018", "numero": "34", "tipo__sigla": "POR", "tipo__descricao": "Portarias", "texto_integral": "http://sapl.manciolima.ac.leg.br/media/sapl/public/normajuridica/2018/908/01031307.pdf", "ementa": "EXONERANDO A SENHORA DIELE DE SOUZA SILVA"}, {"id": "907", "ano": "2018", "numero": "33", "tipo__sigla": "POR", "tipo__descricao": "Portarias", "texto_integral": "http://sapl.manciolima.ac.leg.br/media/sapl/public/normajuridica/2018/907/01031306.pdf", "ementa": "EXONERANDO O SENHOR ALEX RODRIGUES PEREIRA LIMA"}, {"id": "243", "ano": "2018", "numero": "1", "tipo__sigla": "LOM", "tipo__descricao": "Lei Organica Municipal", "texto_integral": "http://sapl.manciolima.ac.leg.br/media/sapl/public/normajuridica/2018/243/1_-_lei_organica_-_mancio_lima_pdf.pdf", "ementa": "LEI ORG\u00c2NICA REVISADA E ATUALIZADA"}, {"id": "234", "ano": "2018", "numero": "406", "tipo__sigla": "LEI", "tipo__descricao": "Lei", "texto_integral": "http://sapl.manciolima.ac.leg.br/media/sapl/public/normajuridica/2018/234/17101800.pdf", "ementa": "ALTERA A LEI N\u00ba 312/13 DE 05 DE ABRIL DE 2013, QUE DISPOE SOBRE A ESTRUTURA ORGANIZACIONAL DA PREFEITURA MUNICIPAL DE MANCIO LIMA - AC, E DA OUTRAS PROVIDENCIAS."}, {"id": "233", "ano": "2018", "numero": "405", "tipo__sigla": "LEI", "tipo__descricao": "Lei", "texto_integral": "http://sapl.manciolima.ac.leg.br/media/sapl/public/normajuridica/2018/233/405.pdf", "ementa": "DISP\u00d5E SOBRE O PLANO MUNICIPAL DE SANEAMENTO B\u00c1SICO DO MUNIC\u00cdPIO DE MANCIO LIMA - AC, E D\u00c1 OUTRAS PROVIDENCIAS."}, {"id": "232", "ano": "2018", "numero": "404", "tipo__sigla": "LEI", "tipo__descricao": "Lei", "texto_integral": "http://sapl.manciolima.ac.leg.br/media/sapl/public/normajuridica/2018/232/404.pdf", "ementa": "ESTABELECE AS DIRETRIZES A SEREM OBSERVADAS NA ELABORA\u00c7\u00c3O E EXECU\u00c7\u00c3O DA LEI OR\u00c7AMENTARIA DO MUNIC\u00cdPIO DE MANCIO LIMA, PARA O EXERC\u00cdCIO FINANCEIRO DE 2019 E D\u00c1 OUTRAS PROVIDENCIAS."}, {"id": "434", "ano": "2018", "numero": "1", "tipo__sigla": "RI", "tipo__descricao": "Regimento Interno", "texto_integral": "http://sapl.manciolima.ac.leg.br/media/sapl/public/normajuridica/2018/434/resolucao_01__regimento_interno_pdf.pdf", "ementa": "DISPOE SOBRE O REGIMENTO INTERNO."}, {"id": "231", "ano": "2018", "numero": "403", "tipo__sigla": "LEI", "tipo__descricao": "Lei", "texto_integral": "http://sapl.manciolima.ac.leg.br/media/sapl/public/normajuridica/2018/231/403.pdf", "ementa": "CONCEDE AUXILIO ALIMENTA\u00c7\u00c3O AOS PROFISSIONAIS DE ENFERMAGEM, INTEGRANTES DO QUADRO DE SERVIDORES P\u00daBLICOS DO MUNIC\u00cdPIO DE MANCIO LIMA - AC."}, {"id": "229", "ano": "2018", "numero": "402", "tipo__sigla": "LEI", "tipo__descricao": "Lei", "texto_integral": "http://sapl.manciolima.ac.leg.br/media/sapl/public/normajuridica/2018/229/402.pdf", "ementa": "CRIA O CONSELHO MUNICIPAL DE DESENVOLVIMENTO RURAL SUSTENT\u00c1VEL E  O FUNDO MUNICIPAL DE DESENVOLVIMENTO RURAL SUSTENT\u00c1VEL."}, {"id": "230", "ano": "2018", "numero": "401", "tipo__sigla": "LEI", "tipo__descricao": "Lei", "texto_integral": "http://sapl.manciolima.ac.leg.br/media/sapl/public/normajuridica/2018/230/401.pdf", "ementa": "CRIA O CONSELHO MUNICIPAL DE PROMO\u00c7\u00c3O DA IGUALDADE RACIAL NO MUNIC\u00cdPIO DE MANCIO LIMA E D\u00c1 OUTRAS PROVIDENCIAS."}, {"id": "235", "ano": "2018", "numero": "400", "tipo__sigla": "LEI", "tipo__descricao": "Lei", "texto_integral": "http://sapl.manciolima.ac.leg.br/media/sapl/public/normajuridica/2018/235/17101801.pdf", "ementa": "ESTABELECE A CONCESS\u00c3O DOS BENEF\u00cdCIOS EVENTUAIS NO \u00c2MBITO DA POL\u00cdTICA MUNICIPAL DE ASSIST\u00caNCIA SOCIAL NO MUNIC\u00cdPIO DE MANCIO LIMA - ACRE."}, {"id": "236", "ano": "2018", "numero": "399", "tipo__sigla": "LEI", "tipo__descricao": "Lei", "texto_integral": "http://sapl.manciolima.ac.leg.br/media/sapl/public/normajuridica/2018/236/399.pdf", "ementa": "ALTERA A LEI 387, DE 31 DE JANEIRO DE 2018, QUE AUTORIZA O PODER EXECUTIVO MUNICIPAL A DOAR PREDIO E AREA DE TERRA E DA OUTRAS PROVIDENCIAS."}, {"id": "239", "ano": "2018", "numero": "3", "tipo__sigla": "DL", "tipo__descricao": "Decretos Legislativos", "texto_integral": "http://sapl.manciolima.ac.leg.br/media/sapl/public/normajuridica/2018/239/dec3.pdf", "ementa": "APROVA A PRESTA\u00c7\u00c3O DE CONTAS DA PREFEITURA MUNICIPAL DE MANCIO LIMA, EXERC\u00cdCIO DE 2006, DE RESPONSABILIDADE DO SENHOR LUIZ HELOSMAN DE FIGUEIREDO."}, {"id": "238", "ano": "2018", "numero": "2", "tipo__sigla": "DL", "tipo__descricao": "Decretos Legislativos", "texto_integral": "http://sapl.manciolima.ac.leg.br/media/sapl/public/normajuridica/2018/238/dec2.pdf", "ementa": "APROVA A PRESTA\u00c7\u00c3O DE CONTAS DA PREFEITURA MUNICIPAL DE MANCIO LIMA, EXERC\u00cdCIO DE 2004, DE RESPONSABILIDADE DO SENHOR LUIZ HELOSMAN DE FIGUEIREDO."}, {"id": "962", "ano": "2018", "numero": "999", "tipo__sigla": "PDD", "tipo__descricao": "Portarias de Diarias", "texto_integral": "http://sapl.manciolima.ac.leg.br/media/", "ementa": "CONCEDENDO DIARIA AO VEREADOR RENAN DA COSTA SILVA"}, {"id": "237", "ano": "2018", "numero": "398", "tipo__sigla": "LEI", "tipo__descricao": "Lei", "texto_integral": "http://sapl.manciolima.ac.leg.br/media/sapl/public/normajuridica/2018/237/398.pdf", "ementa": "DISP\u00d5E SOBRE A OBRIGATORIEDADE NA EXECU\u00c7\u00c3O DO HINO NACIONAL E DO HINO DE MANCIO LIMA, NAS ESCOLAS DE ENSINO FUNDAMENTAL E EM TODAS AS SOLENIDADES OFICIAIS DO MUNIC\u00cdPIO DE MANCIO LIMA, CONFORME ESPECIFICA."}, {"id": "688", "ano": "2018", "numero": "32", "tipo__sigla": "PDD", "tipo__descricao": "Portarias de Diarias", "texto_integral": "http://sapl.manciolima.ac.leg.br/media/sapl/public/normajuridica/2018/688/15021301.pdf", "ementa": "CONCEDENDO DIARIA AO VEREADOR ROGERIO CORREA MORAIS"}, {"id": "689", "ano": "2018", "numero": "31", "tipo__sigla": "PDD", "tipo__descricao": "Portarias de Diarias", "texto_integral": "http://sapl.manciolima.ac.leg.br/media/sapl/public/normajuridica/2018/689/15021302.pdf", "ementa": "CONCEDENDO DIARIA AO VEREADOR RENAN DA COSTA SILVA"}, {"id": "427", "ano": "2018", "numero": "397", "tipo__sigla": "LEI", "tipo__descricao": "Lei", "texto_integral": "http://sapl.manciolima.ac.leg.br/media/sapl/public/normajuridica/2018/427/lei_397.pdf", "ementa": "AUTORIZA O PODER EXECUTIVO A PROMOVER LEILAO PARA ALIENAR BENS E SUCATAS INSERVIVEIS DE PROPRIEDADE DA PREFEITURA MUNICIPAL E DA OUTRAS PROVIDENCIAS."}, {"id": "426", "ano": "2018", "numero": "396", "tipo__sigla": "LEI", "tipo__descricao": "Lei", "texto_integral": "http://sapl.manciolima.ac.leg.br/media/sapl/public/normajuridica/2018/426/lei_396.pdf", "ementa": "DISPOE SOBRE ABERTURA DE CREDITO ADICIONAL ESPECIAL DE DOTA\u00c7\u00c3O NO OR\u00c7AMENTO VIGENTE DO PODER EXECUTIVO MUNICIPAL E DA OUTRAS PROVIDENCIAS."}, {"id": "944", "ano": "2018", "numero": "1", "tipo__sigla": "DL", "tipo__descricao": "Decretos Legislativos", "texto_integral": "http://sapl.manciolima.ac.leg.br/media/sapl/public/normajuridica/2018/944/06031341.pdf", "ementa": "CONCEDE TITULO DE CIDADAO MANCIOLIMENSE A SENHORA ANTONIA VALERIA OLIVEIRA DA SILVA"}, {"id": "698", "ano": "2018", "numero": "29", "tipo__sigla": "PDD", "tipo__descricao": "Portarias de Diarias", "texto_integral": "http://sapl.manciolima.ac.leg.br/media/sapl/public/normajuridica/2018/698/21021398.pdf", "ementa": "CONCEDENDO DIARIA AO VEREADOR RENAN DA COSTA SILVA"}, {"id": "934", "ano": "2018", "numero": "23", "tipo__sigla": "POR", "tipo__descricao": "Portarias", "texto_integral": "http://sapl.manciolima.ac.leg.br/media/sapl/public/normajuridica/2018/934/07031326.pdf", "ementa": "NOMEANDO O SENHOR LUIS HENRIQUE PEREIRA OLIVEIRA"}, {"id": "786", "ano": "2018", "numero": "28", "tipo__sigla": "PDD", "tipo__descricao": "Portarias de Diarias", "texto_integral": "http://sapl.manciolima.ac.leg.br/media/sapl/public/normajuridica/2018/786/21021396.pdf", "ementa": "CONCEDENDO DIARIA AO VEREADOR ROGERIO CORREA MORAIS"}, {"id": "933", "ano": "2018", "numero": "22", "tipo__sigla": "POR", "tipo__descricao": "Portarias", "texto_integral": "http://sapl.manciolima.ac.leg.br/media/sapl/public/normajuridica/2018/933/07031325.pdf", "ementa": "EXONERANDO O SENHOR DOUGLAS RODRIGUES DE BARROS"}, {"id": "699", "ano": "2018", "numero": "27", "tipo__sigla": "PDD", "tipo__descricao": "Portarias de Diarias", "texto_integral": "http://sapl.manciolima.ac.leg.br/media/sapl/public/normajuridica/2018/699/21021397.pdf", "ementa": "CONCEDENDO DIARIA AO VEREADOR OZANIR OLIVEIRA DIAS"}, {"id": "228", "ano": "2018", "numero": "395", "tipo__sigla": "LEI", "tipo__descricao": "Lei", "texto_integral": "http://sapl.manciolima.ac.leg.br/media/./sapl/public/normajuridica/2018/228/228_texto_integral.pdf", "ementa": "DISPOE SOBRE ABERTURA DE CREDITO ADICIONAL ESPECIAL DE DOTA\u00c7\u00c3O NO OR\u00c7AMENTO VIGENTE DO PODER EXECUTIVO MUNICIPAL E DA OUTRAS PROVIDENCIAS."}, {"id": "951", "ano": "2018", "numero": "1", "tipo__sigla": "MO\u00c7", "tipo__descricao": "Mo\u00e7ao de Aplausos", "texto_integral": "http://sapl.manciolima.ac.leg.br/media/sapl/public/normajuridica/2018/951/07031316.pdf", "ementa": "MO\u00c7\u00c3O DE APLAUSOS AO DIA DO INDIO"}, {"id": "931", "ano": "2018", "numero": "21", "tipo__sigla": "POR", "tipo__descricao": "Portarias", "texto_integral": "http://sapl.manciolima.ac.leg.br/media/sapl/public/normajuridica/2018/931/07031323.pdf", "ementa": "NOMEANDO A SENHORA DIELE DE SOUZA SILVA"}, {"id": "932", "ano": "2018", "numero": "20", "tipo__sigla": "POR", "tipo__descricao": "Portarias", "texto_integral": "http://sapl.manciolima.ac.leg.br/media/", "ementa": "EXONERANDO O SENHOR ALDENIR NASCIMENTO DA SILVA"}, {"id": "775", "ano": "2018", "numero": "26", "tipo__sigla": "PDD", "tipo__descricao": "Portarias de Diarias", "texto_integral": "http://sapl.manciolima.ac.leg.br/media/sapl/public/normajuridica/2018/775/21021384.pdf", "ementa": "CONCEDENDO DIARIA AO VEREADOR MANOEL MEDEIROS RODRIGUES"}, {"id": "774", "ano": "2018", "numero": "25", "tipo__sigla": "PDD", "tipo__descricao": "Portarias de Diarias", "texto_integral": "http://sapl.manciolima.ac.leg.br/media/sapl/public/normajuridica/2018/774/21021383.pdf", "ementa": "CONCEDENDO DIARIA AO VEREADOR JOSE AMARISIO DA SILVA"}, {"id": "773", "ano": "2018", "numero": "24", "tipo__sigla": "PDD", "tipo__descricao": "Portarias de Diarias", "texto_integral": "http://sapl.manciolima.ac.leg.br/media/sapl/public/normajuridica/2018/773/21021382.pdf", "ementa": "CONCEDENDO DIARIA AO VEREADOR RENAN DA COSTA SILVA"}, {"id": "772", "ano": "2018", "numero": "23", "tipo__sigla": "PDD", "tipo__descricao": "Portarias de Diarias", "texto_integral": "http://sapl.manciolima.ac.leg.br/media/sapl/public/normajuridica/2018/772/21021381.pdf", "ementa": "CONCEDENDO DIARIA A VEREADORA REZIANE DOS SANTOS ALMEIDA BARROS"}, {"id": "771", "ano": "2018", "numero": "22", "tipo__sigla": "PDD", "tipo__descricao": "Portarias de Diarias", "texto_integral": "http://sapl.manciolima.ac.leg.br/media/sapl/public/normajuridica/2018/771/21021380.pdf", "ementa": "CONCEDENDO DIARIA AO SERVIDOR EUSTAQUIO GUILHERME DE MELO FILHO"}, {"id": "770", "ano": "2018", "numero": "21", "tipo__sigla": "PDD", "tipo__descricao": "Portarias de Diarias", "texto_integral": "http://sapl.manciolima.ac.leg.br/media/sapl/public/normajuridica/2018/770/21021379.pdf", "ementa": "CONCEDENDO DIARIA AO VEREADOR MANOEL MEDEIROS RODRIGUES"}, {"id": "769", "ano": "2018", "numero": "20", "tipo__sigla": "PDD", "tipo__descricao": "Portarias de Diarias", "texto_integral": "http://sapl.manciolima.ac.leg.br/media/sapl/public/normajuridica/2018/769/21021378.pdf", "ementa": "CONCEDENDO DIARIA AO VEREACONCEDENDO DIARIA AO VEREADOR KENNEDY DE OLIVEIRA GUIMARAESDOR KENNEDY DE OLIVEIRA GUIMARAES"}, {"id": "768", "ano": "2018", "numero": "19", "tipo__sigla": "PDD", "tipo__descricao": "Portarias de Diarias", "texto_integral": "http://sapl.manciolima.ac.leg.br/media/sapl/public/normajuridica/2018/768/21021377.pdf", "ementa": "CONCEDENDO DIARIA AO VEREADOR LUCIANO DA ROCHA LIMA"}, {"id": "767", "ano": "2018", "numero": "18", "tipo__sigla": "PDD", "tipo__descricao": "Portarias de Diarias", "texto_integral": "http://sapl.manciolima.ac.leg.br/media/sapl/public/normajuridica/2018/767/21021376.pdf", "ementa": "CONCEDENDO DIARIA AO VEREADOR OZANIR OLIVEIRA DIAS"}, {"id": "766", "ano": "2018", "numero": "17", "tipo__sigla": "PDD", "tipo__descricao": "Portarias de Diarias", "texto_integral": "http://sapl.manciolima.ac.leg.br/media/sapl/public/normajuridica/2018/766/21021375.pdf", "ementa": "CONCEDENDO DIARIA AO SERVIDOR JOSE WYTELON RODRIGUES DE OLIVEIRA"}, {"id": "764", "ano": "2018", "numero": "16", "tipo__sigla": "PDD", "tipo__descricao": "Portarias de Diarias", "texto_integral": "http://sapl.manciolima.ac.leg.br/media/sapl/public/normajuridica/2018/764/21021373.pdf", "ementa": "CONCEDENDO DIARIA AO VEREADOR ROGERIO CORREA MORAIS"}, {"id": "929", "ano": "2018", "numero": "19", "tipo__sigla": "POR", "tipo__descricao": "Portarias", "texto_integral": "http://sapl.manciolima.ac.leg.br/media/sapl/public/normajuridica/2018/929/07031321.pdf", "ementa": "NOMEANDO O SENHOR FRANCISCO DE ASSIS DE MELO GOMES"}, {"id": "928", "ano": "2018", "numero": "18", "tipo__sigla": "POR", "tipo__descricao": "Portarias", "texto_integral": "http://sapl.manciolima.ac.leg.br/media/sapl/public/normajuridica/2018/928/07031320.pdf", "ementa": "EXONERANDO A SENHORA ANDRESSA CRISTINA REBOU\u00c7AS DE MELO"}, {"id": "224", "ano": "2018", "numero": "394", "tipo__sigla": "LEI", "tipo__descricao": "Lei", "texto_integral": "http://sapl.manciolima.ac.leg.br/media/./sapl/public/normajuridica/2018/224/224_texto_integral.pdf", "ementa": "INSTITUI A MEIA ENTRADA PARA PROFESSORES DA REDE PUBLICA DE ENSINO MUNICIPAL, ESTADUAL E PARTICULAR NO MUNIC\u00cdPIO DE MANCIO LIMA - ACRE."}, {"id": "227", "ano": "2018", "numero": "393", "tipo__sigla": "LEI", "tipo__descricao": "Lei", "texto_integral": "http://sapl.manciolima.ac.leg.br/media/./sapl/public/normajuridica/2018/227/227_texto_integral.pdf", "ementa": "DISPOE SOBRE A INSTALA\u00c7\u00c3O DE BANHEIROS E BEBEDOUROS EM CASAS LOTERICAS E CORRESPONDENTES BANCARIOS NO MUNICIPIO DE MANCIO LIMA."}, {"id": "222", "ano": "2018", "numero": "392", "tipo__sigla": "LEI", "tipo__descricao": "Lei", "texto_integral": "http://sapl.manciolima.ac.leg.br/media/./sapl/public/normajuridica/2018/222/222_texto_integral.pdf", "ementa": "DISP\u00d5E SOBRE A PROIBI\u00c7\u00c3O DE NOVAS CONSTRU\u00c7\u00d5ES E FUNCIONAMENTOS DE CASAS NOTURNAS, BARES E SIMILARES A MENOS DE 100 METROS DE DISTANCIA DE ESTABELECIMENTOS DE ENSINO, DE UNIDADES B\u00c1SICAS DE SA\u00daDE, HOSPITAIS E INSTITUI\u00c7\u00d5ES RELIGIOSAS E D\u00c1 OUTRAS PROVIDENCIAS."}, {"id": "223", "ano": "2018", "numero": "391", "tipo__sigla": "LEI", "tipo__descricao": "Lei", "texto_integral": "http://sapl.manciolima.ac.leg.br/media/./sapl/public/normajuridica/2018/223/223_texto_integral.pdf", "ementa": "DETERMINA AOS BANCOS OBRIGA\u00c7\u00d5ES RELATIVAS AO ATENDIMENTO DOS USU\u00c1RIOS NAS AGENCIAS BANCARIAS SITUADAS NO MUNIC\u00cdPIO DE MANCIO LIMA E D\u00c1 OUTRAS PROVIDENCIAS."}, {"id": "221", "ano": "2018", "numero": "390", "tipo__sigla": "LEI", "tipo__descricao": "Lei", "texto_integral": "http://sapl.manciolima.ac.leg.br/media/./sapl/public/normajuridica/2018/221/221_texto_integral.pdf", "ementa": "CONCEDE AUXILIO ALIMENTA\u00c7\u00c3O AOS SERVIDORES P\u00daBLICOS DO MUNIC\u00cdPIO DE MANCIO LIMA - ACRE. "}, {"id": "226", "ano": "2018", "numero": "389", "tipo__sigla": "LEI", "tipo__descricao": "Lei", "texto_integral": "http://sapl.manciolima.ac.leg.br/media/./sapl/public/normajuridica/2018/226/226_texto_integral.pdf", "ementa": "DISPOE SOBRE A ALTERA\u00c7\u00c3O DA TABELA DA LEI N\u00ba 258 DE 10 DE DEZEMBRO DE 2009, QUE INSTITUI O PLANO DE CARGOS, CARREIRA E SALARIO DO QUADRO PERMANENTE DOS PROFISSIONAIS DE MAGISTERIO DO MUNICIPIO DE MANCIO LIMA - ACRE E A TABELA DA LEI N\u00ba 325 DE 09 DE JULHO DE 2014."}, {"id": "963", "ano": "2018", "numero": "1000", "tipo__sigla": "PDD", "tipo__descricao": "Portarias de Diarias", "texto_integral": "http://sapl.manciolima.ac.leg.br/media/sapl/public/normajuridica/2018/963/13031323.pdf", "ementa": "CONCEDENDO DIARIA AO VEREADOR RONEILSON OLIVEIRA PINHEIRO"}, {"id": "763", "ano": "2018", "numero": "15", "tipo__sigla": "PDD", "tipo__descricao": "Portarias de Diarias", "texto_integral": "http://sapl.manciolima.ac.leg.br/media/sapl/public/normajuridica/2018/763/21021372.pdf", "ementa": "CONCEDENDO DIARIA AO VEREADOR ROGERIO CORREA MORAIS"}, {"id": "762", "ano": "2018", "numero": "14", "tipo__sigla": "PDD", "tipo__descricao": "Portarias de Diarias", "texto_integral": "http://sapl.manciolima.ac.leg.br/media/sapl/public/normajuridica/2018/762/21021371.pdf", "ementa": "CONCEDENDO DIARIA AO VEREADOR RENAN DA COSTA SILVA"}, {"id": "930", "ano": "2018", "numero": "17", "tipo__sigla": "POR", "tipo__descricao": "Portarias", "texto_integral": "http://sapl.manciolima.ac.leg.br/media/sapl/public/normajuridica/2018/930/07031322.pdf", "ementa": "NOMEANDO O SENHOR ALEX RODRIGUES PEREIRA LIMA"}, {"id": "967", "ano": "2018", "numero": "16", "tipo__sigla": "POR", "tipo__descricao": "Portarias", "texto_integral": "http://sapl.manciolima.ac.leg.br/media/sapl/public/normajuridica/2018/967/07031319.pdf", "ementa": "NOMEANDO O SENHOR JOSIMAR FERREIRA DE OLIVEIRA."}, {"id": "217", "ano": "2018", "numero": "388", "tipo__sigla": "LEI", "tipo__descricao": "Lei", "texto_integral": "http://sapl.manciolima.ac.leg.br/media/./sapl/public/normajuridica/2018/217/217_texto_integral.pdf", "ementa": "DECLARA DE UTILIDADE P\u00daBLICA, PARA FINS DE DESAPROPRIA\u00c7\u00c3O, POR VIA AMIGAVEL OU JUDICIAL, IMOVEL LOCALIZADO NESTE MUNICIPIO, PARA FINS DE CONSTRU\u00c7\u00c3O DE UMA CRECHE."}, {"id": "216", "ano": "2018", "numero": "387", "tipo__sigla": "LEI", "tipo__descricao": "Lei", "texto_integral": "http://sapl.manciolima.ac.leg.br/media/./sapl/public/normajuridica/2018/216/216_texto_integral.pdf", "ementa": "AUTORIZA O PODER EXECUTIVO MUNICIPAL A DOAR PREDIO E AREA DE TERRA E DA OUTRAS PROVIDENCIAS."}, {"id": "950", "ano": "2018", "numero": "15", "tipo__sigla": "POR", "tipo__descricao": "Portarias", "texto_integral": "http://sapl.manciolima.ac.leg.br/media/sapl/public/normajuridica/2018/950/07031317.pdf", "ementa": "EXONERANDO O SENHOR MAGNO DIAS PINHEIRO"}, {"id": "949", "ano": "2018", "numero": "14", "tipo__sigla": "POR", "tipo__descricao": "Portarias", "texto_integral": "http://sapl.manciolima.ac.leg.br/media/", "ementa": "EXONERANDO O SENHOR FLAVIANO CARNEIRO DE OLIVEIRA"}, {"id": "761", "ano": "2018", "numero": "13", "tipo__sigla": "PDD", "tipo__descricao": "Portarias de Diarias", "texto_integral": "http://sapl.manciolima.ac.leg.br/media/sapl/public/normajuridica/2018/761/21021370.pdf", "ementa": "CONCEDENDO DIARIA AO SERVIDOR JOSE WYTELON RODRIGUES DE OLIVEIRA"}, {"id": "765", "ano": "2018", "numero": "12", "tipo__sigla": "PDD", "tipo__descricao": "Portarias de Diarias", "texto_integral": "http://sapl.manciolima.ac.leg.br/media/sapl/public/normajuridica/2018/765/21021374.pdf", "ementa": "CONCEDENDO DIARIA AO VEREADOR ROGERIO CORREA MORAIS"}, {"id": "776", "ano": "2018", "numero": "13", "tipo__sigla": "POR", "tipo__descricao": "Portarias", "texto_integral": "http://sapl.manciolima.ac.leg.br/media/sapl/public/normajuridica/2018/776/21021385.pdf", "ementa": "NOMEANDO O SENHOR VANDERLAN SOUZA DIAS"}, {"id": "925", "ano": "2017", "numero": "386", "tipo__sigla": "LEI", "tipo__descricao": "Lei", "texto_integral": "http://sapl.manciolima.ac.leg.br/media/sapl/public/normajuridica/2017/925/06031306.pdf", "ementa": "ESTIMA A RECEITA E FIXA A DESPESA DO MUNICIPIO DE MANCIO LIMA PARA O EXERCICIO FINANCEIRO DE 2018"}, {"id": "218", "ano": "2017", "numero": "385", "tipo__sigla": "LEI", "tipo__descricao": "Lei", "texto_integral": "http://sapl.manciolima.ac.leg.br/media/./sapl/public/normajuridica/2017/218/218_texto_integral.pdf", "ementa": "DISPOE SOBRE O PLANO PLURIANUAL DE APLICA\u00c7AO/PPA PARA O QUADRIENIO 2018-2021 E D\u00c1 OUTRAS &#180;PROVIDENCIAS"}, {"id": "215", "ano": "2017", "numero": "1", "tipo__sigla": "ELO", "tipo__descricao": "Emenda a Lei Organica", "texto_integral": "http://sapl.manciolima.ac.leg.br/media/./sapl/public/normajuridica/2017/215/215_texto_integral.pdf", "ementa": "DISPOE SOBRE A REVOGA\u00c7\u00c3O DE DISPOSITIVO DA LEI ORG\u00c2NICA DO MUNIC\u00cdPIO DE MANCIO LIMA - AC."}, {"id": "815", "ano": "2017", "numero": "82", "tipo__sigla": "PDD", "tipo__descricao": "Portarias de Diarias", "texto_integral": "http://sapl.manciolima.ac.leg.br/media/sapl/public/normajuridica/2017/815/23021397.pdf", "ementa": "CONCEDENDO DIARIA AO VEREADOR OZANIR OLIVEIRA DIAS"}, {"id": "816", "ano": "2017", "numero": "81", "tipo__sigla": "PDD", "tipo__descricao": "Portarias de Diarias", "texto_integral": "http://sapl.manciolima.ac.leg.br/media/sapl/public/normajuridica/2017/816/23021398.pdf", "ementa": "CONCEDENDO DIARIA AO VEREADOR RONEILSON OLIVEIRA PINHEIRO"}, {"id": "209", "ano": "2017", "numero": "384", "tipo__sigla": "LEI", "tipo__descricao": "Lei", "texto_integral": "http://sapl.manciolima.ac.leg.br/media/./sapl/public/normajuridica/2017/209/209_texto_integral.pdf", "ementa": "ALTERA O ARTIGO 5\u00ba DA LEI MUNICIPAL N\u00ba 251 DE 25 DE AGOSTO DE 2009, QUE DISP\u00d5E SOBRE O SERVI\u00c7O DE TRANSPORTE DE PASSAGEIROS, DENOMINADO T\u00c1XI NO MUNIC\u00cdPIO DE M\u00c2NCIO LIMA - ACRE E D\u00c1 OUTRAS PROVIDENCIAS."}, {"id": "213", "ano": "2017", "numero": "383", "tipo__sigla": "LEI", "tipo__descricao": "Lei", "texto_integral": "http://sapl.manciolima.ac.leg.br/media/./sapl/public/normajuridica/2017/213/213_texto_integral.pdf", "ementa": "DISPOE SOBRE A OBRIGATORIEDADE DE AFIXA\u00c7\u00c3O, NO \u00c2MBITO DO MUNIC\u00cdPIO DE MANCIO LIMA, DE AVISOS COM O NUMERO DO DISQUE DENUNCIA DA VIOLENCA CONTRA A MULHER (DISQUE 180)"}, {"id": "214", "ano": "2017", "numero": "382", "tipo__sigla": "LEI", "tipo__descricao": "Lei", "texto_integral": "http://sapl.manciolima.ac.leg.br/media/./sapl/public/normajuridica/2017/214/214_texto_integral.pdf", "ementa": "INSTITUI O OUTUBRO ROSA NO MUNICIPIO DE MANCIO LIMA - ACRE."}, {"id": "210", "ano": "2017", "numero": "381", "tipo__sigla": "LEI", "tipo__descricao": "Lei", "texto_integral": "http://sapl.manciolima.ac.leg.br/media/./sapl/public/normajuridica/2017/210/210_texto_integral.pdf", "ementa": "INSTITUI O PREMIO BAIRRO CONSCIENTE E D\u00c1 OUTRAS PROVIDENCIAS."}, {"id": "212", "ano": "2017", "numero": "380", "tipo__sigla": "LEI", "tipo__descricao": "Lei", "texto_integral": "http://sapl.manciolima.ac.leg.br/media/./sapl/public/normajuridica/2017/212/212_texto_integral.pdf", "ementa": "INSTITUI O DIA DO ADMINISTRADOR NO MUNIC\u00cdPIO DE MANCIO LIMA - ACRE."}, {"id": "211", "ano": "2017", "numero": "379", "tipo__sigla": "LEI", "tipo__descricao": "Lei", "texto_integral": "http://sapl.manciolima.ac.leg.br/media/./sapl/public/normajuridica/2017/211/211_texto_integral.pdf", "ementa": "INSTITUI O DIA DO VEREADOR NO MUNIC\u00cdPIO DE MANCIO LIMA - ACRE."}, {"id": "810", "ano": "2017", "numero": "80", "tipo__sigla": "PDD", "tipo__descricao": "Portarias de Diarias", "texto_integral": "http://sapl.manciolima.ac.leg.br/media/sapl/public/normajuridica/2017/810/23021392.pdf", "ementa": "CONCEDENDO DIARIA AO VEREADORLUIZ AUGUSTO DE ARAUJO PINHEIRO"}, {"id": "809", "ano": "2017", "numero": "78", "tipo__sigla": "PDD", "tipo__descricao": "Portarias de Diarias", "texto_integral": "http://sapl.manciolima.ac.leg.br/media/sapl/public/normajuridica/2017/809/14031302.pdf", "ementa": "CONCEDENDO DIARIA AO VEREADOR ROGERIO CORREA MORAIS"}, {"id": "808", "ano": "2017", "numero": "77", "tipo__sigla": "PDD", "tipo__descricao": "Portarias de Diarias", "texto_integral": "http://sapl.manciolima.ac.leg.br/media/sapl/public/normajuridica/2017/808/23021390.pdf", "ementa": "CONCEDENDO DIARIA AO VEREADOR RONEILSON OLIVEIRA PINHEIRO"}, {"id": "812", "ano": "2017", "numero": "76", "tipo__sigla": "PDD", "tipo__descricao": "Portarias de Diarias", "texto_integral": "http://sapl.manciolima.ac.leg.br/media/sapl/public/normajuridica/2017/812/23021394.pdf", "ementa": "CONCEDENDO DIARIA AO VEREADOR JOSE DE SOUZA MENESES"}, {"id": "803", "ano": "2017", "numero": "75", "tipo__sigla": "PDD", "tipo__descricao": "Portarias de Diarias", "texto_integral": "http://sapl.manciolima.ac.leg.br/media/sapl/public/normajuridica/2017/803/23021388.pdf", "ementa": "CONCEDENDO DIARIA AO SERVIDOR EUSTAQUIO GUILHERME DE MELO FILHO"}, {"id": "802", "ano": "2017", "numero": "74", "tipo__sigla": "PDD", "tipo__descricao": "Portarias de Diarias", "texto_integral": "http://sapl.manciolima.ac.leg.br/media/sapl/public/normajuridica/2017/802/23021387.pdf", "ementa": "CONCEDENDO DIARIA AO SERVIDOR JOSE WYTELON RODRIGUES DE OLIVEIRA"}, {"id": "801", "ano": "2017", "numero": "73", "tipo__sigla": "PDD", "tipo__descricao": "Portarias de Diarias", "texto_integral": "http://sapl.manciolima.ac.leg.br/media/sapl/public/normajuridica/2017/801/23021386.pdf", "ementa": "CONCEDENDO DIARIA AO VEREADORA REZIANE DOS SANTOS ALMEIDA BARROS"}, {"id": "807", "ano": "2017", "numero": "72", "tipo__sigla": "PDD", "tipo__descricao": "Portarias de Diarias", "texto_integral": "http://sapl.manciolima.ac.leg.br/media/sapl/public/normajuridica/2017/807/23021389.pdf", "ementa": "CONCEDENDO DIARIA AO VEREADOR MANOEL MEDEIROS RODRIGUES"}, {"id": "800", "ano": "2017", "numero": "71", "tipo__sigla": "PDD", "tipo__descricao": "Portarias de Diarias", "texto_integral": "http://sapl.manciolima.ac.leg.br/media/sapl/public/normajuridica/2017/800/23021385.pdf", "ementa": "CONCEDENDO DIARIA AO VEREADOR RENAN DA COSTA SILVA"}, {"id": "799", "ano": "2017", "numero": "70", "tipo__sigla": "PDD", "tipo__descricao": "Portarias de Diarias", "texto_integral": "http://sapl.manciolima.ac.leg.br/media/sapl/public/normajuridica/2017/799/23021384.pdf", "ementa": "CONCEDENDO DIARIA AO VEREADOR JOSE AMARISIO DA SILVA"}, {"id": "811", "ano": "2017", "numero": "69", "tipo__sigla": "PDD", "tipo__descricao": "Portarias de Diarias", "texto_integral": "http://sapl.manciolima.ac.leg.br/media/sapl/public/normajuridica/2017/811/23021393.pdf", "ementa": "CONCEDENDO DIARIA AO VEREADOR OZANIR OLIVEIRA DIAS"}, {"id": "797", "ano": "2017", "numero": "68", "tipo__sigla": "PDD", "tipo__descricao": "Portarias de Diarias", "texto_integral": "http://sapl.manciolima.ac.leg.br/media/sapl/public/normajuridica/2017/797/23021382.pdf", "ementa": "CONCEDENDO DIARIA AO VEREADOR LUCIANO DA ROCHA LIMA"}, {"id": "798", "ano": "2017", "numero": "67", "tipo__sigla": "PDD", "tipo__descricao": "Portarias de Diarias", "texto_integral": "http://sapl.manciolima.ac.leg.br/media/sapl/public/normajuridica/2017/798/23021383.pdf", "ementa": "CONCEDENDO DIARIA AO VEREADOR KENNEDY DE OLIVEIRA GUIMARAES"}, {"id": "796", "ano": "2017", "numero": "66", "tipo__sigla": "PDD", "tipo__descricao": "Portarias de Diarias", "texto_integral": "http://sapl.manciolima.ac.leg.br/media/sapl/public/normajuridica/2017/796/23021381.pdf", "ementa": "CONCEDENDO DIARIA AO VEREADOR LUIZ AUGUSTO DE ARAUJO PINHEIRO"}, {"id": "806", "ano": "2017", "numero": "644", "tipo__sigla": "PDD", "tipo__descricao": "Portarias de Diarias", "texto_integral": "http://sapl.manciolima.ac.leg.br/media/sapl/public/normajuridica/2017/806/23021375.pdf", "ementa": "CONCEDENDO DIARIA AO VEREADOR RONEILSON PINHEIRO DE OLIVEIRA"}, {"id": "804", "ano": "2017", "numero": "65", "tipo__sigla": "PDD", "tipo__descricao": "Portarias de Diarias", "texto_integral": "http://sapl.manciolima.ac.leg.br/media/sapl/public/normajuridica/2017/804/23021373.pdf", "ementa": "CONCEDENDO DIARIA AO VEREADOR JOSE AMARISIO DA SILVA"}, {"id": "805", "ano": "2017", "numero": "64", "tipo__sigla": "PDD", "tipo__descricao": "Portarias de Diarias", "texto_integral": "http://sapl.manciolima.ac.leg.br/media/sapl/public/normajuridica/2017/805/23021374.pdf", "ementa": "CONCEDENDO DIARIA AO VEREADOR JOSE DE SOUZA MENESES"}, {"id": "943", "ano": "2017", "numero": "63", "tipo__sigla": "PDD", "tipo__descricao": "Portarias de Diarias", "texto_integral": "http://sapl.manciolima.ac.leg.br/media/sapl/public/normajuridica/2017/943/08031308.pdf", "ementa": "CONCEDENDO DIARIA AO VEREADOR MANOEL MEDEIROS RODRIGUES"}, {"id": "792", "ano": "2017", "numero": "62", "tipo__sigla": "PDD", "tipo__descricao": "Portarias de Diarias", "texto_integral": "http://sapl.manciolima.ac.leg.br/media/sapl/public/normajuridica/2017/792/23021377.pdf", "ementa": "CONCEDENDO DIARIA AO VEREADOR ROGERIO CORREA MORAIS"}, {"id": "791", "ano": "2017", "numero": "61", "tipo__sigla": "PDD", "tipo__descricao": "Portarias de Diarias", "texto_integral": "http://sapl.manciolima.ac.leg.br/media/sapl/public/normajuridica/2017/791/23021376.pdf", "ementa": "CONCEDENDO DIARIA AO VEREADOR RENAN DA COSTA SILVA"}, {"id": "425", "ano": "2017", "numero": "378", "tipo__sigla": "LEI", "tipo__descricao": "Lei", "texto_integral": "http://sapl.manciolima.ac.leg.br/media/sapl/public/normajuridica/2017/425/lei_378.pdf", "ementa": "ALTERA A LEI MUNICIPAL N\u00ba 260, DE 29 DE DEZEMBRO DE 2009, EM RAZAO DE MODIFICA\u00c7\u00d5ES FEITAS A LEI COMPLEMENTAR FEDERAL N\u00ba 116 DE 31 DE JULHO DE 2003, PELA LEI COMPLEMENTAR FDERAL N\u00ba 157 DE 29 DE DEZEMBRO DE 2016, QUE DISPOE SOBRE CRITERIOS E PRAZOS DE CREDITOS DAS PARCELAS DO PRODUTO DA ARRECADA\u00c7\u00c3O DE IMPOSTOS DE COMPETENCIA DOS ESTADOS  E DE TRANSFERENCIAS POR ESTES RECEBIDOS, PERTENCENTES AOS MUNICIPIOS E DA OUTRAS PROVIDENCIAS."}, {"id": "208", "ano": "2017", "numero": "377", "tipo__sigla": "LEI", "tipo__descricao": "Lei", "texto_integral": "http://sapl.manciolima.ac.leg.br/media/./sapl/public/normajuridica/2017/208/208_texto_integral.pdf", "ementa": "DISP\u00d5E SOBRE O SISTEMA \u00daNICO DE ASSIST\u00caNCIA SOCIAL DO MUNIC\u00cdPIO DE MANCIO LIMA, E D\u00c1 OUTRAS PROVIDENCIAS."}, {"id": "795", "ano": "2017", "numero": "60", "tipo__sigla": "PDD", "tipo__descricao": "Portarias de Diarias", "texto_integral": "http://sapl.manciolima.ac.leg.br/media/sapl/public/normajuridica/2017/795/23021380.pdf", "ementa": "CONCEDENDO DIARIA A VEREADORA REZIANE DOS SANTOS ALMEIDA BARROS"}, {"id": "794", "ano": "2017", "numero": "59", "tipo__sigla": "PDD", "tipo__descricao": "Portarias de Diarias", "texto_integral": "http://sapl.manciolima.ac.leg.br/media/sapl/public/normajuridica/2017/794/23021379.pdf", "ementa": "CONCEDENDO DIARIA AO VEREADOR KENNEDY DE OLIVEIRA GUIMARAES"}, {"id": "793", "ano": "2017", "numero": "58", "tipo__sigla": "PDD", "tipo__descricao": "Portarias de Diarias", "texto_integral": "http://sapl.manciolima.ac.leg.br/media/sapl/public/normajuridica/2017/793/23021378.pdf", "ementa": "CONCEDENDO DIARIA AO VEREADOR JOSE AMARISIO DA SILVA"}, {"id": "833", "ano": "2017", "numero": "57", "tipo__sigla": "PDD", "tipo__descricao": "Portarias de Diarias", "texto_integral": "http://sapl.manciolima.ac.leg.br/media/sapl/public/normajuridica/2017/833/23021316.pdf", "ementa": "CONCEDENDO DIARIA AO VEREADOR ROGERIO CORREA MORAIS"}, {"id": "207", "ano": "2017", "numero": "376", "tipo__sigla": "LEI", "tipo__descricao": "Lei", "texto_integral": "http://sapl.manciolima.ac.leg.br/media/./sapl/public/normajuridica/2017/207/207_texto_integral.pdf", "ementa": "ESTABELECE AS DIRETRIZES A SEREM OBSERVADAS NA ELABORA\u00c7\u00c3O E EXECU\u00c7\u00c3O DA LEI OR\u00c7AMENTARIA DO MUNIC\u00cdPIO DE MANCIO LIMA, PARA O EXERC\u00cdCIO FINANCEIRO DE 2018 E D\u00c1 OUTRAS PROVIDENCIAS. "}, {"id": "835", "ano": "2017", "numero": "555", "tipo__sigla": "PDD", "tipo__descricao": "Portarias de Diarias", "texto_integral": "http://sapl.manciolima.ac.leg.br/media/sapl/public/normajuridica/2017/835/23021318.pdf", "ementa": "CONCEDENDO DIARIA AO VEREADOR ROGERIO CORREA MORAIS"}, {"id": "834", "ano": "2017", "numero": "56", "tipo__sigla": "PDD", "tipo__descricao": "Portarias de Diarias", "texto_integral": "http://sapl.manciolima.ac.leg.br/media/sapl/public/normajuridica/2017/834/23021317.pdf", "ementa": "CONCEDENDO DIARIA AO VEREADOR RENAN DA COSTA SILVA"}, {"id": "827", "ano": "2017", "numero": "599", "tipo__sigla": "PDD", "tipo__descricao": "Portarias de Diarias", "texto_integral": "http://sapl.manciolima.ac.leg.br/media/sapl/public/normajuridica/2017/827/23021310.pdf", "ementa": "CONCEDENDO DIARIA AO VEREADOR MANOEL MEDEIROS RODRIGUES"}, {"id": "204", "ano": "2017", "numero": "375", "tipo__sigla": "LEI", "tipo__descricao": "Lei", "texto_integral": "http://sapl.manciolima.ac.leg.br/media/./sapl/public/normajuridica/2017/204/204_texto_integral.pdf", "ementa": "DISP\u00d5E SOBRE ABERTURA DE CREDITO ADICIONAL ESPECIAL DE DOTA\u00c7\u00c3O NO OR\u00c7AMENTO VIGENTE DO PODER EXECUTIVO MUNICIPAL E D\u00c1 OUTRAS PROVIDENCIAS."}, {"id": "206", "ano": "2017", "numero": "374", "tipo__sigla": "LEI", "tipo__descricao": "Lei", "texto_integral": "http://sapl.manciolima.ac.leg.br/media/./sapl/public/normajuridica/2017/206/206_texto_integral.pdf", "ementa": "DISP\u00d5E SOBRE A DEMOLI\u00c7\u00c3O DE PR\u00c9DIO PUBLICO ANTIGO PARA A CONSTRU\u00c7\u00c3O DA NOVA CRECHE SONHO INFANTIL."}, {"id": "205", "ano": "2017", "numero": "373", "tipo__sigla": "LEI", "tipo__descricao": "Lei", "texto_integral": "http://sapl.manciolima.ac.leg.br/media/./sapl/public/normajuridica/2017/205/205_texto_integral.pdf", "ementa": "ALTERA A LEI MUNICIPAL N\u00ba 342/2015 QUE DISP\u00d5E SOBRE A POL\u00cdTICA MUNICIPAL DE ATENDIMENTO AOS DIREITOS DA CRIAN\u00c7A E DO ADOLESCENTE E DA OUTRAS PROVIDENCIAS."}, {"id": "220", "ano": "2017", "numero": "2", "tipo__sigla": "RS", "tipo__descricao": "Resolu\u00e7\u00e3o", "texto_integral": "http://sapl.manciolima.ac.leg.br/media/./sapl/public/normajuridica/2017/220/220_texto_integral.pdf", "ementa": "INSTITUI O PREMIO MULHER DESTAQUE DE MANCIO LIMA - ACRE."}, {"id": "832", "ano": "2017", "numero": "53", "tipo__sigla": "PDD", "tipo__descricao": "Portarias de Diarias", "texto_integral": "http://sapl.manciolima.ac.leg.br/media/sapl/public/normajuridica/2017/832/23021315.pdf", "ementa": "CONCEDENDO DIARIA AO VEREADOR ROGERIO CORREA MORAIS"}, {"id": "872", "ano": "2017", "numero": "42", "tipo__sigla": "PDD", "tipo__descricao": "Portarias de Diarias", "texto_integral": "http://sapl.manciolima.ac.leg.br/media/sapl/public/normajuridica/2017/872/23021370.pdf", "ementa": "CONCEDENDO DIARIA AO SERVIDOR EUSTAQUIO GUILHERME DE MELO FILHO"}, {"id": "828", "ano": "2017", "numero": "588", "tipo__sigla": "PDD", "tipo__descricao": "Portarias de Diarias", "texto_integral": "http://sapl.manciolima.ac.leg.br/media/sapl/public/normajuridica/2017/828/23021311.pdf", "ementa": "CONCEDENDO DIARIA AO VEREADOR RONEILSON OLIVEIRA PINHEIRO"}, {"id": "813", "ano": "2017", "numero": "55", "tipo__sigla": "PDD", "tipo__descricao": "Portarias de Diarias", "texto_integral": "http://sapl.manciolima.ac.leg.br/media/sapl/public/normajuridica/2017/813/23021395.pdf", "ementa": "CONCEDENDO DIARIA AO VEREADOR RENAN DA COSTA SILVA"}, {"id": "830", "ano": "2017", "numero": "577", "tipo__sigla": "PDD", "tipo__descricao": "Portarias de Diarias", "texto_integral": "http://sapl.manciolima.ac.leg.br/media/sapl/public/normajuridica/2017/830/23021313.pdf", "ementa": "CONCEDENDO DIARIA AO VEREADOR JOSE DE SOUZA MENESES"}, {"id": "829", "ano": "2017", "numero": "566", "tipo__sigla": "PDD", "tipo__descricao": "Portarias de Diarias", "texto_integral": "http://sapl.manciolima.ac.leg.br/media/sapl/public/normajuridica/2017/829/23021312.pdf", "ementa": "CONCEDENDO DIARIA AO VEREADOR JOSE AMARISIO DA SILVA"}, {"id": "831", "ano": "2017", "numero": "54", "tipo__sigla": "PDD", "tipo__descricao": "Portarias de Diarias", "texto_integral": "http://sapl.manciolima.ac.leg.br/media/sapl/public/normajuridica/2017/831/23021314.pdf", "ementa": "CONCEDENDO DIARIA AO VEREADOR ROGERIO CORREA MORAIS"}, {"id": "202", "ano": "2017", "numero": "372", "tipo__sigla": "LEI", "tipo__descricao": "Lei", "texto_integral": "http://sapl.manciolima.ac.leg.br/media/./sapl/public/normajuridica/2017/202/202_texto_integral.pdf", "ementa": "DISP\u00d5E SOBRE A CRIA\u00c7\u00c3O DO DEPARTAMENTO MUNICIPAL DE SEGURAN\u00c7A P\u00daBLICA NO MUNIC\u00cdPIO DE MANCIO LIMA E D\u00c1 OUTRAS PROVIDENCIAS."}, {"id": "203", "ano": "2017", "numero": "371", "tipo__sigla": "LEI", "tipo__descricao": "Lei", "texto_integral": "http://sapl.manciolima.ac.leg.br/media/./sapl/public/normajuridica/2017/203/203_texto_integral.pdf", "ementa": "DISP\u00d5E SOBRE A CRIA\u00c7\u00c3O DA UNIDADE B\u00c1SICA DE SA\u00daDE RAIMUNDO REGINALDO DE ALMEIDA NO BAIRRO SAO VIDAL E D\u00c1 OUTRAS PROVID\u00caNCIAS."}, {"id": "817", "ano": "2017", "numero": "51", "tipo__sigla": "PDD", "tipo__descricao": "Portarias de Diarias", "texto_integral": "http://sapl.manciolima.ac.leg.br/media/sapl/public/normajuridica/2017/817/23021300.pdf", "ementa": "CONCEDENDO DIARIA AO VEREADOR MANOEL MEDEIROS RODRIGUES"}, {"id": "818", "ano": "2017", "numero": "50", "tipo__sigla": "PDD", "tipo__descricao": "Portarias de Diarias", "texto_integral": "http://sapl.manciolima.ac.leg.br/media/sapl/public/normajuridica/2017/818/23021301.pdf", "ementa": "CONCEDENDO DIARIA A VEREADORA REZIANE DOS SANTOS ALMEIDA BARROS"}, {"id": "826", "ano": "2017", "numero": "52", "tipo__sigla": "PDD", "tipo__descricao": "Portarias de Diarias", "texto_integral": "http://sapl.manciolima.ac.leg.br/media/sapl/public/normajuridica/2017/826/23021309.pdf", "ementa": "CONCEDENDO DIARIA AO SERVIDOR EUSTAQUIO GUILHERME DE MELO FILHO"}, {"id": "819", "ano": "2017", "numero": "49", "tipo__sigla": "PDD", "tipo__descricao": "Portarias de Diarias", "texto_integral": "http://sapl.manciolima.ac.leg.br/media/sapl/public/normajuridica/2017/819/23021302.pdf", "ementa": "CONCEDENDO DIARIA AO VEREADOR KENNEDY DE OLIVEIRA GUIMARAES"}, {"id": "820", "ano": "2017", "numero": "48", "tipo__sigla": "PDD", "tipo__descricao": "Portarias de Diarias", "texto_integral": "http://sapl.manciolima.ac.leg.br/media/sapl/public/normajuridica/2017/820/23021303.pdf", "ementa": "CONCEDENDO DIARIA AO VEREADOR LUCIANO DA ROCHA LIMA"}, {"id": "821", "ano": "2017", "numero": "47", "tipo__sigla": "PDD", "tipo__descricao": "Portarias de Diarias", "texto_integral": "http://sapl.manciolima.ac.leg.br/media/sapl/public/normajuridica/2017/821/23021304.pdf", "ementa": "CONCEDENDO DIARIA AO VEREADOR JOSE DE SOUZA MENESES"}, {"id": "822", "ano": "2017", "numero": "46", "tipo__sigla": "PDD", "tipo__descricao": "Portarias de Diarias", "texto_integral": "http://sapl.manciolima.ac.leg.br/media/sapl/public/normajuridica/2017/822/23021305.pdf", "ementa": "CONCEDENDO DIARIA AO VEREADOR JOSE AMARISIO DA SILVA"}, {"id": "823", "ano": "2017", "numero": "45", "tipo__sigla": "PDD", "tipo__descricao": "Portarias de Diarias", "texto_integral": "http://sapl.manciolima.ac.leg.br/media/sapl/public/normajuridica/2017/823/23021306.pdf", "ementa": "CONCEDENDO DIARIA AO VEREADOR RONEILSON OLIVEIRA PINHEIRO"}, {"id": "824", "ano": "2017", "numero": "44", "tipo__sigla": "PDD", "tipo__descricao": "Portarias de Diarias", "texto_integral": "http://sapl.manciolima.ac.leg.br/media/sapl/public/normajuridica/2017/824/23021307.pdf", "ementa": "CONCEDENDO DIARIA AO VEREADOR OZANIR OLIVEIRA DIAS"}, {"id": "825", "ano": "2017", "numero": "43", "tipo__sigla": "PDD", "tipo__descricao": "Portarias de Diarias", "texto_integral": "http://sapl.manciolima.ac.leg.br/media/sapl/public/normajuridica/2017/825/23021308.pdf", "ementa": "CONCEDENDO DIARIA AO VEREADOR RENAN DA COSTA SILVA"}, {"id": "878", "ano": "2017", "numero": "39", "tipo__sigla": "PDD", "tipo__descricao": "Portarias de Diarias", "texto_integral": "http://sapl.manciolima.ac.leg.br/media/sapl/public/normajuridica/2017/878/14031301.pdf", "ementa": "CONCEDENDO DIARIA AO VEREADOR ROGERIO CORREA MORAIS"}, {"id": "879", "ano": "2017", "numero": "38", "tipo__sigla": "PDD", "tipo__descricao": "Portarias de Diarias", "texto_integral": "http://sapl.manciolima.ac.leg.br/media/sapl/public/normajuridica/2017/879/23021375.pdf", "ementa": "CONCEDENDO DIARIA AO VEREADOR RENAN DA COSTA SILVA"}, {"id": "866", "ano": "2017", "numero": "40", "tipo__sigla": "PDD", "tipo__descricao": "Portarias de Diarias", "texto_integral": "http://sapl.manciolima.ac.leg.br/media/sapl/public/normajuridica/2017/866/14031300.pdf", "ementa": "CONCEDENDO DIARIA AO SERVIDOR EUSTAQUIO GUILHERME DE MELO FILHO"}, {"id": "814", "ano": "2017", "numero": "41", "tipo__sigla": "PDD", "tipo__descricao": "Portarias de Diarias", "texto_integral": "http://sapl.manciolima.ac.leg.br/media/sapl/public/normajuridica/2017/814/14031303.pdf", "ementa": "CONCEDENDO DIARIA AO SERVIDOR JOSE WYTELON RODRIGUES DE OLIVEIRA"}, {"id": "201", "ano": "2017", "numero": "370", "tipo__sigla": "LEI", "tipo__descricao": "Lei", "texto_integral": "http://sapl.manciolima.ac.leg.br/media/./sapl/public/normajuridica/2017/201/201_texto_integral.pdf", "ementa": "ALTERA A LEI 353/2016 QUE INSTITUI O PLANO DE CARGOS, CARREIRA E VENCIMENTOS DO PODER LEGISLATIVO MUNICIPAL E D\u00c1 OUTRAS PROVIDENCIAS. "}, {"id": "200", "ano": "2017", "numero": "369", "tipo__sigla": "LEI", "tipo__descricao": "Lei", "texto_integral": "http://sapl.manciolima.ac.leg.br/media/./sapl/public/normajuridica/2017/200/200_texto_integral.pdf", "ementa": "ALTERA A NOMENCLATURA DA ARENA DO JAPIIM E D\u00c1 OUTRAS PROVIDENCIAS."}, {"id": "225", "ano": "2017", "numero": "1", "tipo__sigla": "RS", "tipo__descricao": "Resolu\u00e7\u00e3o", "texto_integral": "http://sapl.manciolima.ac.leg.br/media/./sapl/public/normajuridica/2017/225/225_texto_integral.pdf", "ementa": "REGULAMENTA A CONCESSAO DE DIARIAS AOS VEREADORES E SERVIDORES DA CAMARA MUNICIPAL DE MANCIO LIMA- AC"}, {"id": "867", "ano": "2017", "numero": "35", "tipo__sigla": "PDD", "tipo__descricao": "Portarias de Diarias", "texto_integral": "http://sapl.manciolima.ac.leg.br/media/sapl/public/normajuridica/2017/867/23021365.pdf", "ementa": "CONCEDENDO DIARIA AO VEREADORROGERIO CORREA MORAIS"}, {"id": "868", "ano": "2017", "numero": "34", "tipo__sigla": "PDD", "tipo__descricao": "Portarias de Diarias", "texto_integral": "http://sapl.manciolima.ac.leg.br/media/sapl/public/normajuridica/2017/868/23021366.pdf", "ementa": "CONCEDENDO DIARIA AO VEREADOR RENAN DA COSTA SILVA"}, {"id": "869", "ano": "2017", "numero": "33", "tipo__sigla": "PDD", "tipo__descricao": "Portarias de Diarias", "texto_integral": "http://sapl.manciolima.ac.leg.br/media/sapl/public/normajuridica/2017/869/23021367.pdf", "ementa": "CONCEDENDO DIARIA AO VEREADOR JOSE AMARISIO DA SILVA"}, {"id": "870", "ano": "2017", "numero": "32", "tipo__sigla": "PDD", "tipo__descricao": "Portarias de Diarias", "texto_integral": "http://sapl.manciolima.ac.leg.br/media/sapl/public/normajuridica/2017/870/23021368.pdf", "ementa": "CONCEDENDO DIARIA AO VEREADOR OZANIR OLIVEIRA DIAS"}, {"id": "871", "ano": "2017", "numero": "31", "tipo__sigla": "PDD", "tipo__descricao": "Portarias de Diarias", "texto_integral": "http://sapl.manciolima.ac.leg.br/media/sapl/public/normajuridica/2017/871/23021369.pdf", "ementa": "CONCEDENDO DIARIA AO VEREADOR KENNEDY DE OLIVEIRA GUIMARAES"}, {"id": "873", "ano": "2017", "numero": "30", "tipo__sigla": "PDD", "tipo__descricao": "Portarias de Diarias", "texto_integral": "http://sapl.manciolima.ac.leg.br/media/sapl/public/normajuridica/2017/873/23021371.pdf", "ementa": "CONCEDENDO DIARIA AO VEREADOR RONEILSON OLIVEIRA PINHEIRO"}, {"id": "874", "ano": "2017", "numero": "29", "tipo__sigla": "PDD", "tipo__descricao": "Portarias de Diarias", "texto_integral": "http://sapl.manciolima.ac.leg.br/media/sapl/public/normajuridica/2017/874/23021372.pdf", "ementa": "CONCEDENDO DIARIA AO VEREADOR LUIZ AUGUSTO DE ARAUJO PINHEIRO"}, {"id": "875", "ano": "2017", "numero": "28", "tipo__sigla": "PDD", "tipo__descricao": "Portarias de Diarias", "texto_integral": "http://sapl.manciolima.ac.leg.br/media/sapl/public/normajuridica/2017/875/23021373.pdf", "ementa": "CONCEDENDO DIARIA A VEREADORA REZIANE DOS SANTOS ALMEIDA BARROS"}, {"id": "858", "ano": "2017", "numero": "27", "tipo__sigla": "PDD", "tipo__descricao": "Portarias de Diarias", "texto_integral": "http://sapl.manciolima.ac.leg.br/media/sapl/public/normajuridica/2017/858/23021341.pdf", "ementa": "CONCEDENDO DIARIA AO VEREADOR LUIZ AUGUSTO DE ARAUJO PINHEIRO"}, {"id": "857", "ano": "2017", "numero": "26", "tipo__sigla": "PDD", "tipo__descricao": "Portarias de Diarias", "texto_integral": "http://sapl.manciolima.ac.leg.br/media/sapl/public/normajuridica/2017/857/23021340.pdf", "ementa": "CONCEDENDO DIARIA AO VEREADOR RENAN DA COSTA SILVA"}, {"id": "856", "ano": "2017", "numero": "25", "tipo__sigla": "PDD", "tipo__descricao": "Portarias de Diarias", "texto_integral": "http://sapl.manciolima.ac.leg.br/media/sapl/public/normajuridica/2017/856/23021339.pdf", "ementa": "CONCEDENDO DIARIA AO VEREADOR JOSE AMARISIO DA SILVA"}, {"id": "855", "ano": "2017", "numero": "24", "tipo__sigla": "PDD", "tipo__descricao": "Portarias de Diarias", "texto_integral": "http://sapl.manciolima.ac.leg.br/media/sapl/public/normajuridica/2017/855/23021338.pdf", "ementa": "CONCEDENDO DIARIA AO VEREADOR RONEILSON OLIVEIRA PINHEIRO"}, {"id": "854", "ano": "2017", "numero": "23", "tipo__sigla": "PDD", "tipo__descricao": "Portarias de Diarias", "texto_integral": "http://sapl.manciolima.ac.leg.br/media/sapl/public/normajuridica/2017/854/23021337.pdf", "ementa": "CONCEDENDO DIARIA AO SERVIDOR JOSE WYTELON RODRIGUES DE OLIVEIRA"}, {"id": "853", "ano": "2017", "numero": "22", "tipo__sigla": "PDD", "tipo__descricao": "Portarias de Diarias", "texto_integral": "http://sapl.manciolima.ac.leg.br/media/sapl/public/normajuridica/2017/853/23021336.pdf", "ementa": "CONCEDENDO DIARIA AO VEREADOR ROGERIO CORREA MORAIS"}, {"id": "852", "ano": "2017", "numero": "21", "tipo__sigla": "PDD", "tipo__descricao": "Portarias de Diarias", "texto_integral": "http://sapl.manciolima.ac.leg.br/media/sapl/public/normajuridica/2017/852/23021335.pdf", "ementa": "CONCEDENDO DIARIA AO VEREADOR JOSE AMARISIO DA SILVA"}, {"id": "861", "ano": "2017", "numero": "20", "tipo__sigla": "PDD", "tipo__descricao": "Portarias de Diarias", "texto_integral": "http://sapl.manciolima.ac.leg.br/media/sapl/public/normajuridica/2017/861/23021344.pdf", "ementa": "CONCEDENDO DIARIA AO VERADOR LUCIANO DA ROCHA LIMA"}, {"id": "851", "ano": "2017", "numero": "19", "tipo__sigla": "PDD", "tipo__descricao": "Portarias de Diarias", "texto_integral": "http://sapl.manciolima.ac.leg.br/media/sapl/public/normajuridica/2017/851/23021334.pdf", "ementa": "CONCEDENDO DIARIA AO VEREADOR OZANIR OLIVEIRA DIAS"}, {"id": "862", "ano": "2017", "numero": "18", "tipo__sigla": "PDD", "tipo__descricao": "Portarias de Diarias", "texto_integral": "http://sapl.manciolima.ac.leg.br/media/sapl/public/normajuridica/2017/862/23021345.pdf", "ementa": "CONCEDENDO DIARIA AO VERADOR RONEILSON OLIVEIRA PINHEIRO"}, {"id": "850", "ano": "2017", "numero": "17", "tipo__sigla": "PDD", "tipo__descricao": "Portarias de Diarias", "texto_integral": "http://sapl.manciolima.ac.leg.br/media/sapl/public/normajuridica/2017/850/23021333.pdf", "ementa": "CONCEDENDO DIARIA AO VEREADOR MANOEL MEDEIROS RODRIGUES"}, {"id": "849", "ano": "2017", "numero": "16", "tipo__sigla": "PDD", "tipo__descricao": "Portarias de Diarias", "texto_integral": "http://sapl.manciolima.ac.leg.br/media/sapl/public/normajuridica/2017/849/23021332.pdf", "ementa": "CONCEDENDO DIARIA AO VEREADOR KENNEDY DE OLIVEIRA GUIMARAES"}, {"id": "848", "ano": "2017", "numero": "15", "tipo__sigla": "PDD", "tipo__descricao": "Portarias de Diarias", "texto_integral": "http://sapl.manciolima.ac.leg.br/media/sapl/public/normajuridica/2017/848/23021331.pdf", "ementa": "CONCEDENDO DIARIA AO VEREADOR RENAN DA COSTA SILVA"}, {"id": "847", "ano": "2017", "numero": "14", "tipo__sigla": "PDD", "tipo__descricao": "Portarias de Diarias", "texto_integral": "http://sapl.manciolima.ac.leg.br/media/sapl/public/normajuridica/2017/847/23021330.pdf", "ementa": "CONCEDENDO DIARIA AO VEREADOR RONEILSON OLIVEIRA PINHEIRO"}, {"id": "846", "ano": "2017", "numero": "13", "tipo__sigla": "PDD", "tipo__descricao": "Portarias de Diarias", "texto_integral": "http://sapl.manciolima.ac.leg.br/media/sapl/public/normajuridica/2017/846/23021329.pdf", "ementa": "CONCEDENDO DIARIA AO VEREADOR RENAN DA COSTA SILVA"}, {"id": "845", "ano": "2017", "numero": "12", "tipo__sigla": "PDD", "tipo__descricao": "Portarias de Diarias", "texto_integral": "http://sapl.manciolima.ac.leg.br/media/sapl/public/normajuridica/2017/845/23021328.pdf", "ementa": "CONCEDENDO DIARIA AO VEREADOR ROGERIO CORREA MORAIS"}, {"id": "859", "ano": "2017", "numero": "11", "tipo__sigla": "PDD", "tipo__descricao": "Portarias de Diarias", "texto_integral": "http://sapl.manciolima.ac.leg.br/media/sapl/public/normajuridica/2017/859/23021342.pdf", "ementa": "CONCEDENDO DIARIA AO VEREADOR KENNEDY DE OLIVEIRA GUIMARAES"}, {"id": "865", "ano": "2017", "numero": "7777", "tipo__sigla": "PDD", "tipo__descricao": "Portarias de Diarias", "texto_integral": "http://sapl.manciolima.ac.leg.br/media/sapl/public/normajuridica/2017/865/23021348.pdf", "ementa": "CONCEDENDO DIARIA A VERADORA REZIANE DOS SANTOS ALMEIDA BARROS"}, {"id": "864", "ano": "2017", "numero": "1001", "tipo__sigla": "PDD", "tipo__descricao": "Portarias de Diarias", "texto_integral": "http://sapl.manciolima.ac.leg.br/media/sapl/public/normajuridica/2017/864/23021347.pdf", "ementa": "CONCEDENDO DIARIA AO VERADOR JOSE DE SOUZA MENESES"}, {"id": "863", "ano": "2017", "numero": "100", "tipo__sigla": "PDD", "tipo__descricao": "Portarias de Diarias", "texto_integral": "http://sapl.manciolima.ac.leg.br/media/sapl/public/normajuridica/2017/863/23021346.pdf", "ementa": "CONCEDENDO DIARIA AO VERADOR ROGERIO CORREA MORAIS"}, {"id": "860", "ano": "2017", "numero": "10", "tipo__sigla": "PDD", "tipo__descricao": "Portarias de Diarias", "texto_integral": "http://sapl.manciolima.ac.leg.br/media/sapl/public/normajuridica/2017/860/23021343.pdf", "ementa": "CONCEDENDO DIARIA A VEREADORA REZIANE DOS SANTOS ALMEIDA BARROS"}, {"id": "844", "ano": "2017", "numero": "9", "tipo__sigla": "PDD", "tipo__descricao": "Portarias de Diarias", "texto_integral": "http://sapl.manciolima.ac.leg.br/media/sapl/public/normajuridica/2017/844/23021327.pdf", "ementa": "CONCEDENDO DIARIA AO VEREADOR ROGERIO CORREA MORAIS"}, {"id": "843", "ano": "2017", "numero": "8", "tipo__sigla": "PDD", "tipo__descricao": "Portarias de Diarias", "texto_integral": "http://sapl.manciolima.ac.leg.br/media/sapl/public/normajuridica/2017/843/23021326.pdf", "ementa": "CONCEDENDO DIARIA AO VEREADOR JOSE DE SOUZA MENESES"}, {"id": "842", "ano": "2017", "numero": "7", "tipo__sigla": "PDD", "tipo__descricao": "Portarias de Diarias", "texto_integral": "http://sapl.manciolima.ac.leg.br/media/sapl/public/normajuridica/2017/842/23021325.pdf", "ementa": "CONCEDENDO DIARIA AO VEREADOR KENNEDY DE OLIVEIRA GUIMARAES"}, {"id": "841", "ano": "2017", "numero": "6", "tipo__sigla": "PDD", "tipo__descricao": "Portarias de Diarias", "texto_integral": "http://sapl.manciolima.ac.leg.br/media/sapl/public/normajuridica/2017/841/23021324.pdf", "ementa": "CONCEDENDO DIARIA AO VEREADOR LUCIANO DA ROCHA LIMA"}, {"id": "840", "ano": "2017", "numero": "5", "tipo__sigla": "PDD", "tipo__descricao": "Portarias de Diarias", "texto_integral": "http://sapl.manciolima.ac.leg.br/media/sapl/public/normajuridica/2017/840/23021323.pdf", "ementa": "CONCEDENDO DIARIA AO VEREADOR RONEILSON OLIVEIRA PINHEIRO"}, {"id": "839", "ano": "2017", "numero": "4", "tipo__sigla": "PDD", "tipo__descricao": "Portarias de Diarias", "texto_integral": "http://sapl.manciolima.ac.leg.br/media/sapl/public/normajuridica/2017/839/23021322.pdf", "ementa": "CONCEDENDO DIARIA AO VEREADOR JOSE AMARISIO DA SILVA"}, {"id": "838", "ano": "2017", "numero": "3", "tipo__sigla": "PDD", "tipo__descricao": "Portarias de Diarias", "texto_integral": "http://sapl.manciolima.ac.leg.br/media/sapl/public/normajuridica/2017/838/23021321.pdf", "ementa": "CONCEDENDO DIARIA AO VEREADOR MANOEL MEDEIROS RODRIGUES"}, {"id": "837", "ano": "2017", "numero": "2", "tipo__sigla": "PDD", "tipo__descricao": "Portarias de Diarias", "texto_integral": "http://sapl.manciolima.ac.leg.br/media/sapl/public/normajuridica/2017/837/23021320.pdf", "ementa": "CONCEDENDO DIARIA AO VEREADOR RENAN DA COSTA SILVA"}, {"id": "836", "ano": "2017", "numero": "1", "tipo__sigla": "PDD", "tipo__descricao": "Portarias de Diarias", "texto_integral": "http://sapl.manciolima.ac.leg.br/media/sapl/public/normajuridica/2017/836/23021319.pdf", "ementa": "CONCEDENDO DIARIA AO SERVIDOR EUSTAQUIO GUILHERME DE MELO FILHO"}, {"id": "779", "ano": "2017", "numero": "5", "tipo__sigla": "POR", "tipo__descricao": "Portarias", "texto_integral": "http://sapl.manciolima.ac.leg.br/media/sapl/public/normajuridica/2017/779/21021394.pdf", "ementa": "NOMEANDO A COMISSAO DE LICITA\u00c7\u00c3O"}, {"id": "759", "ano": "2017", "numero": "4", "tipo__sigla": "POR", "tipo__descricao": "Portarias", "texto_integral": "http://sapl.manciolima.ac.leg.br/media/sapl/public/normajuridica/2017/759/21021368.pdf", "ementa": "NOMEANDO O SENHOR EUSTAQUIO GUILHERME DE MELO FILHO"}, {"id": "785", "ano": "2017", "numero": "3", "tipo__sigla": "POR", "tipo__descricao": "Portarias", "texto_integral": "http://sapl.manciolima.ac.leg.br/media/sapl/public/normajuridica/2017/785/21021395.pdf", "ementa": "NOMEANDO O SENHOR JOSE WYTELON RODRIGUES DE OLIVEIRA"}, {"id": "784", "ano": "2017", "numero": "2", "tipo__sigla": "POR", "tipo__descricao": "Portarias", "texto_integral": "http://sapl.manciolima.ac.leg.br/media/sapl/public/normajuridica/2017/784/21021393.pdf", "ementa": "NOMEANDO O SENHOR EUSTAQUIO GUILHERME DE MELO FILHO"}, {"id": "783", "ano": "2017", "numero": "1", "tipo__sigla": "POR", "tipo__descricao": "Portarias", "texto_integral": "http://sapl.manciolima.ac.leg.br/media/sapl/public/normajuridica/2017/783/21021392.pdf", "ementa": "NOMEANDO A SENHORA ELIZANGELA CRUZ DE LIMA"}, {"id": "781", "ano": "2016", "numero": "40", "tipo__sigla": "POR", "tipo__descricao": "Portarias", "texto_integral": "http://sapl.manciolima.ac.leg.br/media/sapl/public/normajuridica/2016/781/21021390.pdf", "ementa": "EXONERANDO O SENHOR JOSE WYTELON RODRIGUES DE OLIVEIRA"}, {"id": "782", "ano": "2016", "numero": "38", "tipo__sigla": "POR", "tipo__descricao": "Portarias", "texto_integral": "http://sapl.manciolima.ac.leg.br/media/sapl/public/normajuridica/2016/782/21021391.pdf", "ementa": "EXONERANDO A SENHORA MARIA ERAMILDES DE OLIVEIRA BARROS"}, {"id": "780", "ano": "2016", "numero": "37", "tipo__sigla": "POR", "tipo__descricao": "Portarias", "texto_integral": "http://sapl.manciolima.ac.leg.br/media/sapl/public/normajuridica/2016/780/21021389.pdf", "ementa": "EXONERANDO A SENHORA IVANETE GOMES MONTEIRO"}, {"id": "192", "ano": "2016", "numero": "368", "tipo__sigla": "LEI", "tipo__descricao": "Lei", "texto_integral": "http://sapl.manciolima.ac.leg.br/media/./sapl/public/normajuridica/2016/192/192_texto_integral.pdf", "ementa": "ALTERA A LEI 250/09 QUE DISP\u00d5E SOBRE O SERVI\u00c7O DE TRANSPORTE INDIVIDUAL DE PASSAGEIROS EM VEICULO AUTOMOTOR TIPO MOTOCICLETA, DENOMINADO MOTO-TAXI NO MUNIC\u00cdPIO DE MANCIO LIMA E D\u00c1 OUTRAS PROVIDENCIAS."}, {"id": "191", "ano": "2016", "numero": "367", "tipo__sigla": "LEI", "tipo__descricao": "Lei", "texto_integral": "http://sapl.manciolima.ac.leg.br/media/./sapl/public/normajuridica/2016/191/191_texto_integral.pdf", "ementa": "ALTERA A LEI N\u00ba 249/09 QUE DISPOE SOBRE A IMPLEMENTA\u00c7\u00c3O DO SISTEMA ALTERNATIVO NO MUNICIPIO DE MANCIO LIMA/ACRE, E D\u00c1 OUTRAS PROVIDENCIAS."}, {"id": "190", "ano": "2016", "numero": "366", "tipo__sigla": "LEI", "tipo__descricao": "Lei", "texto_integral": "http://sapl.manciolima.ac.leg.br/media/./sapl/public/normajuridica/2016/190/190_texto_integral.pdf", "ementa": "FIXA OS SUBS\u00cdDIOS DO PREFEITO, VICE-PREFEITO E DOS SECRET\u00c1RIOS MUNICIPAIS PARA O QUADRI\u00caNIO 2017 A 2020 E D\u00c1 OUTRAS PROVIDENCIAS."}, {"id": "188", "ano": "2016", "numero": "365", "tipo__sigla": "LEI", "tipo__descricao": "Lei", "texto_integral": "http://sapl.manciolima.ac.leg.br/media/./sapl/public/normajuridica/2016/188/188_texto_integral.pdf", "ementa": "DISP\u00d5E SOBRE A LICEN\u00c7A PREMIO DOS SERVIDORES P\u00daBLICOS DOS PODERES LEGISLATIVO E EXECUTIVO DO MUNIC\u00cdPIO DE MANCIO LIMA E D\u00c1 OUTRAS PROVIDENCIAS."}, {"id": "189", "ano": "2016", "numero": "364", "tipo__sigla": "LEI", "tipo__descricao": "Lei", "texto_integral": "http://sapl.manciolima.ac.leg.br/media/./sapl/public/normajuridica/2016/189/189_texto_integral.pdf", "ementa": "DISP\u00d5E SOBRE A REGULAMENTA\u00c7\u00c3O DO USO DE BOLSAS DE ESTUDO NO MUNIC\u00cdPIO E D\u00c1 OUTRAS PROVIDENCIAS."}, {"id": "182", "ano": "2016", "numero": "363", "tipo__sigla": "LEI", "tipo__descricao": "Lei", "texto_integral": "http://sapl.manciolima.ac.leg.br/media/./sapl/public/normajuridica/2016/182/182_texto_integral.pdf", "ementa": "ESTIMA A RECEITA E FIXA A DESPESA DO MUNIC\u00cdPIO DE MANCIO LIMA PARA O EXERC\u00cdCIO FINANCEIRO DE 2017."}, {"id": "187", "ano": "2016", "numero": "2", "tipo__sigla": "DL", "tipo__descricao": "Decretos Legislativos", "texto_integral": "http://sapl.manciolima.ac.leg.br/media/./sapl/public/normajuridica/2016/187/187_texto_integral.pdf", "ementa": "APROVA A PRESTA\u00c7\u00c3O DE CONTAS DA PREFEITURA MUNICIPAL DE MANCIO LIMA, EXERC\u00cdCIO DE 2010, DE RESPONSABILIDADE DO PREFEITO CLEIDISON DE JESUS ROCHA."}, {"id": "186", "ano": "2016", "numero": "1", "tipo__sigla": "DL", "tipo__descricao": "Decretos Legislativos", "texto_integral": "http://sapl.manciolima.ac.leg.br/media/./sapl/public/normajuridica/2016/186/186_texto_integral.pdf", "ementa": "APROVA A PRESTA\u00c7\u00c3O DE CONTAS DA PREFEITURA MUNICIPAL DE MANCIO LIMA, EXERC\u00cdCIO DE 2009, DE RESPONSABILIDADE DO PREFEITO CLEIDISON DE JESUS ROCHA."}, {"id": "424", "ano": "2016", "numero": "362", "tipo__sigla": "LEI", "tipo__descricao": "Lei", "texto_integral": "http://sapl.manciolima.ac.leg.br/media/sapl/public/normajuridica/2016/424/lei_362.pdf", "ementa": "ESTABELECE AS DIRETRIZES A SEREM OBSERVADAS NA ELABORA\u00c7\u00c3O E EXECU\u00c7\u00c3O DA LEI OR\u00c7AMENTARIA DO MUNICIPIO DE MANCIO LIMA, PARA O EXERCICIO FINANCEIRO DE 2017 E DA OUTRAS PROVIDENCIAS."}, {"id": "184", "ano": "2016", "numero": "361", "tipo__sigla": "LEI", "tipo__descricao": "Lei", "texto_integral": "http://sapl.manciolima.ac.leg.br/media/./sapl/public/normajuridica/2016/184/184_texto_integral.pdf", "ementa": "DISP\u00d5E SOBRE A REALIZA\u00c7\u00c3O DE SESS\u00d5ES LEGISLATIVAS ANUAIS NAS ESCOLAS DE ENSINO M\u00c9DIO DO MUNIC\u00cdPIO DE MANCIO LIMA E D\u00c1 OUTRAS PROVIDENCIAS."}, {"id": "185", "ano": "2016", "numero": "360", "tipo__sigla": "LEI", "tipo__descricao": "Lei", "texto_integral": "http://sapl.manciolima.ac.leg.br/media/./sapl/public/normajuridica/2016/185/185_texto_integral.pdf", "ementa": "FIXA OS SUBS\u00cdDIOS DO PREFEITO, VICE-PREFEITO E DOS SECRET\u00c1RIOS MUNICIPAIS PARA O QUADRI\u00caNIO 2017 A 2020 E D\u00c1 OUTRAS PROVIDENCIAS."}, {"id": "183", "ano": "2016", "numero": "359", "tipo__sigla": "LEI", "tipo__descricao": "Lei", "texto_integral": "http://sapl.manciolima.ac.leg.br/media/./sapl/public/normajuridica/2016/183/183_texto_integral.pdf", "ementa": "FIXA OS SUBS\u00cdDIOS DOS VEREADORES E DO PRESIDENTE DA CAMARA MUNICIPAL DE MANCIO LIMA PARA O QUADRI\u00caNIO 2017 A 2020 E D\u00c1 OUTRAS PROVIDENCIAS."}, {"id": "720", "ano": "2016", "numero": "344", "tipo__sigla": "PDD", "tipo__descricao": "Portarias de Diarias", "texto_integral": "http://sapl.manciolima.ac.leg.br/media/sapl/public/normajuridica/2016/720/21021321.pdf", "ementa": "CONCEDENDO DIARIA AO SERVIDOR EUSTAQUIO GUILHERME DE MELO FILHO"}, {"id": "719", "ano": "2016", "numero": "34", "tipo__sigla": "PDD", "tipo__descricao": "Portarias de Diarias", "texto_integral": "http://sapl.manciolima.ac.leg.br/media/sapl/public/normajuridica/2016/719/21021319.pdf", "ementa": "CONCEDENDO DIARIA A VEREADORA ANGELEIDE SILVA LEITE COSTA"}, {"id": "423", "ano": "2016", "numero": "358", "tipo__sigla": "LEI", "tipo__descricao": "Lei", "texto_integral": "http://sapl.manciolima.ac.leg.br/media/sapl/public/normajuridica/2016/423/lei_358.pdf", "ementa": "ALTERA A LEI 251/09 QUE DISPOE SOBRE O SERVI\u00c7O DE TRANSPORTE DE PASSAGEIRO, DENOMINADO TAXI NO MUNICIPIO DE MANCIO LIMA - ACRE E DA OUTRAS PROVIDENCIAS."}, {"id": "422", "ano": "2016", "numero": "357", "tipo__sigla": "LEI", "tipo__descricao": "Lei", "texto_integral": "http://sapl.manciolima.ac.leg.br/media/sapl/public/normajuridica/2016/422/lei_357.pdf", "ementa": "ALTERA A LEI 249/09 QUE DISPOE SOBRE A IMPLEMENTACAO DO SISTEMA ALTERNATIVO NO MUNICIPIO DE MANCIO LIMA - ACRE E DA OUTRAS PROVIDENCIAS."}, {"id": "711", "ano": "2016", "numero": "33", "tipo__sigla": "PDD", "tipo__descricao": "Portarias de Diarias", "texto_integral": "http://sapl.manciolima.ac.leg.br/media/sapl/public/normajuridica/2016/711/21021309.pdf", "ementa": "CONCEDENDO DIARIA A VEREADORA ANGELEIDE SILVA LEITE COSTA"}, {"id": "715", "ano": "2016", "numero": "32", "tipo__sigla": "PDD", "tipo__descricao": "Portarias de Diarias", "texto_integral": "http://sapl.manciolima.ac.leg.br/media/sapl/public/normajuridica/2016/715/21021313.pdf", "ementa": "CONCEDENDO DIARIA AO SERVIDOR EUSTAQUIO GUILHERME DE MELO FILHO"}, {"id": "421", "ano": "2016", "numero": "356", "tipo__sigla": "LEI", "tipo__descricao": "Lei", "texto_integral": "http://sapl.manciolima.ac.leg.br/media/sapl/public/normajuridica/2016/421/lei_356.pdf", "ementa": "DISPOE SOBRE O SISTEMA DE CONTROLE INTERNO DO MUNICIPIO DE MANCIO LIMA - ACRE E DA OUTRAS PROVIDENCIAS."}, {"id": "712", "ano": "2016", "numero": "31", "tipo__sigla": "PDD", "tipo__descricao": "Portarias de Diarias", "texto_integral": "http://sapl.manciolima.ac.leg.br/media/sapl/public/normajuridica/2016/712/21021310.pdf", "ementa": "CONCEDENDO DIARIA AO VEREADOR MANOEL MEDEIROS RODRIGUES"}, {"id": "724", "ano": "2016", "numero": "30", "tipo__sigla": "PDD", "tipo__descricao": "Portarias de Diarias", "texto_integral": "http://sapl.manciolima.ac.leg.br/media/sapl/public/normajuridica/2016/724/21021326.pdf", "ementa": "CONCEDENDO DIARIA AO SERVIDOR EUSTAQUIO GUILHERME DE MELO FILHO"}, {"id": "695", "ano": "2016", "numero": "2", "tipo__sigla": "RS", "tipo__descricao": "Resolu\u00e7\u00e3o", "texto_integral": "http://sapl.manciolima.ac.leg.br/media/sapl/public/normajuridica/2016/695/16021326.pdf", "ementa": "CONCEDE LICEN\u00c7A A VEREADOR"}, {"id": "727", "ano": "2016", "numero": "28", "tipo__sigla": "PDD", "tipo__descricao": "Portarias de Diarias", "texto_integral": "http://sapl.manciolima.ac.leg.br/media/sapl/public/normajuridica/2016/727/21021331.pdf", "ementa": "CONCEDENDO DIARIA AO SERVIDOR JOSE WYTELON RODRIGUES DE OLIVEIRA"}, {"id": "726", "ano": "2016", "numero": "27", "tipo__sigla": "PDD", "tipo__descricao": "Portarias de Diarias", "texto_integral": "http://sapl.manciolima.ac.leg.br/media/sapl/public/normajuridica/2016/726/21021330.pdf", "ementa": "CONCEDENDO DIARIA AO VEREADOR JONILDES FERNANDES DA ROCHA"}, {"id": "728", "ano": "2016", "numero": "26", "tipo__sigla": "PDD", "tipo__descricao": "Portarias de Diarias", "texto_integral": "http://sapl.manciolima.ac.leg.br/media/sapl/public/normajuridica/2016/728/21021332.pdf", "ementa": "CONCEDENDO DIARIA A VEREADORA ANGELEIDE SILVA LEITE COSTA"}, {"id": "725", "ano": "2016", "numero": "25", "tipo__sigla": "PDD", "tipo__descricao": "Portarias de Diarias", "texto_integral": "http://sapl.manciolima.ac.leg.br/media/sapl/public/normajuridica/2016/725/21021329.pdf", "ementa": "CONCEDENDO DIARIA AO VEREADOR MANOEL MEDEIROS RODRIGUES"}, {"id": "708", "ano": "2016", "numero": "24", "tipo__sigla": "PDD", "tipo__descricao": "Portarias de Diarias", "texto_integral": "http://sapl.manciolima.ac.leg.br/media/sapl/public/normajuridica/2016/708/21021306.pdf", "ementa": "CONCEDENDO DIARIA A VEREADORA ANGELEIDE SILVA LEITE COSTA"}, {"id": "710", "ano": "2016", "numero": "23", "tipo__sigla": "PDD", "tipo__descricao": "Portarias de Diarias", "texto_integral": "http://sapl.manciolima.ac.leg.br/media/sapl/public/normajuridica/2016/710/21021308.pdf", "ementa": "CONCEDENDO DIARIA AO SERVIDOR EUSTAQUIO GUILHERME DE MELO FILHO"}, {"id": "713", "ano": "2016", "numero": "22", "tipo__sigla": "PDD", "tipo__descricao": "Portarias de Diarias", "texto_integral": "http://sapl.manciolima.ac.leg.br/media/sapl/public/normajuridica/2016/713/21021311.pdf", "ementa": "CONCEDENDO DIARIA AO VEREADOR JOSE UHALASYS MATOS BANDEIRA"}, {"id": "716", "ano": "2016", "numero": "21", "tipo__sigla": "PDD", "tipo__descricao": "Portarias de Diarias", "texto_integral": "http://sapl.manciolima.ac.leg.br/media/sapl/public/normajuridica/2016/716/21021314.pdf", "ementa": "CONCEDENDO DIARIA AO SERVIDOR JOSE WYTELON RODRIGUES DE OLIVEIRA"}, {"id": "718", "ano": "2016", "numero": "20", "tipo__sigla": "PDD", "tipo__descricao": "Portarias de Diarias", "texto_integral": "http://sapl.manciolima.ac.leg.br/media/sapl/public/normajuridica/2016/718/21021316.pdf", "ementa": "CONCEDENDO DIARIA AO SERVIDOR EUSTAQUIO GUILHERME DE MELO FILHO"}, {"id": "714", "ano": "2016", "numero": "18", "tipo__sigla": "PDD", "tipo__descricao": "Portarias de Diarias", "texto_integral": "http://sapl.manciolima.ac.leg.br/media/sapl/public/normajuridica/2016/714/21021312.pdf", "ementa": "CONCEDENDO DIARIA AO VEREADOR MANOEL MEDEIROS RODRIGUES"}, {"id": "717", "ano": "2016", "numero": "17", "tipo__sigla": "PDD", "tipo__descricao": "Portarias de Diarias", "texto_integral": "http://sapl.manciolima.ac.leg.br/media/sapl/public/normajuridica/2016/717/21021315.pdf", "ementa": "CONCEDENDO DIARIA A VEREADORA VANUZA DIAS DA COSTA"}, {"id": "420", "ano": "2016", "numero": "355", "tipo__sigla": "LEI", "tipo__descricao": "Lei", "texto_integral": "http://sapl.manciolima.ac.leg.br/media/sapl/public/normajuridica/2016/420/lei_355.pdf", "ementa": "INSTITUI A SEMANA DO BEBE NO MUNICIPIO DE MANCIO LIMA E DA OUTRAS PROVIDENCIAS."}, {"id": "419", "ano": "2016", "numero": "354", "tipo__sigla": "LEI", "tipo__descricao": "Lei", "texto_integral": "http://sapl.manciolima.ac.leg.br/media/sapl/public/normajuridica/2016/419/lei_354.pdf", "ementa": "DISPOE SOBRE A DEMOLI\u00c7\u00c3O DE PREDIO PUBLICO  E CONSTRU\u00c7\u00c3O DA ESCOLA MUNICIPAL NEUSA AMANCIO SABINO NO MESMO LOCAL."}, {"id": "723", "ano": "2016", "numero": "16", "tipo__sigla": "PDD", "tipo__descricao": "Portarias de Diarias", "texto_integral": "http://sapl.manciolima.ac.leg.br/media/sapl/public/normajuridica/2016/723/21021325.pdf", "ementa": "CONCEDENDO DIARIA AO SERVIDOR JOSE WYTELON RODRIGUES DE OLIVEIRA"}, {"id": "721", "ano": "2016", "numero": "15", "tipo__sigla": "PDD", "tipo__descricao": "Portarias de Diarias", "texto_integral": "http://sapl.manciolima.ac.leg.br/media/sapl/public/normajuridica/2016/721/21021323.pdf", "ementa": "CONCEDENDO DIARIA AO SERVIDOR EUSTAQUIO GUILHERME DE MELO FILHO"}, {"id": "705", "ano": "2016", "numero": "14", "tipo__sigla": "PDD", "tipo__descricao": "Portarias de Diarias", "texto_integral": "http://sapl.manciolima.ac.leg.br/media/sapl/public/normajuridica/2016/705/21021303.pdf", "ementa": "CONCEDENDO DIARIA AO VEREADOR JONILDS FERNANDES DA ROCHA"}, {"id": "707", "ano": "2016", "numero": "12", "tipo__sigla": "PDD", "tipo__descricao": "Portarias de Diarias", "texto_integral": "http://sapl.manciolima.ac.leg.br/media/sapl/public/normajuridica/2016/707/21021305.pdf", "ementa": "CONCEDENDO DIARIA AO VEREADOR MANOEL MEDEIROS RODRIGUES"}, {"id": "709", "ano": "2016", "numero": "11", "tipo__sigla": "PDD", "tipo__descricao": "Portarias de Diarias", "texto_integral": "http://sapl.manciolima.ac.leg.br/media/sapl/public/normajuridica/2016/709/21021307.pdf", "ementa": "CONCEDENDO DIARIA A VEREADORA ANGELEIDE SILVA LEITE COSTA"}, {"id": "704", "ano": "2016", "numero": "10", "tipo__sigla": "PDD", "tipo__descricao": "Portarias de Diarias", "texto_integral": "http://sapl.manciolima.ac.leg.br/media/sapl/public/normajuridica/2016/704/21021302.pdf", "ementa": "CONCEDENDO DIARIA AO VEREADOR MANOEL MEDEIROS RODRIGUES."}, {"id": "700", "ano": "2016", "numero": "9", "tipo__sigla": "PDD", "tipo__descricao": "Portarias de Diarias", "texto_integral": "http://sapl.manciolima.ac.leg.br/media/sapl/public/normajuridica/2016/700/21021300.pdf", "ementa": "CONCEDENDO DIARIA AO VEREADOR KENNEDY DE OLIVEIRA GUIMARAES"}, {"id": "701", "ano": "2016", "numero": "8", "tipo__sigla": "PDD", "tipo__descricao": "Portarias de Diarias", "texto_integral": "http://sapl.manciolima.ac.leg.br/media/sapl/public/normajuridica/2016/701/21021301.pdf", "ementa": "CONCEDENDO DIARIA AO SERVIDOR EUSTAQUIO GUILHERME DE MELO FILHO"}, {"id": "706", "ano": "2016", "numero": "13", "tipo__sigla": "PDD", "tipo__descricao": "Portarias de Diarias", "texto_integral": "http://sapl.manciolima.ac.leg.br/media/sapl/public/normajuridica/2016/706/21021304.pdf", "ementa": "CONCEDENDO DIARIA AO SERVIDOR EUSTAQUIO GUILHERME DE MELO FILHO"}, {"id": "33", "ano": "2016", "numero": "353", "tipo__sigla": "LEI", "tipo__descricao": "Lei", "texto_integral": "http://sapl.manciolima.ac.leg.br/media/./sapl/public/normajuridica/2016/33/33_texto_integral.pdf", "ementa": "ALTERA A TABELA DA LEI 323/2014 QUE INSTITUI O PLANO DE CARGOS, CARREIRA E VENCIMENTOS DO PODER LEGISLATIVO MUNICIPAL E D\u00c1 OUTRAS PROVIDENCIAS."}, {"id": "722", "ano": "2016", "numero": "2", "tipo__sigla": "PDD", "tipo__descricao": "Portarias de Diarias", "texto_integral": "http://sapl.manciolima.ac.leg.br/media/sapl/public/normajuridica/2016/722/21021324.pdf", "ementa": "CONCEDENDO DIARIA AO VEREADOR ROGERIO CORREA MORAIS"}, {"id": "694", "ano": "2016", "numero": "1", "tipo__sigla": "RS", "tipo__descricao": "Resolu\u00e7\u00e3o", "texto_integral": "http://sapl.manciolima.ac.leg.br/media/sapl/public/normajuridica/2016/694/16021324.pdf", "ementa": "CONCEDE LI\u00c7ENCA A VEREADOR"}, {"id": "696", "ano": "2016", "numero": "1", "tipo__sigla": "POR", "tipo__descricao": "Portarias", "texto_integral": "http://sapl.manciolima.ac.leg.br/media/sapl/public/normajuridica/2016/696/16021327.pdf", "ementa": "NOMEANDO O SENHOR JOSE WYTELON RODRIGUES DE OLIVEIRA."}, {"id": "30", "ano": "2015", "numero": "351", "tipo__sigla": "LEI", "tipo__descricao": "Lei", "texto_integral": "http://sapl.manciolima.ac.leg.br/media/./sapl/public/normajuridica/2015/30/30_texto_integral.pdf", "ementa": "INSTITUI O CONSELHO MUNICIPAL DE SANEAMENTO B\u00c1SICO DO MUNIC\u00cdPIO DE MANCIO LIMA E D\u00c1 OUTRAS PROVIDENCIAS."}, {"id": "31", "ano": "2015", "numero": "350", "tipo__sigla": "LEI", "tipo__descricao": "Lei", "texto_integral": "http://sapl.manciolima.ac.leg.br/media/./sapl/public/normajuridica/2015/31/31_texto_integral.pdf", "ementa": "DISP\u00d5E SOBRE A CRIA\u00c7\u00c3O DO CONSELHO MUNICIPAL DA CIDADE E D\u00c1 OUTRAS PROVIDENCIAS."}, {"id": "32", "ano": "2015", "numero": "349", "tipo__sigla": "LEI", "tipo__descricao": "Lei", "texto_integral": "http://sapl.manciolima.ac.leg.br/media/./sapl/public/normajuridica/2015/32/32_texto_integral.pdf", "ementa": "ESTABELECE AS DIRETRIZES (LDO) A SEREM OBSERVADAS NA ELABORA\u00c7\u00c3O E EXECU\u00c7\u00c3O DA LEI OR\u00c7AMENTARIA DO MUNIC\u00cdPIO DE MANCIO LIMA, PARA O EXERC\u00cdCIO FINANCEIRO DE 2016 E D\u00c1 OUTRAS PROVIDENCIAS."}, {"id": "196", "ano": "2015", "numero": "348", "tipo__sigla": "LEI", "tipo__descricao": "Lei", "texto_integral": "http://sapl.manciolima.ac.leg.br/media/./sapl/public/normajuridica/2015/196/196_texto_integral.pdf", "ementa": "DISPOE SOBRE A DOA\u00c7\u00c3O DE UM BARCO DE ALUMINIO E D\u00c1 OUTRAS PROVIDENCIAS."}, {"id": "881", "ano": "2015", "numero": "28", "tipo__sigla": "DL", "tipo__descricao": "Decretos Legislativos", "texto_integral": "http://sapl.manciolima.ac.leg.br/media/sapl/public/normajuridica/2015/881/01031308.pdf", "ementa": "AUTORIZA O PREFEITO MUNICIPAL A AUSENTAR-SE DO MUNICIPIO."}, {"id": "882", "ano": "2015", "numero": "27", "tipo__sigla": "DL", "tipo__descricao": "Decretos Legislativos", "texto_integral": "http://sapl.manciolima.ac.leg.br/media/sapl/public/normajuridica/2015/882/01031309.pdf", "ementa": "DECRETA LUTO OFICIAL PELO FALECIMENTO DA SERVIDORA DESTA CASA TEREZINHA DE CARVALHO E SILVA E DA OUTRAS PROVIDENCIAS"}, {"id": "1", "ano": "2015", "numero": "347", "tipo__sigla": "LEI", "tipo__descricao": "Lei", "texto_integral": "http://sapl.manciolima.ac.leg.br/media/./sapl/public/normajuridica/2015/1/1_texto_integral.pdf", "ementa": "DISP\u00d5E SOBRE O CANCELAMENTO A CONTINUIDADE DE ALGUMAS RUAS NO MUNICIPIO DE MANCIO LIMA E D\u00c1 OUTRAS PROVIDENCIAS."}, {"id": "195", "ano": "2015", "numero": "346", "tipo__sigla": "LEI", "tipo__descricao": "Lei", "texto_integral": "http://sapl.manciolima.ac.leg.br/media/./sapl/public/normajuridica/2015/195/195_texto_integral.pdf", "ementa": "DISPOE SOBRE ALTERA\u00c7\u00c3O DA LEI N\u00ba 340/2015 DE 23 DE MAR\u00c7O DE 2015 QUE CRIA O CONSELHO MUNICIPAL DE ACOMPANHAMENTO E CONTROLE SOCIAL DO FUNDO DE MANUTEN\u00c7\u00c3O E DESENVOLVIMENTO DA EDUCA\u00c7\u00c3O B\u00c1SICA E DE VALORIZA\u00c7\u00c3O DOS PROFISSIONAIS DA EDUCA\u00c7\u00c3O."}, {"id": "790", "ano": "2015", "numero": "1", "tipo__sigla": "RS", "tipo__descricao": "Resolu\u00e7\u00e3o", "texto_integral": "http://sapl.manciolima.ac.leg.br/media/sapl/public/normajuridica/2015/790/22021300.pdf", "ementa": "DISPOE SOBRE O SISTEMA DE CONTROLE INTERNO - SCI, NOS TERMOS DO ARTIGO 31 DA CONSTIUI\u00c7AO FEDERAL E ARTIGO 59 DA LEI COMPLEMENTAR N\u00ba 101/2000 E CRIA A UNIDADE DE CONTROLE INTERNO DA CAMARA MUNICIPAL DE MANCIO LIMA E DA OUTRAS PROVIDENCIAS."}, {"id": "883", "ano": "2015", "numero": "26", "tipo__sigla": "DL", "tipo__descricao": "Decretos Legislativos", "texto_integral": "http://sapl.manciolima.ac.leg.br/media/sapl/public/normajuridica/2015/883/01031310.pdf", "ementa": "CONCEDE LI\u00c7ENCA A VEREADOR"}, {"id": "181", "ano": "2015", "numero": "345", "tipo__sigla": "LEI", "tipo__descricao": "Lei", "texto_integral": "http://sapl.manciolima.ac.leg.br/media/./sapl/public/normajuridica/2015/181/181_texto_integral.pdf", "ementa": "INSTITUI O PLANO MUNICIPAL DE EDUCA\u00c7\u00c3O PARA O DEC\u00caNIO 2015-2025 NO MUNIC\u00cdPIO DE MANCIO LIMA E D\u00c1 OUTRAS PROVIDENCIAS."}, {"id": "194", "ano": "2015", "numero": "344", "tipo__sigla": "LEI", "tipo__descricao": "Lei", "texto_integral": "http://sapl.manciolima.ac.leg.br/media/./sapl/public/normajuridica/2015/194/194_texto_integral.pdf", "ementa": "CRIA O CONSELHO MUNICIPAL DOS DIREITOS DAS PESSOA COM DEFICI\u00caNCIA E D\u00c1 OUTRAS PROVIDENCIAS."}, {"id": "418", "ano": "2015", "numero": "343", "tipo__sigla": "LEI", "tipo__descricao": "Lei", "texto_integral": "http://sapl.manciolima.ac.leg.br/media/sapl/public/normajuridica/2015/418/lei_343.pdf", "ementa": "INSTITUI O PROGRAMA DE FORMENTO A ECONOMIA SOLIDARIA NO MUNICIPIO DE MANCIO LIMA E DA OUTRAS PROVIDENCIAS."}, {"id": "631", "ano": "2015", "numero": "25", "tipo__sigla": "DL", "tipo__descricao": "Decretos Legislativos", "texto_integral": "http://sapl.manciolima.ac.leg.br/media/sapl/public/normajuridica/2015/631/07021314.pdf", "ementa": "DISPOE SOBRE O NUMERO DE VEREADORES NO PODER LEGISLATIVO MUNICIPAL E DA OUTRAS PROVIDENCIAS."}, {"id": "3", "ano": "2015", "numero": "342", "tipo__sigla": "LEI", "tipo__descricao": "Lei", "texto_integral": "http://sapl.manciolima.ac.leg.br/media/./sapl/public/normajuridica/2015/3/3_texto_integral.pdf", "ementa": "DISPOE SOBRE A POLITICA MUNICIPAL DE ATENDIMENTO AOS DIREITOS DA CRIAN\u00c7A E DO ADOLESCENTE, E D\u00c1 OUTRAS PROVIDENCIAS."}, {"id": "921", "ano": "2015", "numero": "100", "tipo__sigla": "DL", "tipo__descricao": "Decretos Legislativos", "texto_integral": "http://sapl.manciolima.ac.leg.br/media/sapl/public/normajuridica/2015/921/01031352.pdf", "ementa": "REGULAMENTA A CONCESSAO DE DIPLOMA DE HONRA AO MERITO CONCEDIDA PELO PODER LEGISLATIVO MUNICIPAL E DA OUTRAS PROVIDENCIAS"}, {"id": "884", "ano": "2015", "numero": "24", "tipo__sigla": "DL", "tipo__descricao": "Decretos Legislativos", "texto_integral": "http://sapl.manciolima.ac.leg.br/media/sapl/public/normajuridica/2015/884/01031311.pdf", "ementa": "CONCEDE TITULO DE CIDADAO MANCIOLIMENSE AO SENHOR JESSE OLIVEIRA NOLASCO"}, {"id": "885", "ano": "2015", "numero": "23", "tipo__sigla": "DL", "tipo__descricao": "Decretos Legislativos", "texto_integral": "http://sapl.manciolima.ac.leg.br/media/sapl/public/normajuridica/2015/885/01031312.pdf", "ementa": "CONCEDE TITULO DE CIDADAO MANCIOLIMENSE AO SENHOR ANTONIO FELIX DA SILVA"}, {"id": "886", "ano": "2015", "numero": "22", "tipo__sigla": "DL", "tipo__descricao": "Decretos Legislativos", "texto_integral": "http://sapl.manciolima.ac.leg.br/media/sapl/public/normajuridica/2015/886/01031313.pdf", "ementa": "CONCEDE TITULO DE CIDADAO MANCIOLIMENSE AO SENHOR MANOEL BEZERRA DE SOUZA"}, {"id": "887", "ano": "2015", "numero": "21", "tipo__sigla": "DL", "tipo__descricao": "Decretos Legislativos", "texto_integral": "http://sapl.manciolima.ac.leg.br/media/sapl/public/normajuridica/2015/887/01031314.pdf", "ementa": "CONCEDE TITULO DE HONRA AO MERITO AO SENHOR JOSE ERNANDES BERNARDO."}, {"id": "888", "ano": "2015", "numero": "20", "tipo__sigla": "DL", "tipo__descricao": "Decretos Legislativos", "texto_integral": "http://sapl.manciolima.ac.leg.br/media/sapl/public/normajuridica/2015/888/01031315.pdf", "ementa": "CONCEDE TITULO DE CIDADAO MANCIOLIMENSE A SENHORA SUELI MELO DA SILVA VALE."}, {"id": "889", "ano": "2015", "numero": "19", "tipo__sigla": "DL", "tipo__descricao": "Decretos Legislativos", "texto_integral": "http://sapl.manciolima.ac.leg.br/media/sapl/public/normajuridica/2015/889/01031316.pdf", "ementa": "CONCEDE TITULO DE CIDADAO MANCIOLIMENSE AO SENHOR JOSE DA SILVA BARROS"}, {"id": "890", "ano": "2015", "numero": "18", "tipo__sigla": "DL", "tipo__descricao": "Decretos Legislativos", "texto_integral": "http://sapl.manciolima.ac.leg.br/media/sapl/public/normajuridica/2015/890/01031318.pdf", "ementa": "CONCEDE TITULO DE CIDADAO MANCIOLIMENSE A SENHORA AJUCILENE GON\u00c7ALVES MOTA"}, {"id": "891", "ano": "2015", "numero": "17", "tipo__sigla": "DL", "tipo__descricao": "Decretos Legislativos", "texto_integral": "http://sapl.manciolima.ac.leg.br/media/sapl/public/normajuridica/2015/891/01031320.pdf", "ementa": "CONCEDE TITULO DE CIDADAO MANCIOLIMENSE AO SENHOR PORFIRIO PONCIANO DE OLIVEIRA NETO"}, {"id": "892", "ano": "2015", "numero": "16", "tipo__sigla": "DL", "tipo__descricao": "Decretos Legislativos", "texto_integral": "http://sapl.manciolima.ac.leg.br/media/sapl/public/normajuridica/2015/892/01031322.pdf", "ementa": "CONCEDE TITULO DE CIDADAO MANCIOLIMENSE AO SENHOR FRANCISCO BERNARDO CORDEIRO"}, {"id": "893", "ano": "2015", "numero": "15", "tipo__sigla": "DL", "tipo__descricao": "Decretos Legislativos", "texto_integral": "http://sapl.manciolima.ac.leg.br/media/sapl/public/normajuridica/2015/893/01031324.pdf", "ementa": "CONCEDE TITULO DE CIDADAO MANCIOLIMENSE A SENHORA MARIA ALICE DA COSTA"}, {"id": "894", "ano": "2015", "numero": "14", "tipo__sigla": "DL", "tipo__descricao": "Decretos Legislativos", "texto_integral": "http://sapl.manciolima.ac.leg.br/media/sapl/public/normajuridica/2015/894/01031326.pdf", "ementa": "CONCEDE TITULO DE CIDADAO MANCIOLIMENSE AO SENHOR FRANCISCO HILARIO CORREIA DOS SANTOS"}, {"id": "896", "ano": "2015", "numero": "12", "tipo__sigla": "DL", "tipo__descricao": "Decretos Legislativos", "texto_integral": "http://sapl.manciolima.ac.leg.br/media/sapl/public/normajuridica/2015/896/01031330.pdf", "ementa": "CONCEDE TITULO DE CIDADAO MANCIOLIMENSE A SENHORA VERA MARIA DE SOUZA MOLL"}, {"id": "897", "ano": "2015", "numero": "11", "tipo__sigla": "DL", "tipo__descricao": "Decretos Legislativos", "texto_integral": "http://sapl.manciolima.ac.leg.br/media/sapl/public/normajuridica/2015/897/01031332.pdf", "ementa": "CONCEDE TITULO DE CIDADAO MANCIOLIMENSE AO SENHOR ALAILDO PINHEIRO DO NASCIMENTO"}, {"id": "898", "ano": "2015", "numero": "10", "tipo__sigla": "DL", "tipo__descricao": "Decretos Legislativos", "texto_integral": "http://sapl.manciolima.ac.leg.br/media/sapl/public/normajuridica/2015/898/01031334.pdf", "ementa": "CONCEDE TITULO DE CIDADAO MANCIOLIMENSE A SENHORA MARIA DE NAZARE GADELHA DA SILVA"}, {"id": "899", "ano": "2015", "numero": "9", "tipo__sigla": "DL", "tipo__descricao": "Decretos Legislativos", "texto_integral": "http://sapl.manciolima.ac.leg.br/media/sapl/public/normajuridica/2015/899/01031336.pdf", "ementa": "CONCEDE TITULO DE CIDADAO MANCIOLIMENSE A SENHORA MARIA ISETE PINHEIRO DE OLIVEIRA"}, {"id": "900", "ano": "2015", "numero": "8", "tipo__sigla": "DL", "tipo__descricao": "Decretos Legislativos", "texto_integral": "http://sapl.manciolima.ac.leg.br/media/sapl/public/normajuridica/2015/900/01031338.pdf", "ementa": "CONCEDE TITULO DE CIDADAO MANCIOLIMENSE A SENHORA FRANCISCA RIBEIRO LIMA DA SILVA"}, {"id": "901", "ano": "2015", "numero": "7", "tipo__sigla": "DL", "tipo__descricao": "Decretos Legislativos", "texto_integral": "http://sapl.manciolima.ac.leg.br/media/sapl/public/normajuridica/2015/901/01031340.pdf", "ementa": "CONCEDE TITULO DE CIDADAO MANCIOLIMENSE AO SENHOR RAIMUNDO DELMIRO DA SILVA"}, {"id": "916", "ano": "2015", "numero": "6", "tipo__sigla": "DL", "tipo__descricao": "Decretos Legislativos", "texto_integral": "http://sapl.manciolima.ac.leg.br/media/sapl/public/normajuridica/2015/916/01031342.pdf", "ementa": "CONCEDENDO TITULO DE CIDADAO MANCIOLIMENSE AO SENHOR JOSE NILSON DA PAZ"}, {"id": "917", "ano": "2015", "numero": "5", "tipo__sigla": "DL", "tipo__descricao": "Decretos Legislativos", "texto_integral": "http://sapl.manciolima.ac.leg.br/media/sapl/public/normajuridica/2015/917/01031344.pdf", "ementa": "CONCEDENDO TITULO DE CIDADAO MANCIOLIMENSE AO SENHOR SIRNEY VALE DA CUNHA"}, {"id": "918", "ano": "2015", "numero": "4", "tipo__sigla": "DL", "tipo__descricao": "Decretos Legislativos", "texto_integral": "http://sapl.manciolima.ac.leg.br/media/sapl/public/normajuridica/2015/918/01031346.pdf", "ementa": "CONCEDENDO TITULO DE CIDADAO MANCIOLIMENSE AO SENHOR EDMAR MATIAS DE OLIVEIRA"}, {"id": "919", "ano": "2015", "numero": "3", "tipo__sigla": "DL", "tipo__descricao": "Decretos Legislativos", "texto_integral": "http://sapl.manciolima.ac.leg.br/media/sapl/public/normajuridica/2015/919/01031348.pdf", "ementa": "CONCEDENDO TITULO DE CIDADAO MANCIOLIMENSE AO SENHOR FRANCISCO TAVEIRA NETO"}, {"id": "902", "ano": "2015", "numero": "2", "tipo__sigla": "DL", "tipo__descricao": "Decretos Legislativos", "texto_integral": "http://sapl.manciolima.ac.leg.br/media/sapl/public/normajuridica/2015/902/01031350.pdf", "ementa": "REGULAMENTA A CONCESSAO DOS TITULOS DE CIDADAO MANCIOLIMENSE E CIDADAO HONORARIO."}, {"id": "417", "ano": "2015", "numero": "341", "tipo__sigla": "LEI", "tipo__descricao": "Lei", "texto_integral": "http://sapl.manciolima.ac.leg.br/media/sapl/public/normajuridica/2015/417/lei_341.pdf", "ementa": "DISPOE SOBRE A INCLUSAO DO CARGO DE AUXILIAR OPERACIONAL DE SERVI\u00c7OS DE TUTELA AOST NA LEI N\u00ba 257 DE 10 DE DEZEMBRO DE 2009, ALTERADA PELA LEI N\u00ba 324 DE 09 DE JUNHO DE 2014."}, {"id": "416", "ano": "2015", "numero": "340", "tipo__sigla": "LEI", "tipo__descricao": "Lei", "texto_integral": "http://sapl.manciolima.ac.leg.br/media/sapl/public/normajuridica/2015/416/lei_340.pdf", "ementa": "DISPOE SOBRE A CRIA\u00c7\u00c3O DO CONSELHO MUNICIPAL DE ACOMPANHAMENTO E CONTROLE SOCIAL DO FUNDO DE MANUTEN\u00c7\u00c3O E DESENVOLVIMENTO DA EDUCA\u00c7\u00c3O BASICA E DE VALORIZA\u00c7\u00c3O DOS PROFISSIONAIS DA EDUCA\u00c7\u00c3O, CONSELHO DO FUNDEB."}, {"id": "697", "ano": "2015", "numero": "1", "tipo__sigla": "DL", "tipo__descricao": "Decretos Legislativos", "texto_integral": "http://sapl.manciolima.ac.leg.br/media/sapl/public/normajuridica/2015/697/21021399.pdf", "ementa": "DISPOE SOBRE A NOMEA\u00c7\u00c3O DOS MEMBROS DA COMISSAO PERMANENTE DE LICITA\u00c7AO DA CAMARA MUNICIPAL DE VEREADORES DE MANCIO LIMA E DA OUTRAS PROVIDENCIAS."}, {"id": "702", "ano": "2015", "numero": "3", "tipo__sigla": "POR", "tipo__descricao": "Portarias", "texto_integral": "http://sapl.manciolima.ac.leg.br/media/sapl/public/normajuridica/2015/702/21021300.pdf", "ementa": "NOMEANDO A SENHORA MARIA ERAMILDES DE OLIVEIRA BARROS."}, {"id": "703", "ano": "2015", "numero": "2", "tipo__sigla": "POR", "tipo__descricao": "Portarias", "texto_integral": "http://sapl.manciolima.ac.leg.br/media/sapl/public/normajuridica/2015/703/21021301.pdf", "ementa": "NOMEANDO O SENHOR EUSTAQUIO GUILHERME DE MELO FILHO."}, {"id": "787", "ano": "2015", "numero": "1", "tipo__sigla": "POR", "tipo__descricao": "Portarias", "texto_integral": "http://sapl.manciolima.ac.leg.br/media/sapl/public/normajuridica/2015/787/21021397.pdf", "ementa": "NOMEANDO A SENHORA IVANETE GOMES MONTEIRO"}, {"id": "788", "ano": "2014", "numero": "3", "tipo__sigla": "POR", "tipo__descricao": "Portarias", "texto_integral": "http://sapl.manciolima.ac.leg.br/media/sapl/public/normajuridica/2014/788/21021398.pdf", "ementa": "EXONERANDO O SENHOR FRANCISCO GAMA SALES"}, {"id": "789", "ano": "2014", "numero": "2", "tipo__sigla": "POR", "tipo__descricao": "Portarias", "texto_integral": "http://sapl.manciolima.ac.leg.br/media/sapl/public/normajuridica/2014/789/21021399.pdf", "ementa": "EXONERANDO O SENHOR EUSTAQUIO GUILHERME DE MELO FILHO"}, {"id": "112", "ano": "2014", "numero": "339", "tipo__sigla": "LEI", "tipo__descricao": "Lei", "texto_integral": "http://sapl.manciolima.ac.leg.br/media/./sapl/public/normajuridica/2014/112/112_texto_integral.pdf", "ementa": "AUTORIZA O PODER EXECUTIVO DO MUNIC\u00cdPIO DE M\u00c2NCIO LIMA - ACRE, FIXAR OS SUBS\u00cdDIOS DO PREFEITO, VICE-PREFEITO E DOS SECRET\u00c1RIOS MUNICIPAIS E D\u00c1 OUTRAS PROVIDENCIAS."}, {"id": "124", "ano": "2014", "numero": "338", "tipo__sigla": "LEI", "tipo__descricao": "Lei", "texto_integral": "http://sapl.manciolima.ac.leg.br/media/./sapl/public/normajuridica/2014/124/124_texto_integral.pdf", "ementa": "DISP\u00d5E SOBRE ALTERA\u00c7\u00c3O DA LEI N\u00ba 257/09, DE 10 DE DEZEMBRO DE 2009 QUE INSTITUI O PLANO DE CARGOS, CARREIRA E SAL\u00c1RIOS DOS SERVIDORES DO MUNIC\u00cdPIO DE M\u00c2NCIO LIMA - AC, E D\u00c1 OUTRAS PROVIDENCIAS. "}, {"id": "111", "ano": "2014", "numero": "337", "tipo__sigla": "LEI", "tipo__descricao": "Lei", "texto_integral": "http://sapl.manciolima.ac.leg.br/media/./sapl/public/normajuridica/2014/111/111_texto_integral.pdf", "ementa": "ESTIMA A RECEITA E FIXA A DESPESA DO MUNICIPIO DE M\u00c2NCIO LIMA PARA O EXERCICIO FINANCEIRO DE 2015."}, {"id": "79", "ano": "2014", "numero": "336", "tipo__sigla": "LEI", "tipo__descricao": "Lei", "texto_integral": "http://sapl.manciolima.ac.leg.br/media/./sapl/public/normajuridica/2014/79/79_texto_integral.pdf", "ementa": "ESTABELECE AS DIRETRIZES A SEREM OBSERVADAS NA ELABORA\u00c7\u00c3O E EXECU\u00c7\u00c3O DA LEI OR\u00c7AMENTARIA PARA O EXERC\u00cdCIO FINANCEIRO DE 2015 E D\u00c1 OUTRAS PROVIDENCIAS. "}, {"id": "8", "ano": "2014", "numero": "335", "tipo__sigla": "LEI", "tipo__descricao": "Lei", "texto_integral": "http://sapl.manciolima.ac.leg.br/media/./sapl/public/normajuridica/2014/8/8_texto_integral.pdf", "ementa": "DISP\u00d5E SOBRE A CRIA\u00c7\u00c3O DO SERVI\u00c7O DE\r\nINSPE\u00c7\u00c3O MUNICIPAL - SIM E OS\r\nPROCEDIMENTOS DE INSPE\u00c7\u00c3O SANIT\u00c1RIA\r\nEM ESTABELECIMENTOS QUE MANIPULEM\r\nPRODUTOS DE ORIGEM ANIMAL E D\u00c1 OUTRAS\r\nPROVID\u00caNCIAS"}, {"id": "20", "ano": "2014", "numero": "334", "tipo__sigla": "LEI", "tipo__descricao": "Lei", "texto_integral": "http://sapl.manciolima.ac.leg.br/media/./sapl/public/normajuridica/2014/20/20_texto_integral.pdf", "ementa": "AUTORIZA O PODER EXECUTIVO\r\nMUNICIPAL A DOAR UMA \u00c1REA DE\r\nTERRA MEDINDO 300 M\u00b2\r\nPERTENCENTE AO PATRIM\u00d4NIO\r\nP\u00daBLICO MUNICIPAL E D\u00c1 OUTRAS\r\nPROVID\u00caNCIAS."}, {"id": "18", "ano": "2014", "numero": "333", "tipo__sigla": "LEI", "tipo__descricao": "Lei", "texto_integral": "http://sapl.manciolima.ac.leg.br/media/./sapl/public/normajuridica/2014/18/18_texto_integral.pdf", "ementa": "AUTORIZA O PODER EXECUTIVO\r\nMUNICIPAL A DOAR UMA \u00c1REA DE\r\nTERRA MEDINDO 300 M\u00b2\r\nPERTENCENTE AO PATRIM\u00d4NIO\r\nP\u00daBLICO MUNICIPAL E D\u00c1 OUTRAS\r\nPROVID\u00caNCIAS"}, {"id": "19", "ano": "2014", "numero": "332", "tipo__sigla": "LEI", "tipo__descricao": "Lei", "texto_integral": "http://sapl.manciolima.ac.leg.br/media/./sapl/public/normajuridica/2014/19/19_texto_integral.pdf", "ementa": "AUTORIZA O PODER EXECUTIVO\r\nMUNICIPAL A DOAR UMA \u00c1REA DE\r\nTERRA MEDINDO 500 M\u00b2\r\nPERTENCENTE AO PATRIM\u00d4NIO\r\nP\u00daBLICO MUNICIPAL E D\u00c1 OUTRAS\r\nPROVID\u00caNCIAS"}, {"id": "17", "ano": "2014", "numero": "331", "tipo__sigla": "LEI", "tipo__descricao": "Lei", "texto_integral": "http://sapl.manciolima.ac.leg.br/media/./sapl/public/normajuridica/2014/17/17_texto_integral.pdf", "ementa": "AUTORIZA O PODER EXECUTIVO\r\nMUNICIPAL A DOAR UMA \u00c1REA DE\r\nTERRA MEDINDO 500 M\u00b2\r\nPERTENCENTE AO PATRIM\u00d4NIO\r\nP\u00daBLICO MUNICIPAL E D\u00c1 OUTRAS\r\nPROVID\u00caNCIAS."}, {"id": "16", "ano": "2014", "numero": "330", "tipo__sigla": "LEI", "tipo__descricao": "Lei", "texto_integral": "http://sapl.manciolima.ac.leg.br/media/./sapl/public/normajuridica/2014/16/16_texto_integral.pdf", "ementa": "AUTORIZA O PODER EXECUTIVO\r\nMUNICIPAL A DOAR UMA \u00c1REA DE\r\nTERRA MEDINDO 300 M\u00b2\r\nPERTENCENTE AO PATRIM\u00d4NIO\r\nP\u00daBLICO MUNICIPAL E D\u00c1 OUTRAS\r\nPROVID\u00caNCIAS."}, {"id": "14", "ano": "2014", "numero": "329", "tipo__sigla": "LEI", "tipo__descricao": "Lei", "texto_integral": "http://sapl.manciolima.ac.leg.br/media/./sapl/public/normajuridica/2014/14/14_texto_integral.pdf", "ementa": "AUTORIZA O PODER EXECUTIVO\r\nMUNICIPAL A DOAR UMA \u00c1REA DE\r\nTERRA MEDINDO 500 M\u00b2\r\nPERTENCENTE AO PATRIM\u00d4NIO\r\nP\u00daBLICO MUNICIPAL E D\u00c1 OUTRAS\r\nPROVID\u00caNCIAS."}, {"id": "15", "ano": "2014", "numero": "328", "tipo__sigla": "LEI", "tipo__descricao": "Lei", "texto_integral": "http://sapl.manciolima.ac.leg.br/media/./sapl/public/normajuridica/2014/15/15_texto_integral.pdf", "ementa": "AUTORIZA O PODER EXECUTIVO\r\nMUNICIPAL A DOAR UMA \u00c1REA DE\r\nTERRA MEDINDO 300 M\u00b2\r\nPERTENCENTE AO PATRIM\u00d4NIO\r\nP\u00daBLICO MUNICIPAL E D\u00c1 OUTRAS\r\nPROVID\u00caNCIAS"}, {"id": "13", "ano": "2014", "numero": "327", "tipo__sigla": "LEI", "tipo__descricao": "Lei", "texto_integral": "http://sapl.manciolima.ac.leg.br/media/./sapl/public/normajuridica/2014/13/13_texto_integral.pdf", "ementa": "AUTORIZA O PODER EXECUTIVO\r\nMUNICIPAL A DOAR UMA \u00c1REA DE\r\nTERRA MEDINDO 300 M\u00b2\r\nPERTENCENTE AO PATRIM\u00d4NIO\r\nP\u00daBLICO MUNICIPAL E D\u00c1 OUTRAS\r\nPROVID\u00caNCIAS."}, {"id": "12", "ano": "2014", "numero": "326", "tipo__sigla": "LEI", "tipo__descricao": "Lei", "texto_integral": "http://sapl.manciolima.ac.leg.br/media/", "ementa": "AUTORIZA O PODER EXECUTIVO\r\nMUNICIPAL A DOAR UMA \u00c1REA DE\r\nTERRA MEDINDO 500 M\u00b2\r\nPERTENCENTE AO PATRIM\u00d4NIO\r\nP\u00daBLICO MUNICIPAL E D\u00c1 OUTRAS\r\nPROVID\u00caNCIAS."}, {"id": "11", "ano": "2014", "numero": "325", "tipo__sigla": "LEI", "tipo__descricao": "Lei", "texto_integral": "http://sapl.manciolima.ac.leg.br/media/./sapl/public/normajuridica/2014/11/11_texto_integral.pdf", "ementa": "DISP\u00d5E SOBRE ALTERA\u00c7\u00c3O DA TABELA DA LEI N\u00ba 258/09\r\nDE 10 DE DEZEMBRO DE 2009 QUE INSTITUI O PLANO DE\r\nCARGOS, CARREIRA E SAL\u00c1RIO DO QUADRO PERMANENTE\r\nDOS PROFISSIONAIS DE MAGIST\u00c9RIO DO MUNIC\u00cdPIO DE\r\nM\u00c2NCIO LIMA &#8211; ACRE, E D\u00c1 OUTRAS PROVID\u00caNCIAS."}, {"id": "10", "ano": "2014", "numero": "324", "tipo__sigla": "LEI", "tipo__descricao": "Lei", "texto_integral": "http://sapl.manciolima.ac.leg.br/media/./sapl/public/normajuridica/2014/10/10_texto_integral.pdf", "ementa": "DISP\u00d5E SOBRE ALTERA\u00c7\u00c3O DA TABELA DO\r\nPLANO DE CARGOS, CARREIRA E SAL\u00c1RIOS\r\nDOS SERVIDORES DO MUNICIPIO DE M\u00c2NCIO\r\nLIMA E D\u00c1 OUTRAS PROVID\u00caNCIAS."}, {"id": "25", "ano": "2014", "numero": "323", "tipo__sigla": "LEI", "tipo__descricao": "Lei", "texto_integral": "http://sapl.manciolima.ac.leg.br/media/./sapl/public/normajuridica/2014/25/25_texto_integral.pdf", "ementa": "INSTITUI O PLANO DE CARGOS,\r\nCARREIRA E VENCIMENTOS DO PODER\r\nLEGISLATIVO MUNICIPAL E D\u00c1\r\nOUTRAS PROVID\u00caNCIAS"}, {"id": "159", "ano": "2014", "numero": "322", "tipo__sigla": "LEI", "tipo__descricao": "Lei", "texto_integral": "http://sapl.manciolima.ac.leg.br/media/./sapl/public/normajuridica/2014/159/159_texto_integral.pdf", "ementa": "AUTORIZA O CHEFE DO PODER EXECUTIVO MUNICIPAL A FIRMAR CONTRATO DE CONCESS\u00c3O DE DIREITO REAL DE USO DE IM\u00d3VEL P\u00daBLICO COM O DEPARTAMENTO ESTADUAL DE PAVIMENTA\u00c7\u00c3O E SANEAMENTO-DEPASA E D\u00c1 OUTRAS PROVID\u00caNCIAS"}, {"id": "23", "ano": "2014", "numero": "321", "tipo__sigla": "LEI", "tipo__descricao": "Lei", "texto_integral": "http://sapl.manciolima.ac.leg.br/media/./sapl/public/normajuridica/2014/23/23_texto_integral.pdf", "ementa": "AUTORIZA O PODER EXECUTIVO DO\r\nMUNIC\u00cdPIO DE M\u00c2NCIO LIMA-ACRE, A\r\nINSTITUIR NO BAIRRO DA COBAL, A ESCOLA\r\nPROFESSORA NEUZA AM\u00c2NCIO SABINO."}, {"id": "161", "ano": "2013", "numero": "320", "tipo__sigla": "LEI", "tipo__descricao": "Lei", "texto_integral": "http://sapl.manciolima.ac.leg.br/media/./sapl/public/normajuridica/2013/161/161_texto_integral.pdf", "ementa": "DISP\u00d5E SOBRE ALTERA\u00c7\u00c3O DA TABELA DA LEI N\u00ba 258/09 DE 10 DE DEZEMBRO DE 2009 QUE INSTITUI O PLANO DE CARGOS, CARREIRA E SAL\u00c1RIO DO QUADRO PERMANENTE DOS PROFISSIONAIS DE MAGIST\u00c9RIO DO MUNIC\u00cdPIO DE M\u00c2NCIO LIMA &#8211; ACRE, E D\u00c1 OUTRAS PROVID\u00caNCIAS"}, {"id": "162", "ano": "2013", "numero": "319", "tipo__sigla": "LEI", "tipo__descricao": "Lei", "texto_integral": "http://sapl.manciolima.ac.leg.br/media/./sapl/public/normajuridica/2013/162/162_texto_integral.pdf", "ementa": "ESTIMA A RECEITA E FIXA A DESPESA DO MUNIC\u00cdPIO DE M\u00c2NCIO LIMA PARA O EXERC\u00cdCIO FINANCEIRO DE 2014 "}, {"id": "198", "ano": "2013", "numero": "318", "tipo__sigla": "LEI", "tipo__descricao": "Lei", "texto_integral": "http://sapl.manciolima.ac.leg.br/media/./sapl/public/normajuridica/2013/198/198_texto_integral.pdf", "ementa": "DISPOE SOBRE O PLANO PLURIANUAL DE APLICA\u00c7\u00c3O/PPA PARA O QUADRIENIO 2014/2017, E D\u00c1 OUTRAS PROVIDENCIAS."}, {"id": "21", "ano": "2013", "numero": "317", "tipo__sigla": "LEI", "tipo__descricao": "Lei", "texto_integral": "http://sapl.manciolima.ac.leg.br/media/./sapl/public/normajuridica/2013/21/21_texto_integral.pdf", "ementa": "DISP\u00d5E SOBRE A ALIENA\u00c7\u00c3O DE BENS\r\nM\u00d3VEIS INSERV\u00cdVEIS, PERTENCENTE AO\r\nPATRIM\u00d4NIO P\u00daBLICO DA PREFEITURA\r\nMUNICIPAL DE M\u00c2NCIO LIMA E D\u00c1 OUTRAS\r\nPROVID\u00caNCIAS"}, {"id": "26", "ano": "2013", "numero": "316", "tipo__sigla": "LEI", "tipo__descricao": "Lei", "texto_integral": "http://sapl.manciolima.ac.leg.br/media/./sapl/public/normajuridica/2013/26/26_texto_integral.pdf", "ementa": "DISP\u00d5E SOBRE OS CRIT\u00c9RIOS DA CONCESS\u00c3O\r\nDE BENEF\u00cdCIOS EVENTUAIS DE AUX\u00cdLIO\r\nNATALIDADE, FUNERAL, SITUA\u00c7\u00d5ES DE\r\nCALAMIDADE P\u00daBLICA E DE VULNERABILIDADE\r\nTEMPOR\u00c1RIA NO \u00c2MBITO MUNICIPAL DA\r\nPOL\u00cdTICA P\u00daBLICA DE ASSIST\u00caNCIA SOCIAL."}, {"id": "24", "ano": "2013", "numero": "315", "tipo__sigla": "LEI", "tipo__descricao": "Lei", "texto_integral": "http://sapl.manciolima.ac.leg.br/media/./sapl/public/normajuridica/2013/24/24_texto_integral.pdf", "ementa": "DISP\u00d5E SOBRE A DEMOLI\u00c7\u00c3O DE\r\nPR\u00c9DIO P\u00daBLICO E CONSTRU\u00c7\u00c3O DA\r\nCASA DO COLONO NO MESMO LOCAL"}, {"id": "22", "ano": "2013", "numero": "314", "tipo__sigla": "LEI", "tipo__descricao": "Lei", "texto_integral": "http://sapl.manciolima.ac.leg.br/media/./sapl/public/normajuridica/2013/22/22_texto_integral.pdf", "ementa": "INSTITUI O C\u00d3DIGO SANIT\u00c1RIO\r\nDO MUNICIPIO DE M\u00c2NCIO LIMA\r\nE D\u00c1 OUTRAS PROVID\u00caNCIAS"}, {"id": "98", "ano": "2013", "numero": "313", "tipo__sigla": "LEI", "tipo__descricao": "Lei", "texto_integral": "http://sapl.manciolima.ac.leg.br/media/./sapl/public/normajuridica/2013/98/98_texto_integral.pdf", "ementa": "DISP\u00d5E SOBRE AS DIRETRIZES PARA A ELABORA\u00c7\u00c3O E EXECU\u00c7\u00c3O DA LEI OR\u00c7AMENT\u00c1RIA DO EXERC\u00cdCIO FINANCEIRO DE 2014 E D\u00c1 OUTRAS PROVID\u00caNCIAS "}, {"id": "160", "ano": "2013", "numero": "312", "tipo__sigla": "LEI", "tipo__descricao": "Lei", "texto_integral": "http://sapl.manciolima.ac.leg.br/media/./sapl/public/normajuridica/2013/160/160_texto_integral.pdf", "ementa": "ALTERA A LEI N\u00ba 308/013 DE 15 DE MAR\u00c7O DE 2013, QUE DISP\u00d5E SOBRE A ESTRUTURA ORGANIZACIONAL DA PREFEITURA MUNICIPAL DE M\u00c2NCIO LIMA-ACRE, E D\u00c1 OUTRAS PROVID\u00caNCIAS "}, {"id": "6", "ano": "2013", "numero": "311", "tipo__sigla": "LEI", "tipo__descricao": "Lei", "texto_integral": "http://sapl.manciolima.ac.leg.br/media/./sapl/public/normajuridica/2013/6/6_texto_integral.pdf", "ementa": "DISPOE SOBRE ALTERA\u00c7\u00c3O DA TABELA DO PLANO CARGOS, CARREIRA E SALARIOS DOS SERVIDORES DO MUNICIPIO DE MANCIO LIMA E D\u00c1 OUTRAS PROVIDENCIAS."}, {"id": "415", "ano": "2013", "numero": "310", "tipo__sigla": "LEI", "tipo__descricao": "Lei", "texto_integral": "http://sapl.manciolima.ac.leg.br/media/sapl/public/normajuridica/2013/415/lei_310.pdf", "ementa": "DISPOE SOBRE ALTERA\u00c7AO DA LEI N\u00ba 172/04, QUE TRATA SOBRE A CONTRATA\u00c7\u00c3O TEMPORARIA E DA OUTRAS PROVIDENCIAS."}, {"id": "5", "ano": "2013", "numero": "309", "tipo__sigla": "LEI", "tipo__descricao": "Lei", "texto_integral": "http://sapl.manciolima.ac.leg.br/media/./sapl/public/normajuridica/2013/5/5_texto_integral.pdf", "ementa": "AUTORIZA O PODER EXECUTIVO MUNICIPAL A CRIAR O PROGRAMA MUNICIPAL DE DESENVOLVIMENTO DA CADEIA PRODUTIVA DA AQUICULTURA FAMILIAR, BEM COMO UTILIZAR RECURSOS NA PROMO\u00c7\u00c3O DE A\u00c7\u00d5ES DE APOIO E INCENTIVO A ATIVIDADE."}, {"id": "4", "ano": "2013", "numero": "308", "tipo__sigla": "LEI", "tipo__descricao": "Lei", "texto_integral": "http://sapl.manciolima.ac.leg.br/media/./sapl/public/normajuridica/2013/4/4_texto_integral.pdf", "ementa": "ALTERA A LEI N\u00ba 306/12 DE 17 DE DEZEMBRO DE 2012, QUE DISP\u00d5E SOBRE A ESTRUTURA ORGANIZACIONAL DA PREFEITURA MUNICIPAL DE MANCIO LIMA - ACRE, E D\u00c1 OUTRAS PROVIDENCIAS."}, {"id": "163", "ano": "2012", "numero": "307", "tipo__sigla": "LEI", "tipo__descricao": "Lei", "texto_integral": "http://sapl.manciolima.ac.leg.br/media/./sapl/public/normajuridica/2012/163/163_texto_integral.pdf", "ementa": "ESTIMA A RECEITA E FIXA A DESPESA DO MUNIC\u00cdPIO DE M\u00c2NCIO LIMA PARA O EXERC\u00cdCIO DE 2013 "}, {"id": "164", "ano": "2012", "numero": "306", "tipo__sigla": "LEI", "tipo__descricao": "Lei", "texto_integral": "http://sapl.manciolima.ac.leg.br/media/./sapl/public/normajuridica/2012/164/164_texto_integral.pdf", "ementa": "ALTERA A LEI N\u00ba280/011 DE 06 DE JULHO DE 2011, QUE DISP\u00d5E SOBRE A ESTRUTURA ORGANIZACIONAL DA PREFEITURA MUNICIPAL DE M\u00c2NCIO LIMA-ACRE, E D\u00c1 OUTRAS PROVID\u00caNCIAS "}, {"id": "9", "ano": "2012", "numero": "305", "tipo__sigla": "LEI", "tipo__descricao": "Lei", "texto_integral": "http://sapl.manciolima.ac.leg.br/media/./sapl/public/normajuridica/2012/9/9_texto_integral.pdf", "ementa": "DISP\u00d5E SOBRE AS DIRETRIZES PARA A\r\nELABORA\u00c7\u00c3O E EXECU\u00c7\u00c3O DA LEI OR\u00c7AMENT\u00c1RIA\r\nDO EXERC\u00cdCIO FINANCEIRO DE 2013 E D\u00c1\r\nOUTRAS PROVID\u00caNCIAS."}, {"id": "27", "ano": "2012", "numero": "304", "tipo__sigla": "LEI", "tipo__descricao": "Lei", "texto_integral": "http://sapl.manciolima.ac.leg.br/media/./sapl/public/normajuridica/2012/27/27_texto_integral.pdf", "ementa": "AUTORIZA O PODER EXECUTIVO DO\r\nMUNIC\u00cdPIO DE M\u00c2NCIO LIMA-ACRE, FIXAR OS\r\nSUBSIDIOS DO PREFEITO, VICE &#8211; PREFEITO E\r\nDOS SECRET\u00c1RIOS MUNICIPAIS E D\u00c1 OUTRAS\r\nPROVID\u00caNCIAS"}, {"id": "7", "ano": "2012", "numero": "303", "tipo__sigla": "LEI", "tipo__descricao": "Lei", "texto_integral": "http://sapl.manciolima.ac.leg.br/media/./sapl/public/normajuridica/2012/7/7_texto_integral.pdf", "ementa": "AUTORIZA O PODER EXECUTIVO DO MUNIC\u00cdPIO DE MANCIO LIMA - ACRE, FIXAR OS SUBS\u00cdDIOS DOS VEREADORES E DO PRESIDENTE DA C\u00c2MARA MUNICIPAL DE MANCIO LIMA E D\u00c1 OUTRAS PROVIDENCIAS."}, {"id": "414", "ano": "2012", "numero": "302", "tipo__sigla": "LEI", "tipo__descricao": "Lei", "texto_integral": "http://sapl.manciolima.ac.leg.br/media/sapl/public/normajuridica/2012/414/lei_302.pdf", "ementa": "DISPOE SOBRE O SISTEMA MUNICIPAL DE CULTURA DE MANCIO LIMA, SEUS PRINCIPIOS, OBJETIVOS, ESTRUTURA, ORGANIZA\u00c7\u00c3O, GESTAO, INTER-RELA\u00c7\u00d5ES ENTRE OS SEUS COMPONENTES, RECURSOS HUMANOS, FINANCIAMENTO E DA OUTRAS PROVIDENCIAS."}, {"id": "413", "ano": "2012", "numero": "301", "tipo__sigla": "LEI", "tipo__descricao": "Lei", "texto_integral": "http://sapl.manciolima.ac.leg.br/media/sapl/public/normajuridica/2012/413/lei_301.pdf", "ementa": "AUTORIZA O PODER EXECUTIVO DO MUNICIPIO DE MANCIO LIMA - ACRE, A INSTITUIR NO BAIRRO SAO VIDAL, A UNIDADE DE SAUDE DA FAMILIA WILSON BATISTA SIQUEIRA."}, {"id": "412", "ano": "2012", "numero": "300", "tipo__sigla": "LEI", "tipo__descricao": "Lei", "texto_integral": "http://sapl.manciolima.ac.leg.br/media/sapl/public/normajuridica/2012/412/lei_300.pdf", "ementa": "AUTORIZA O PODER EXECUTIVO DO MUNICIPIO DE MANCIO LIMA - ACRE, A DEMOLIR UM PREDIO PUBLICO SITUADO NO SETOR 06, QUADRA 15, NA AVENIDA JAPIIM, BAIRRO CENTRO."}, {"id": "411", "ano": "2012", "numero": "299", "tipo__sigla": "LEI", "tipo__descricao": "Lei", "texto_integral": "http://sapl.manciolima.ac.leg.br/media/sapl/public/normajuridica/2012/411/lei_299.pdf", "ementa": "AUTORIZA O PODER EXECUTIVO MUNICIPAL A DOAR UMA AREA DE TERRA MEDINDO 8.400 M\u00b2 PERTENCENTE AO PATRIMONIO PUBLICO MUNICIPAL E DA OUTRAS PROVIDENCIAS."}, {"id": "410", "ano": "2012", "numero": "298", "tipo__sigla": "LEI", "tipo__descricao": "Lei", "texto_integral": "http://sapl.manciolima.ac.leg.br/media/sapl/public/normajuridica/2012/410/lei_298.pdf", "ementa": "DISPOE SOBRE A REVOGA\u00c7\u00c3O DA LEI N\u00ba 217/07 DE 14 DE FEVEREIRO DE QUE TRATA DA DOA\u00c7\u00c3O DE UMA AREA DE TERRA PETENCENTE AO PATRIMONIO PUBLICO MUNICIPAL E DA OUTRAS PROVIDENCIAS."}, {"id": "409", "ano": "2012", "numero": "297", "tipo__sigla": "LEI", "tipo__descricao": "Lei", "texto_integral": "http://sapl.manciolima.ac.leg.br/media/sapl/public/normajuridica/2012/409/lei_297.pdf", "ementa": "AUTORIZA O PODER EXECUTIVO DO MUNICPIO DE MANCIO LIMA - ACRE, A DEMOLIR UM PREDIO PUBLICO  SITUADO NO BAIRRO SAO FRANCISCO."}, {"id": "408", "ano": "2012", "numero": "296", "tipo__sigla": "LEI", "tipo__descricao": "Lei", "texto_integral": "http://sapl.manciolima.ac.leg.br/media/sapl/public/normajuridica/2012/408/lei_296.pdf", "ementa": "AUTORIZA O PODER EXECUTIVO DO MUNICPIO DE MANCIO LIMA - ACRE, A ALTERA AS QUADRAS 01 E 02 DO BAIRRO SAO VIDAL E AS QUADRAS 146 E 147 DO BAIRRO JOSE MARTINS."}, {"id": "407", "ano": "2012", "numero": "295", "tipo__sigla": "LEI", "tipo__descricao": "Lei", "texto_integral": "http://sapl.manciolima.ac.leg.br/media/sapl/public/normajuridica/2012/407/lei_295.pdf", "ementa": "AUTORIZA O PODER EXECUTIVO DO MUNCIPIO DE MANCO LIMA - ACRE, A CANCELAR A RUA JOSE BEZERRA DA ROCHA, NO BAIRRO SAO FRANCISCO."}, {"id": "406", "ano": "2012", "numero": "294", "tipo__sigla": "LEI", "tipo__descricao": "Lei", "texto_integral": "http://sapl.manciolima.ac.leg.br/media/sapl/public/normajuridica/2012/406/lei_294.pdf", "ementa": "ALTERA DISPOSITIVOS DA LEI N\u00ba 259 DE 10 DE DEZEMBRO DE 2009 E DA OUTRAS PROVIDENCIAS."}, {"id": "405", "ano": "2012", "numero": "293", "tipo__sigla": "LEI", "tipo__descricao": "Lei", "texto_integral": "http://sapl.manciolima.ac.leg.br/media/sapl/public/normajuridica/2012/405/lei_293.pdf", "ementa": "DISPOE SOBRE ALTERA\u00c7AO DA LEI 251/09 DE 25 DE AGOSTO DE 2009, QUE DISPOE SOBRE O SERVI\u00c7O DE TRANSPORTE DE PASSAGEIROS, DENOMINADO TAXI, DO MUNICIPIO DE MANCIO LIMA - ACRE E DA OUTRAS PROVIDENCIAS."}, {"id": "96", "ano": "2012", "numero": "292", "tipo__sigla": "LEI", "tipo__descricao": "Lei", "texto_integral": "http://sapl.manciolima.ac.leg.br/media/./sapl/public/normajuridica/2012/96/96_texto_integral.pdf", "ementa": "DISP\u00d5E SOBRE ALTERA\u00c7\u00c3O DA TABELA DA LEI N\u00ba 258/098 DE 10 DE DEZEMBRO DE 2009 QUE INSTITUI O PLANO DE CARGOS, CARREIRA E SAL\u00c1RIO DO QUADRO PERMANENTE DOS PROFISSIONAIS DE MAGIST\u00c9RIO DO MUNIC\u00cdPIO DE M\u00c2NCIO LIMA - ACRE, E D\u00c1 OUTRAS PROVIDENCIAS. "}, {"id": "95", "ano": "2012", "numero": "291", "tipo__sigla": "LEI", "tipo__descricao": "Lei", "texto_integral": "http://sapl.manciolima.ac.leg.br/media/./sapl/public/normajuridica/2012/95/95_texto_integral.pdf", "ementa": "DISP\u00d5E SOBRE ALTERA\u00c7\u00c3O DA TABELA DO PLANO DE CARGOS, CARREIRA E SAL\u00c1RIOS DOS SERVIDORES DO MUNICIPIO DE M\u00c2NCIO LIMA E D\u00c1 OUTRAS PROVID\u00caNCIAS"}, {"id": "404", "ano": "2011", "numero": "290", "tipo__sigla": "LEI", "tipo__descricao": "Lei", "texto_integral": "http://sapl.manciolima.ac.leg.br/media/sapl/public/normajuridica/2011/404/lei_290.pdf", "ementa": "DISPOE SOBRE OS CRITERIOS DA CONCESSAO DE BENEFICIOS EVENTUAIS  DE AUXILIO NATALIDADE, FUNERAL, SITUA\u00c7\u00d5ES DE CALAMIDADE PUBLICA E VULNERABILIDADE TEMPORARIA NO AMBITO MUNICIPAL DA POLITICA PUBLICA DE ASSISTENCIA SOCIAL."}, {"id": "166", "ano": "2011", "numero": "289", "tipo__sigla": "LEI", "tipo__descricao": "Lei", "texto_integral": "http://sapl.manciolima.ac.leg.br/media/./sapl/public/normajuridica/2011/166/166_texto_integral.pdf", "ementa": "ESTIMA A RECEITA E FIXA A DESPESA DO MUNIC\u00cdPIO DE M\u00c2NCIO LIMA PARA O EXERC\u00cdCIO DE 2012"}, {"id": "168", "ano": "2011", "numero": "288", "tipo__sigla": "LEI", "tipo__descricao": "Lei", "texto_integral": "http://sapl.manciolima.ac.leg.br/media/./sapl/public/normajuridica/2011/168/168_texto_integral.pdf", "ementa": "AUTORIZA O PODER EXECUTIVO DO MUNIC\u00cdPIO DE M\u00c2NCIO LIMA-ACRE ALTERAR A TABELA DA LEI N\u00ba257/09, QUE INSTITUI O PLANO DE CARGOS, CARREIRA E VENCIMENTOS DO QUADRO PERMANENTE DOS SERVIDORES DO MUNIC\u00cdPIO "}, {"id": "167", "ano": "2011", "numero": "287", "tipo__sigla": "LEI", "tipo__descricao": "Lei", "texto_integral": "http://sapl.manciolima.ac.leg.br/media/./sapl/public/normajuridica/2011/167/167_texto_integral.pdf", "ementa": "ALTERA DISPOSITIVOS DA LEI N\u00ba 234, DE 06 DE MAIO DE 2008 E D\u00c1 OUTRAS PROVID\u00caNCIAS "}, {"id": "108", "ano": "2011", "numero": "286", "tipo__sigla": "LEI", "tipo__descricao": "Lei", "texto_integral": "http://sapl.manciolima.ac.leg.br/media/./sapl/public/normajuridica/2011/108/108_texto_integral.pdf", "ementa": "ALTERA DISPOSITIVOS DA LEI N\u00ba 171, DE 17 DE DEZEMBRO DE 2003, E D\u00c1 OUTRAS PROVIDENCIAS. "}, {"id": "114", "ano": "2011", "numero": "284", "tipo__sigla": "LEI", "tipo__descricao": "Lei", "texto_integral": "http://sapl.manciolima.ac.leg.br/media/./sapl/public/normajuridica/2011/114/114_texto_integral.pdf", "ementa": "AUTORIZA O PODER EXECUTIVO DO MUNIC\u00cdPIO DE M\u00c2NCIO LIMA - ACRE, A INSTITUIR NO BAIRRO GUARANI, A ACADEMIA P\u00daBLICA FRANCISCA DIAS DE ANDRADE. "}, {"id": "107", "ano": "2011", "numero": "285", "tipo__sigla": "LEI", "tipo__descricao": "Lei", "texto_integral": "http://sapl.manciolima.ac.leg.br/media/./sapl/public/normajuridica/2011/107/107_texto_integral.pdf", "ementa": "AUTORIZA O PODER EXECUTIVO MUNICIPAL DISPOR SOBRE ABERTURA DE CREDITO ADICIONAL ESPECIAL DE DOTA\u00c7\u00c3O NO OR\u00c7AMENTO VIGENTE DO PODER EXECUTIVO MUNICIPAL E D\u00c1 OUTRAS PROVIDENCIAS. "}, {"id": "102", "ano": "2011", "numero": "283", "tipo__sigla": "LEI", "tipo__descricao": "Lei", "texto_integral": "http://sapl.manciolima.ac.leg.br/media/./sapl/public/normajuridica/2011/102/102_texto_integral.pdf", "ementa": "DISP\u00d5E SOBRE AS DIRETRIZES OR\u00c7AMENTARIAS PARA O EXERC\u00cdCIO FINANCEIRO DE 2012 E D\u00c1 OUTRAS PROVIDENCIAS."}, {"id": "403", "ano": "2011", "numero": "282", "tipo__sigla": "LEI", "tipo__descricao": "Lei", "texto_integral": "http://sapl.manciolima.ac.leg.br/media/sapl/public/normajuridica/2011/403/lei_282.pdf", "ementa": "AUTORIZA O PODER EXECUTIVO MUNICIPAL DISPOR SOBRE ABERTURA DE CREDITO ADICIONAL ESPECIAL DE DOTA\u00c7\u00c3O NO OR\u00c7AMENTO VIGENTE DO PODER EXECUTIVO MUNICIPAL E DA OUTRAS PROVIDENCIAS."}, {"id": "402", "ano": "2011", "numero": "281", "tipo__sigla": "LEI", "tipo__descricao": "Lei", "texto_integral": "http://sapl.manciolima.ac.leg.br/media/sapl/public/normajuridica/2011/402/lei_281.pdf", "ementa": "AUTORIZA O PODER EXECUTIVO MUNICIPAL A DOAR UMA AREA DE TERRA MEDINDO 900 M\u00b2 PERTENCENTE AO PATRIMONIO PUBLICO MUNICIPAL E DA OUTRAS PROVIDENCIAS."}, {"id": "401", "ano": "2011", "numero": "280", "tipo__sigla": "LEI", "tipo__descricao": "Lei", "texto_integral": "http://sapl.manciolima.ac.leg.br/media/sapl/public/normajuridica/2011/401/lei_280.pdf", "ementa": "ALTERA A LEI N\u00ba 259/09 DE 10 DE DEZEMBRO DE 2009, QUE DISPOE SOBRE A ESTRUTURA ORGANIZACIONAL DA PREFEITURA MUNICIPAL DE MANCIO LIMA - ACRE E DA OUTRAS PROVIDENCIAS."}, {"id": "104", "ano": "2011", "numero": "279", "tipo__sigla": "LEI", "tipo__descricao": "Lei", "texto_integral": "http://sapl.manciolima.ac.leg.br/media/./sapl/public/normajuridica/2011/104/104_texto_integral.pdf", "ementa": "ALTERA A LEI N\u00ba 166/03 DE 07 DE AGOSTO DE 2003, QUE DISPOE SOBRE O ESTATUTO DOS SERVIDORES P\u00daBLICOS DO MUNICIPIO DE MANCIO LIMA - ACRE E D\u00c1 OUTRAS PROVIDENCIAS"}, {"id": "58", "ano": "2011", "numero": "278", "tipo__sigla": "LEI", "tipo__descricao": "Lei", "texto_integral": "http://sapl.manciolima.ac.leg.br/media/./sapl/public/normajuridica/2011/58/58_texto_integral.pdf", "ementa": "DISP\u00d5E SOBRE ALTERA\u00c7\u00c3O DA TABELA DA LEI N\u00ba 258/09 DE 10 DE DEZEMBRO DE 2009 QUE INSTITUI O PLANO DE CARGOS, CARREIRA E SAL\u00c1RIO DO QUADRO PERMANENTE DOS PROFISSIONAIS DE MAGIST\u00c9RIO DO MUNIC\u00cdPIO DE M\u00c2NCIO LIMA &#8211; ACRE, E D\u00c1 OUTRAS PROVID\u00caNCIAS."}, {"id": "103", "ano": "2011", "numero": "277", "tipo__sigla": "LEI", "tipo__descricao": "Lei", "texto_integral": "http://sapl.manciolima.ac.leg.br/media/./sapl/public/normajuridica/2011/103/103_texto_integral.pdf", "ementa": "DISP\u00d5E SOBRE ALTERA\u00c7\u00c3O DA TABELA DO PLANO DE CARGOS, CARREIRA E SAL\u00c1RIOS DOS SERVIDORES DO MUNIC\u00cdPIO DE M\u00c2NCIO LIMA E D\u00c1 OUTRAS PROVID\u00caNCIAS "}, {"id": "106", "ano": "2011", "numero": "276", "tipo__sigla": "LEI", "tipo__descricao": "Lei", "texto_integral": "http://sapl.manciolima.ac.leg.br/media/./sapl/public/normajuridica/2011/106/106_texto_integral.pdf", "ementa": "AUTORIZA O PODER EXECUTIVO DO MUNIC\u00cdPIO DE M\u00c2NCIO LIMA-ACRE, A INSTITUIR O PROGRAMA MUNICIPAL DE APOIO E ATENDIMENTO E D\u00c1 OUTRAS PROVID\u00caNCIAS "}, {"id": "105", "ano": "2011", "numero": "275", "tipo__sigla": "LEI", "tipo__descricao": "Lei", "texto_integral": "http://sapl.manciolima.ac.leg.br/media/./sapl/public/normajuridica/2011/105/105_texto_integral.pdf", "ementa": "AUTORIZA O PODER EXECUTIVO DO MUNIC\u00cdPIO DE M\u00c2NCIO LIMA-ACRE, A INSTITUIR O PROGRAMA MUNICIPAL DE INCENTIVO E APOIO AO PRODUTOR RURAL, E D\u00c1 OUTRAS PROVID\u00caNCIAS "}, {"id": "100", "ano": "2011", "numero": "274", "tipo__sigla": "LEI", "tipo__descricao": "Lei", "texto_integral": "http://sapl.manciolima.ac.leg.br/media/./sapl/public/normajuridica/2011/100/100_texto_integral.pdf", "ementa": "AUTORIZA O PODER EXECUTIVO DO MUNIC\u00cdPIO DE M\u00c2NCIO LIMA-ACRE ALTERAR A TABELA DA LEI N\u00ba257/09, QUE INSTITUI O PLANO DE CARGOS, CARREIRA E VENCIMENTOS DO QUADRO PERMANENTE DOS SERVIDORES DO MUNIC\u00cdPIO"}, {"id": "101", "ano": "2011", "numero": "273", "tipo__sigla": "LEI", "tipo__descricao": "Lei", "texto_integral": "http://sapl.manciolima.ac.leg.br/media/./sapl/public/normajuridica/2011/101/101_texto_integral.pdf", "ementa": "AUTORIZA O PODER EXECUTIVO DO MUNIC\u00cdPIO DE M\u00c2NCIO LIMA-ACRE, A CONCEDER ABONO SALARIAL AOS PROFESSORES E T\u00c9CNICOS DA EDUCA\u00c7\u00c3O B\u00c1SICA, E D\u00c1 OUTRAS PROVID\u00caNCIAS"}, {"id": "400", "ano": "2010", "numero": "272", "tipo__sigla": "LEI", "tipo__descricao": "Lei", "texto_integral": "http://sapl.manciolima.ac.leg.br/media/sapl/public/normajuridica/2010/400/lei_272.pdf", "ementa": "ESTIMA A RECEITA E FIXA A DESPESA DO MUNICIPIO DE MANCIO LIMA E DA OUTRAS PROVIDENCIAS."}, {"id": "47", "ano": "2010", "numero": "271", "tipo__sigla": "LEI", "tipo__descricao": "Lei", "texto_integral": "http://sapl.manciolima.ac.leg.br/media/./sapl/public/normajuridica/2010/47/47_texto_integral.pdf", "ementa": "DISP\u00d5E SOBRE AS DIRETRIZES OR\u00c7AMENTARIAS PARA O EXERC\u00cdCIO FINANCEIRO DE 2011 E D\u00c1 OUTRAS PROVIDENCIAS."}, {"id": "398", "ano": "2010", "numero": "269", "tipo__sigla": "LEI", "tipo__descricao": "Lei", "texto_integral": "http://sapl.manciolima.ac.leg.br/media/sapl/public/normajuridica/2010/398/lei_269.pdf", "ementa": "AUTORIZA O PODER EXECUTIVO DO MUNICIPIO DE MANCIO LIMA - ACRE, A DEFINI\u00c7\u00c3O E NORMATIZA\u00c7\u00c3O DOS PRECATORIOS DE PEQUENO VALOR DE RESPONSABILIDADE DO MUNICIPIO."}, {"id": "399", "ano": "2010", "numero": "270", "tipo__sigla": "LEI", "tipo__descricao": "Lei", "texto_integral": "http://sapl.manciolima.ac.leg.br/media/sapl/public/normajuridica/2010/399/lei_270.pdf", "ementa": "CRIA E IMPLEMENTA PROGRAMAS SOCIAIS, REGULAMENTA OS ARTIGOS 3, ALINEA D E 4\u00ba DA CONVEN\u00c7\u00c3O 182 DE ORGANIZA\u00c7\u00c3O INTERNACIONAL DO TRABALHO OIT QUE TRATA DA PROIBI\u00c7\u00c3O DAS PIORES FORMAS DE TRABALHO INFANTIL E A\u00c7\u00c3O IMEDIATA PARA SUA ELIMINA\u00c7\u00c3O, APROVADA PELO DECRETO LEGISLATIVO N\u00ba 178 DE 14 DE DEZEMBRO DE 1999 E PROMULGADA PELO DECRETO N\u00ba3597 DE 12 DE SETEMBRO DE 2000 E DA OUTRAS PROVIDENCIAS."}, {"id": "397", "ano": "2010", "numero": "268", "tipo__sigla": "LEI", "tipo__descricao": "Lei", "texto_integral": "http://sapl.manciolima.ac.leg.br/media/sapl/public/normajuridica/2010/397/lei_268.pdf", "ementa": "INSTITUI NA SEDE DO MUNICIPIO, O CENTRO DE INCLUSAO DIGITAL GENEILSON MARQUES."}, {"id": "396", "ano": "2010", "numero": "267", "tipo__sigla": "LEI", "tipo__descricao": "Lei", "texto_integral": "http://sapl.manciolima.ac.leg.br/media/sapl/public/normajuridica/2010/396/lei_267.pdf", "ementa": "INSTITUI NO BAIRRO SAO FRANCISCO, A ESCOLA INFANTIL PROFESSORA FRANCISCA RODRIGUES RIBEIRO, MANCIO LIMA - ACRE."}, {"id": "395", "ano": "2010", "numero": "266", "tipo__sigla": "LEI", "tipo__descricao": "Lei", "texto_integral": "http://sapl.manciolima.ac.leg.br/media/sapl/public/normajuridica/2010/395/lei_266.pdf", "ementa": "INSTITUI NO BAIRRO SAO FRANCISCO, A UNIDADE DE SAUDE DA FAMILIA, SOFIA DE ALMEIDA BARRETO."}, {"id": "394", "ano": "2010", "numero": "265", "tipo__sigla": "LEI", "tipo__descricao": "Lei", "texto_integral": "http://sapl.manciolima.ac.leg.br/media/sapl/public/normajuridica/2010/394/lei_265.pdf", "ementa": "ALTERA O ARTIGO 7\u00ba DA LEI 172/04 DE 09 DE JANEIRO DE 2004, QUE DISPOE SOBRE A CONTRATA\u00c7\u00c3O TEMPORARIA DE PESSOAL PARA ATENDER AS NECESSIDADES POR TEMPO LIMITADO DE EXCEPCIONAL INTERESSE PUBLICO E DA OUTRAS PROVIDENCIAS."}, {"id": "393", "ano": "2010", "numero": "264", "tipo__sigla": "LEI", "tipo__descricao": "Lei", "texto_integral": "http://sapl.manciolima.ac.leg.br/media/sapl/public/normajuridica/2010/393/lei_264.pdf", "ementa": "INTITUI O CANCELAMENTO DA RUA DONA CAETANA, NO BAIRRO SAO FRANCISCO, MANCIO LIMA  - ACRE."}, {"id": "392", "ano": "2010", "numero": "263", "tipo__sigla": "LEI", "tipo__descricao": "Lei", "texto_integral": "http://sapl.manciolima.ac.leg.br/media/sapl/public/normajuridica/2010/392/lei_263.pdf", "ementa": "INSTITUI A APROVA\u00c7\u00c3O DO PROCESSO SELETIVO PARA CONTRATA\u00c7\u00c3O DE AGENTES DE EDUCA\u00c7\u00c3O DO PROJETO ASAS DA FLORESTANIA ESINO INFANTIL DA PREFEITURA  MUNICIPAL DE MANCIO LIMA - ACRE."}, {"id": "391", "ano": "2010", "numero": "262", "tipo__sigla": "LEI", "tipo__descricao": "Lei", "texto_integral": "http://sapl.manciolima.ac.leg.br/media/sapl/public/normajuridica/2010/391/lei_262.pdf", "ementa": "INSTITUI A CRIA\u00c7\u00c3O NA SEDE DO MUNICIPIO, A BIBLIOTECA PUBLICA MUNICIPAL PROFESSORA LUZETE DE ANDRADE RODRIGUES."}, {"id": "50", "ano": "2009", "numero": "261", "tipo__sigla": "LEI", "tipo__descricao": "Lei", "texto_integral": "http://sapl.manciolima.ac.leg.br/media/./sapl/public/normajuridica/2009/50/50_texto_integral.pdf", "ementa": "INSTITUI O DIREITO A 13\u00ba SAL\u00c1RIO AOS DETENTORES DE CARGOS ELETIVOS NO MUNIC\u00cdPIO DE M\u00c2NCIO LIMA - ACRE,E D\u00c1 OUTRAS PROVIDENCIAS."}, {"id": "390", "ano": "2009", "numero": "259", "tipo__sigla": "LEI", "tipo__descricao": "Lei", "texto_integral": "http://sapl.manciolima.ac.leg.br/media/sapl/public/normajuridica/2009/390/lei_259.pdf", "ementa": "ALTERA A LEI N\u00ba 187/05 DE 26 DE JANEIRO DE 2005, QUE DISPOE SOBRE A ESTRUTURA ORGANIZACIONAL DA PREFEITURA MUNICIPAL DE MANCIO LIMA - ACRE E DA OUTRAS PROVIDENCIAS."}, {"id": "389", "ano": "2009", "numero": "258", "tipo__sigla": "LEI", "tipo__descricao": "Lei", "texto_integral": "http://sapl.manciolima.ac.leg.br/media/sapl/public/normajuridica/2009/389/lei_258.pdf", "ementa": "DISPOE SOBRE O PLANO DE CARGOS, CARREIRA E SALARIO DO QUADRO PERMANENTE DOS PROFISISONAIS  DE MAGISTERIO DO MUNICIPIO DE MANCIO LIMA E DA OUTRAS PROVIDENCIAS."}, {"id": "2", "ano": "2009", "numero": "257", "tipo__sigla": "LEI", "tipo__descricao": "Lei", "texto_integral": "http://sapl.manciolima.ac.leg.br/media/./sapl/public/normajuridica/2009/2/2_texto_integral.pdf", "ementa": "DISPOE SOBRE O PLANO DE CARGOS, CARREIRA E SAL\u00c1RIOS DOS SERVIDORES DO MUNICIPIO DE MANCIO LIMA E D\u00c1 OUTRAS PROVIDENCIAS."}, {"id": "48", "ano": "2009", "numero": "256", "tipo__sigla": "LEI", "tipo__descricao": "Lei", "texto_integral": "http://sapl.manciolima.ac.leg.br/media/./sapl/public/normajuridica/2009/48/48_texto_integral.pdf", "ementa": "ESTIMA A RECEITA E FIXA A DESPESA DO MUNIC\u00cdPIO DE M\u00c2NCIO LIMA - ACRE PARA O EXERC\u00cdCIO FINANCEIRO DE 2010 E D\u00c1 OUTRAS PROVIDENCIAS."}, {"id": "77", "ano": "2009", "numero": "255", "tipo__sigla": "LEI", "tipo__descricao": "Lei", "texto_integral": "http://sapl.manciolima.ac.leg.br/media/./sapl/public/normajuridica/2009/77/77_texto_integral.pdf", "ementa": "DISP\u00d5E SOBRE O PLANO PLURIANUAL PARA O PER\u00cdODO 2010-2013 E D\u00c1 OUTRAS PROVIDENCIAS."}, {"id": "388", "ano": "2009", "numero": "254", "tipo__sigla": "LEI", "tipo__descricao": "Lei", "texto_integral": "http://sapl.manciolima.ac.leg.br/media/sapl/public/normajuridica/2009/388/lei_254.pdf", "ementa": "AUTORIZA O PODER EXECUTIVO DO MUNICIPIO DE MANCIO LIMA - ACRE, A FIRMAR ACORDO DE PARCELAMENTO DE DIVIDA PARA COM O FUNDO DE GARANTIA DO TEMPO DE SERVI\u00c7O."}, {"id": "387", "ano": "2009", "numero": "253", "tipo__sigla": "LEI", "tipo__descricao": "Lei", "texto_integral": "http://sapl.manciolima.ac.leg.br/media/sapl/public/normajuridica/2009/387/lei_253.pdf", "ementa": "DISPOE SOBRE APROVA\u00c7\u00c3O DO PROCESSO DE FILIA\u00c7\u00c3O POR TEMPO INDETERMINADO COM A AMAC - ASSOCIA\u00c7\u00c3O DOS MUNICIPIOS DO ACRE."}, {"id": "386", "ano": "2009", "numero": "252", "tipo__sigla": "LEI", "tipo__descricao": "Lei", "texto_integral": "http://sapl.manciolima.ac.leg.br/media/sapl/public/normajuridica/2009/386/lei_252.pdf", "ementa": "DISPOE SOBRE APROVA\u00c7\u00c3O DO PROCESSO SELECIONADO PARA CONTRATA\u00c7\u00c3O DE SERVIDORES TEMPORARIOS DA PREFEITURA MUNICIPAL DE MANCIO LIMA - ACRE."}, {"id": "93", "ano": "2009", "numero": "251", "tipo__sigla": "LEI", "tipo__descricao": "Lei", "texto_integral": "http://sapl.manciolima.ac.leg.br/media/./sapl/public/normajuridica/2009/93/93_texto_integral.pdf", "ementa": "DISP\u00d5E SOBRE O SERVI\u00c7O DE TRANSPORTE DE PASSAGEIROS, DENOMINADO T\u00c1XI NO MUNIC\u00cdPIO DE M\u00c2NCIO LIMA - ACRE E DA OUTRAS PROVIDENCIAS "}, {"id": "89", "ano": "2009", "numero": "250", "tipo__sigla": "LEI", "tipo__descricao": "Lei", "texto_integral": "http://sapl.manciolima.ac.leg.br/media/./sapl/public/normajuridica/2009/89/89_texto_integral.pdf", "ementa": "DISP\u00d5E SOBRE O SERVI\u00c7O DE TRANSPORTE INDIVIDUAL DE PASSAGEIROS EM VEICULO AUTOMOTOR TIPO MOTOCICLETA, DENOMINADO MOTO-T\u00c1XI NO MUNIC\u00cdPIO DE M\u00c2NCIO LIMA - ACRE, E D\u00c1 OUTRAS PROVIDENCIAS. "}, {"id": "94", "ano": "2009", "numero": "249", "tipo__sigla": "LEI", "tipo__descricao": "Lei", "texto_integral": "http://sapl.manciolima.ac.leg.br/media/./sapl/public/normajuridica/2009/94/94_texto_integral.pdf", "ementa": "DISP\u00d5E SOBRE A IMPLANTA\u00c7\u00c3O DO SISTEMA DE SERVI\u00c7O DE TRANSPORTE ALTERNATIVO NO MUNICIPIO DE M\u00c2NCIO LIMA - ACRE, E D\u00c1 OUTRAS PROVIDENCIAS."}, {"id": "385", "ano": "2009", "numero": "248", "tipo__sigla": "LEI", "tipo__descricao": "Lei", "texto_integral": "http://sapl.manciolima.ac.leg.br/media/sapl/public/normajuridica/2009/385/lei_248.pdf", "ementa": "DISPOE SOBRE AS DIRETRIZES OR\u00c7AMENTARIAS PARA O EXERCICIO FINANCEIRO DE 2010 E DA OUTRAS PROVIDENCIAS."}, {"id": "384", "ano": "2009", "numero": "247", "tipo__sigla": "LEI", "tipo__descricao": "Lei", "texto_integral": "http://sapl.manciolima.ac.leg.br/media/sapl/public/normajuridica/2009/384/lei_247.pdf", "ementa": "AUTORIZA O PODER EXECUTIVO A ALTERAR A TABELA DA LEI 168/03 DE 20 DE AGOSTO DE 2003, QUE INSTITUI O PLANO DE CARGOS, CARREIRA E VENCIMENTOS DO QUADRO PERMANENTE DOS PROFISSIONAIS DE MAGISTERIO DO MUNICIPIO DE MANCIO LIMA - ACRE E DA OUTRAS PROVIDENCIAS."}, {"id": "383", "ano": "2009", "numero": "246", "tipo__sigla": "LEI", "tipo__descricao": "Lei", "texto_integral": "http://sapl.manciolima.ac.leg.br/media/sapl/public/normajuridica/2009/383/lei_246.pdf", "ementa": "AUTORIZA O PODER EXECUTIVO A ALTERAR A TABELA DA LEI 167/03 DO MUNICIPIO DE MANCIO LIMA - ACRE, QUE INSTITUI O PLANO DE CARGOS, CARREIRA E VENCIMENTOS DO QUADRO PERMANENTE DOS SERVIDORES DO MUNICIPIO."}, {"id": "55", "ano": "2009", "numero": "245", "tipo__sigla": "LEI", "tipo__descricao": "Lei", "texto_integral": "http://sapl.manciolima.ac.leg.br/media/./sapl/public/normajuridica/2009/55/55_texto_integral.pdf", "ementa": "AUTORIZA O PODER EXECUTIVO ALTERAR A LEI N\u00ba 174/04, DO MUNICIPIO DE M\u00c2NCIO LIMA - ACRE, ACRESCENTANDO O \u00a7 3\u00ba, QUE TORNA OBRIGATORIO A APROVA\u00c7\u00c3O DA C\u00c2MARA MUNICIPAL, PARA CONTRATA\u00c7\u00c3O TEMPOR\u00c1RIA DE PESSOAL PREVISTO NO ART. 37, INCISO IX, DA CONSTITUI\u00c7\u00c3O FEDERAL."}, {"id": "382", "ano": "2009", "numero": "244", "tipo__sigla": "LEI", "tipo__descricao": "Lei", "texto_integral": "http://sapl.manciolima.ac.leg.br/media/sapl/public/normajuridica/2009/382/lei_244.pdf", "ementa": "AUTORIZA O PODER EXECUTIVO A CONCEDER ABONO SALARIAL AOS PROFESSORES DO ENSINO FUNDAMENTAL E INFANTIL DO MUNICIPIO DE MANCIO LIMA E DA OUTRAS PROVIDENCIAS."}, {"id": "381", "ano": "2009", "numero": "243", "tipo__sigla": "LEI", "tipo__descricao": "Lei", "texto_integral": "http://sapl.manciolima.ac.leg.br/media/sapl/public/normajuridica/2009/381/lei_243.pdf", "ementa": "AUTORIZA O PODER EXECUTIVO A ALTERAR A LEI 167/03 CRIANDO E AMPLIANDO CARGOS E VAGAS PARA O QUADRO EFETIVO DO MUNICIPIO DE MANCIO LIMA E DA OUTRAS PROVIDENCIAS."}, {"id": "379", "ano": "2008", "numero": "240", "tipo__sigla": "LEI", "tipo__descricao": "Lei", "texto_integral": "http://sapl.manciolima.ac.leg.br/media/sapl/public/normajuridica/2008/379/lei_240.pdf", "ementa": "DISPOE SOBRE AS DIRETRIZES OR\u00c7AMENTARIAS PARA O EXERCICIO FINANCEIRO DE 209 E DA OUTRAS PROVIDENCIAS."}, {"id": "380", "ano": "2008", "numero": "241", "tipo__sigla": "LEI", "tipo__descricao": "Lei", "texto_integral": "http://sapl.manciolima.ac.leg.br/media/sapl/public/normajuridica/2008/380/lei_241.pdf", "ementa": "ESTIMA A RECEITA E FIXA A DESPESA DO MUNICIPIO DE MANCIO LIMA - ACRE, PARA O EXERCICIO FINANCEIRO DE 2009 E DA OUTRAS PROVIDENCIAS."}, {"id": "378", "ano": "2008", "numero": "239", "tipo__sigla": "LEI", "tipo__descricao": "Lei", "texto_integral": "http://sapl.manciolima.ac.leg.br/media/sapl/public/normajuridica/2008/378/lei_239.pdf", "ementa": "AUTORIZA O PODER EXECUTIVO MUNICIPAL A DOAR UMA AREA DE TERRA MEDINDO 400M\u00b2 PERTENCENTE AO PATRIMONIO PUBLICO MUNICIPAL E DA OUTRAS PROVIDENCIAS."}, {"id": "377", "ano": "2008", "numero": "238", "tipo__sigla": "LEI", "tipo__descricao": "Lei", "texto_integral": "http://sapl.manciolima.ac.leg.br/media/sapl/public/normajuridica/2008/377/lei_238.pdf", "ementa": "GARANTE INSCRI\u00c7\u00d5ES GRATUITAS EM CONCURSOS PUBLICOS MUNICIPAIS, AS PESSOAS DESEMPREGADAS E DOADORAS DE SANGUE E DA OUTRAS PROVIDENCIAS."}, {"id": "376", "ano": "2008", "numero": "237", "tipo__sigla": "LEI", "tipo__descricao": "Lei", "texto_integral": "http://sapl.manciolima.ac.leg.br/media/sapl/public/normajuridica/2008/376/lei_237.pdf", "ementa": "ABRE CREDITO SUPLEMENTAR ESPECIAL EXTRAORDINARIO E DA OUTRAS PROVIDENCIAS"}, {"id": "375", "ano": "2008", "numero": "236", "tipo__sigla": "LEI", "tipo__descricao": "Lei", "texto_integral": "http://sapl.manciolima.ac.leg.br/media/sapl/public/normajuridica/2008/375/lei_236.pdf", "ementa": "REGULAMENTA NO MUNICIPIO DE MANCIO LIMA - ACRE, O TRATAMENTO DIFERENCIADO AS MICROEMPRESAS E EMPRESAS DE PEQUENO PORTE DE QUE TRATA A LEI COMPLEMENTAR FEDERAL N\u00ba 123/2006 E DA OUTRAS PROVIDENCIAS."}, {"id": "374", "ano": "2008", "numero": "235", "tipo__sigla": "LEI", "tipo__descricao": "Lei", "texto_integral": "http://sapl.manciolima.ac.leg.br/media/sapl/public/normajuridica/2008/374/lei_235.pdf", "ementa": "INSTITUI O TRATAMENTO DIFERENCIADO, FAVORECIDO E SIMPLIFICADO PARA AS MICROEMPRESAS E EMPRESAS DE PEQUENO PORTE NAS LICITA\u00c7\u00d5ES DO MUNICPIO DE MANCIO LIMA."}, {"id": "373", "ano": "2008", "numero": "234", "tipo__sigla": "LEI", "tipo__descricao": "Lei", "texto_integral": "http://sapl.manciolima.ac.leg.br/media/sapl/public/normajuridica/2008/373/lei_234.pdf", "ementa": "CRIA O CONSELHO MUNICIPAL DE HABITA\u00c7\u00c3O POPULAR."}, {"id": "372", "ano": "2008", "numero": "233", "tipo__sigla": "LEI", "tipo__descricao": "Lei", "texto_integral": "http://sapl.manciolima.ac.leg.br/media/sapl/public/normajuridica/2008/372/lei_233.pdf", "ementa": "ALTERA A TABELA E A REDA\u00c7\u00c3O DO ARTIGO 8, 13, 14, 15 DA LEI 168/03 DE 20 DE AGOSTO DE 2003 E DA OUTRAS PROVIDENCIAS."}, {"id": "371", "ano": "2008", "numero": "232", "tipo__sigla": "LEI", "tipo__descricao": "Lei", "texto_integral": "http://sapl.manciolima.ac.leg.br/media/sapl/public/normajuridica/2008/371/lei_232.pdf", "ementa": "ALTERA A TABELA E A REDA\u00c7\u00c3O DO ARTIGO 5 E SEU PARAGRAFO 2 E ARTIGO 14 DA LEI N\u00ba 167/03 DE 20 DE AGOSTO DE 2003 E DA OUTRAS PROVIDENCIAS."}, {"id": "370", "ano": "2007", "numero": "231", "tipo__sigla": "LEI", "tipo__descricao": "Lei", "texto_integral": "http://sapl.manciolima.ac.leg.br/media/sapl/public/normajuridica/2007/370/lei_231.pdf", "ementa": "DISPOE SOBRE A CRIA\u00c7\u00c3O DO CONSELHO MUNICIPAL DOS DIREITOS DA MULHER - COMDMULHER DO MUNICIPIO DE MANCIO LIMA E DA OUTRAS PROVIDENCIAS."}, {"id": "369", "ano": "2007", "numero": "230", "tipo__sigla": "LEI", "tipo__descricao": "Lei", "texto_integral": "http://sapl.manciolima.ac.leg.br/media/sapl/public/normajuridica/2007/369/lei_230.pdf", "ementa": "AUTORIZA O PODER EXECUTIVO A ABRIR CREDITO SUPLEMENTAR ESPECIAL E DA OUTRAS PROVIDENCIAS."}, {"id": "368", "ano": "2007", "numero": "229", "tipo__sigla": "LEI", "tipo__descricao": "Lei", "texto_integral": "http://sapl.manciolima.ac.leg.br/media/sapl/public/normajuridica/2007/368/lei_229.pdf", "ementa": "DISPOE SOBRE AS DIRETRIZES OR\u00c7AMENTARIAS PARA O EXERCICIO FINANCEIRO DE 2008 E DA OUTRAS PROVIDENCIAS."}, {"id": "367", "ano": "2007", "numero": "228", "tipo__sigla": "LEI", "tipo__descricao": "Lei", "texto_integral": "http://sapl.manciolima.ac.leg.br/media/sapl/public/normajuridica/2007/367/lei_228.pdf", "ementa": "ESTIMA A RECEITA E FIXA A DESPESA DO MUNICIPIO DE MANCIO LIMA - ACRE, PARA O EXERCICIO FINANCEIRO DE 2008 E DA OUTRAS PROVIDENCIAS."}, {"id": "366", "ano": "2007", "numero": "227", "tipo__sigla": "LEI", "tipo__descricao": "Lei", "texto_integral": "http://sapl.manciolima.ac.leg.br/media/sapl/public/normajuridica/2007/366/lei_227.pdf", "ementa": "DISPOE SOBRE A OBRIGATORIEDADE DA INSER\u00c7\u00c3O DA EDUCA\u00c7\u00c3O AMBIENTAL EM TODAS AS DISCIPLINAS E ATIVIDADES DAS ESCOLAS DA REDE MUNICIPAL DE ENSINO E DA OUTRAS PROVIDENCIAS."}, {"id": "365", "ano": "2007", "numero": "226", "tipo__sigla": "LEI", "tipo__descricao": "Lei", "texto_integral": "http://sapl.manciolima.ac.leg.br/media/sapl/public/normajuridica/2007/365/lei_226.pdf", "ementa": "DISPOE SOBRE A ACESSIBILIDADE NO TRANSPORTE PUBLICO COLETIVO E DA OUTRAS PROVIDENCIAS."}, {"id": "364", "ano": "2007", "numero": "225", "tipo__sigla": "LEI", "tipo__descricao": "Lei", "texto_integral": "http://sapl.manciolima.ac.leg.br/media/sapl/public/normajuridica/2007/364/lei_225.pdf", "ementa": "AUTORIZA O PODER EXECUTIVO A CONTRATAR O PARCELAMENTO DA DIVIDA PARA COM O FUNDO DE GARANTIA DO TEMPO DE SERVI\u00c7O - FGTS E DA OUTRAS PROVIDENCIAS."}, {"id": "363", "ano": "2007", "numero": "224", "tipo__sigla": "LEI", "tipo__descricao": "Lei", "texto_integral": "http://sapl.manciolima.ac.leg.br/media/sapl/public/normajuridica/2007/363/lei_224.pdf", "ementa": "CONCEDE AOS ESTUDANTES DESCONTOS DE 50% NOS INGRESSOS DE CINEMA, TEATRO, ESPETACULOS, MUSICAIS, CIRCENSES, EVENTOS ESPORTIVOS E OUTROS EVENTOS ARTISTICOS E DA OUTRAS PROVIDENCIAS."}, {"id": "362", "ano": "2007", "numero": "223", "tipo__sigla": "LEI", "tipo__descricao": "Lei", "texto_integral": "http://sapl.manciolima.ac.leg.br/media/sapl/public/normajuridica/2007/362/lei_223.pdf", "ementa": "POLITICA MUNICIPAL DE MEIO AMBIENTE"}, {"id": "361", "ano": "2007", "numero": "222", "tipo__sigla": "LEI", "tipo__descricao": "Lei", "texto_integral": "http://sapl.manciolima.ac.leg.br/media/sapl/public/normajuridica/2007/361/lei_222.pdf", "ementa": "AUTORIZA A REALIZA\u00c7\u00c3O DE CONVENIOS DE COOPERA\u00c7\u00c3O COM O ESTADO DO ACRE E COM A AGENCIA ESTADUAL DE REGULA\u00c7\u00c3O DOS SERVI\u00c7OS PUBLICOS DO ACRE - AGEAC, A CELEBRA\u00c7\u00c3O DE CONTRATO DE PROGRAMA COM O DEPARTAMENTO ESTADUAL DE AGUA E SANEAMENTO - DEAS E DA OUTRAS PROVIDENCIAS."}, {"id": "360", "ano": "2007", "numero": "221", "tipo__sigla": "LEI", "tipo__descricao": "Lei", "texto_integral": "http://sapl.manciolima.ac.leg.br/media/sapl/public/normajuridica/2007/360/lei_221.pdf", "ementa": "ABRE CREDITO SUPLEMENTAR ESPECIAL PARA O EXERCICIO DE 2007 E DA OUTRAS PROVIDENCIAS."}, {"id": "359", "ano": "2007", "numero": "220", "tipo__sigla": "LEI", "tipo__descricao": "Lei", "texto_integral": "http://sapl.manciolima.ac.leg.br/media/sapl/public/normajuridica/2007/359/lri_220.pdf", "ementa": "ESTABELECE REAJUSTE SALARIAL DE 10% AOS SERVIDORES PUBLICOS MUNICIPAIS DE MANCIO LIMA - ACRE E DA OUTRAS PROVIDENCIAS."}, {"id": "358", "ano": "2007", "numero": "219", "tipo__sigla": "LEI", "tipo__descricao": "Lei", "texto_integral": "http://sapl.manciolima.ac.leg.br/media/sapl/public/normajuridica/2007/358/lei_219.pdf", "ementa": "DISPOE SOBRE A POLITICA MUNICIPAL DE MEIO AMBIENTE, SEUS FINS E MECANISMOS DE FORMULA\u00c7\u00c3O E APLICA\u00c7\u00c3O, INSTITUINDO O SISTEMA MUNICIPAL DE MEIO AMBIENTE E ALTERANDO AS COMPETENCIAS DA SEMEIA E DO CONDEMA E DA OUTRAS PROVIDENCIAS."}, {"id": "357", "ano": "2007", "numero": "218", "tipo__sigla": "LEI", "tipo__descricao": "Lei", "texto_integral": "http://sapl.manciolima.ac.leg.br/media/sapl/public/normajuridica/2007/357/lei_218.pdf", "ementa": "ALTERA A REDA\u00c7\u00c3O DA LEI N\u00ba 096/97 QUE CRIA O CONSELHO MUNICIPAL DE ACOMPANHAMENTO E CONTROLE SOCIAL DO FUNDO DE MANUTEN\u00c7\u00c3O E DESENVOLVIMENTO DO ENSINO FUNDAMENTAL E DE VALORIZA\u00c7\u00c3O DO MAGISTERIO E DA OUTRAS PROVIDENCIAS."}, {"id": "356", "ano": "2007", "numero": "217", "tipo__sigla": "LEI", "tipo__descricao": "Lei", "texto_integral": "http://sapl.manciolima.ac.leg.br/media/sapl/public/normajuridica/2007/356/lei_217.pdf", "ementa": "ALTERA A REDA\u00c7\u00c3O DO ARTIGO 1 DA LEI N\u00ba 188/05 QUE AUTORIZA O PODER EXECUTIVO MUNICIPAL A DOAR UMA AREA DE TERRA MEDINDO 8.400 M\u00b2, PERTENCENTE AO PATRIMONIO PUBLICO MUNICIPAL E DA OUTRAS PROVIDENCIAS."}, {"id": "355", "ano": "2007", "numero": "216", "tipo__sigla": "LEI", "tipo__descricao": "Lei", "texto_integral": "http://sapl.manciolima.ac.leg.br/media/sapl/public/normajuridica/2007/355/lei_216.pdf", "ementa": "DISPOE SOBRE  A CONCESSAO DE ABONO SALARIAL AOS PROFESSORES E TECNICOS DO ENSINO FUNDAMENTAL E INFANTIL DO MUNICIPIO DE MANCIO LIMA - ACRE E DA OUTRAS PROVIDENCIAS."}, {"id": "354", "ano": "2006", "numero": "215", "tipo__sigla": "LEI", "tipo__descricao": "Lei", "texto_integral": "http://sapl.manciolima.ac.leg.br/media/sapl/public/normajuridica/2006/354/lei_215.pdf", "ementa": "AUTORIZA O PODER EXECUTIVO A ABRIR CREDITO ESPECIAL E DA OUTRAS PROVIDENCIAS."}, {"id": "353", "ano": "2006", "numero": "214", "tipo__sigla": "LEI", "tipo__descricao": "Lei", "texto_integral": "http://sapl.manciolima.ac.leg.br/media/sapl/public/normajuridica/2006/353/lei_214.pdf", "ementa": "ESTIMA A RECEITA E FIXA A DESPESA DO MUNICIPIO DE MANCIO LIMA - ACRE, PARA O EXERCICIO FINANCEIRO DE 2007 E DA OUTRAS PROVIDENCIAS."}, {"id": "351", "ano": "2006", "numero": "212", "tipo__sigla": "LEI", "tipo__descricao": "Lei", "texto_integral": "http://sapl.manciolima.ac.leg.br/media/sapl/public/normajuridica/2006/351/lei_212.pdf", "ementa": "ESTABELECE REAJUSTE SALARIAL DE 8% AOS SERVIDORES PUBLICOS MUNICIPAIS E DA OUTRAS PROVIDENCIAS."}, {"id": "352", "ano": "2006", "numero": "213", "tipo__sigla": "LEI", "tipo__descricao": "Lei", "texto_integral": "http://sapl.manciolima.ac.leg.br/media/sapl/public/normajuridica/2006/352/lei_213.pdf", "ementa": "DISPOE SOBRE AS DIRETRIZES OR\u00c7AMENTARIAS PARA O EXERCICIO FINANCEIRO DE 2007 E DA OUTRAS PROVIDENCIAS."}, {"id": "350", "ano": "2006", "numero": "211", "tipo__sigla": "LEI", "tipo__descricao": "Lei", "texto_integral": "http://sapl.manciolima.ac.leg.br/media/sapl/public/normajuridica/2006/350/lei_211.pdf", "ementa": "AUTORIZA O PODER EXECUTIVO MUNICIPAL A DOAR UMA AREA DE TERRA MEDINDO 600M\u00b2 PERTENCENTE AO PATRIMONIO PUBLICO MUNICIPAL E DA OUTRAS PROVIDENCIAS."}, {"id": "349", "ano": "2006", "numero": "210", "tipo__sigla": "LEI", "tipo__descricao": "Lei", "texto_integral": "http://sapl.manciolima.ac.leg.br/media/sapl/public/normajuridica/2006/349/lei_210.pdf", "ementa": "AUTORIZA O PODER EXECUTIVO MUNICIPAL A DOAR UMA AREA DE TERRA MEDINDO 2.400 M\u00b2 PERTENCENTE AO PATRIMONIO PUBLICO MUNICIPAL E DA OUTRAS PROVIDENCIAS."}, {"id": "348", "ano": "2006", "numero": "209", "tipo__sigla": "LEI", "tipo__descricao": "Lei", "texto_integral": "http://sapl.manciolima.ac.leg.br/media/sapl/public/normajuridica/2006/348/lei_209.pdf", "ementa": "CRIA O DEPARTAMENTO MUNICIPAL DE AGUA E SANEAMENTO E FIXA TAXA DE AGUA E ESGOTO MUNICIPAL E DA OUTRAS PROVIDENCIAS."}, {"id": "347", "ano": "2006", "numero": "208", "tipo__sigla": "LEI", "tipo__descricao": "Lei", "texto_integral": "http://sapl.manciolima.ac.leg.br/media/sapl/public/normajuridica/2006/347/lei_208.pdf", "ementa": "DISPOE SOBRE A CONCESSAO DE ABONO SALARIAL AOS PROFESSORES E TECNICOS DO ENSINO FUNDAMENTAL DO MUNICIPIO DE MANCIO LIMA - ACRE E DA OUTRAS PROVIDENCIAS."}, {"id": "92", "ano": "2006", "numero": "207", "tipo__sigla": "LEI", "tipo__descricao": "Lei", "texto_integral": "http://sapl.manciolima.ac.leg.br/media/./sapl/public/normajuridica/2006/92/92_texto_integral.pdf", "ementa": "DA NOVA REDA\u00c7\u00c3O DA LEI N\u00ba 46 DE 28 DE JULHO DE 1993 QUE INSTITUI A TAXA DE ILUMINA\u00c7\u00c3O P\u00daBLICA,E D\u00c1 OUTRAS PROVIDENCIAS. "}, {"id": "346", "ano": "2006", "numero": "206", "tipo__sigla": "LEI", "tipo__descricao": "Lei", "texto_integral": "http://sapl.manciolima.ac.leg.br/media/sapl/public/normajuridica/2006/346/lei_206.pdf", "ementa": "DA NNOVA REDA\u00c7\u00c3O DA LEI N\u00ba 203/05 ART. 1 QUE TRATA DA DOA\u00c7\u00c3O DE UMA AREA DE TERRA PARA A COMPANHIA DE ELETRICIDADE DO ACRE E DA OUTRAS PROVIDENCIAS."}, {"id": "344", "ano": "2005", "numero": "203", "tipo__sigla": "LEI", "tipo__descricao": "Lei", "texto_integral": "http://sapl.manciolima.ac.leg.br/media/sapl/public/normajuridica/2005/344/lei_203.pdf", "ementa": "AUTORIZA O PODER EXECUTIVO MUNICIPAL A DOAR UMA AREA DE TERRA MEDINDO 500M\u00b2 PERTENCENTE AO PATRIMONIO PUBLICO MUNICIPAL E DA OUTRAS PROVIDENCIAS."}, {"id": "343", "ano": "2005", "numero": "202", "tipo__sigla": "LEI", "tipo__descricao": "Lei", "texto_integral": "http://sapl.manciolima.ac.leg.br/media/sapl/public/normajuridica/2005/343/lei_202.pdf", "ementa": "ACRESCENTA O INCISO VI CAPUT DO ARTIGO 101 DA LEI N\u00ba 12 DE 27 DE SETEMBRO DE 1989."}, {"id": "71", "ano": "2005", "numero": "205", "tipo__sigla": "LEI", "tipo__descricao": "Lei", "texto_integral": "http://sapl.manciolima.ac.leg.br/media/./sapl/public/normajuridica/2005/71/71_texto_integral.pdf", "ementa": "DISP\u00d5E SOBRE O PLANO PLURIANUAL PARA O PER\u00cdODO 2006-2009 E D\u00c1 OUTRAS PROVIDENCIAS. "}, {"id": "345", "ano": "2005", "numero": "204", "tipo__sigla": "LEI", "tipo__descricao": "Lei", "texto_integral": "http://sapl.manciolima.ac.leg.br/media/sapl/public/normajuridica/2005/345/lei_204.pdf", "ementa": "ESTIMA A RECEITA E FIXA A DESPESA SO MUNICIPIO DE MANCIO LIMA - ACRE PARA O EXERCICIO FINANCEIRO DE 2006 E DA OUTRAS PROVIDENCIAS."}, {"id": "342", "ano": "2005", "numero": "201", "tipo__sigla": "LEI", "tipo__descricao": "Lei", "texto_integral": "http://sapl.manciolima.ac.leg.br/media/sapl/public/normajuridica/2005/342/lei_201.pdf", "ementa": "AUTORIZA O PODER EXECUTIVO MUNICIPAL A DOAR UMA AREA DE TERRA MEDINDO 400 M\u00b2 PERTENCENTE AO PATRIMONIO PUBLICO MUNICIPAL E DA OUTRAS PROVIDENCIAS."}, {"id": "341", "ano": "2005", "numero": "200", "tipo__sigla": "LEI", "tipo__descricao": "Lei", "texto_integral": "http://sapl.manciolima.ac.leg.br/media/sapl/public/normajuridica/2005/341/lei_2000.pdf", "ementa": "AUTORIZA O PODER EXECUTIVO MUNICIPAL A DOAR UMA AREA DE TERRA MEDINDO 4.000 M\u00b2 PERTENCENTE AO PATRIMONIO PUBLICO MUNICIPAL E DA OUTRAS PROVIDENCIAS."}, {"id": "340", "ano": "2005", "numero": "199", "tipo__sigla": "LEI", "tipo__descricao": "Lei", "texto_integral": "http://sapl.manciolima.ac.leg.br/media/sapl/public/normajuridica/2005/340/lei_199.pdf", "ementa": "AUTORIZA O PODER EXECUTIVO MUNICIPAL A DOAR UMA AREA DE TERRA MEDINDO 3.500 M\u00b2, PERTENCENTE AO PATRIMONIO PUBLICO MUNICIPAL E DA OUTRAS PROVIDENCIAS."}, {"id": "339", "ano": "2005", "numero": "198", "tipo__sigla": "LEI", "tipo__descricao": "Lei", "texto_integral": "http://sapl.manciolima.ac.leg.br/media/sapl/public/normajuridica/2005/339/lei_198.pdf", "ementa": "AUTORIZA O PODER EXECUTIVO MUNICIPAL A DOAR UMA AREA DE TERRA MEDINDO 1.200 M\u00b2 PERTENCENTE AO PATRIMONIO PUBLICO MUNICIPAL E DA OUTRAS PROVIDENCIAS."}, {"id": "338", "ano": "2005", "numero": "197", "tipo__sigla": "LEI", "tipo__descricao": "Lei", "texto_integral": "http://sapl.manciolima.ac.leg.br/media/sapl/public/normajuridica/2005/338/lei_197.pdf", "ementa": "AUTORIZA O PODER EXECUTIVO MUNICIPAL A DOAR UMA AREA DE TERRA MEDINDO 3.000 M\u00b2 PERTENCENTE AO PATRIMONIO PUBLICO MUNICIPAL E DA OUTRAS PROVIDENCIAS."}, {"id": "337", "ano": "2005", "numero": "196", "tipo__sigla": "LEI", "tipo__descricao": "Lei", "texto_integral": "http://sapl.manciolima.ac.leg.br/media/sapl/public/normajuridica/2005/337/lei_196.pdf", "ementa": "AUTORIZA O PODER EXECUTIVO MUNICIPAL A DOAR UMA AREA DE TERRA MEDINDO 1.625 m\u00b2, PERTENCENTE AO PATRIMONIO PUBLICO MUNICIPAL E DA OUTRAS PROVIDENCIAS."}, {"id": "336", "ano": "2005", "numero": "194", "tipo__sigla": "LEI", "tipo__descricao": "Lei", "texto_integral": "http://sapl.manciolima.ac.leg.br/media/sapl/public/normajuridica/2005/336/lei_194.pdf", "ementa": "AUTORIZA O PODER EXECUTIVO MUNICIPAL A DOAR UMA AREA DE TERRA MEDINDO 1.500M\u00b2 PERTENCENTE AO PATRIMONIO PUBLICO MUNICIPAL E DA OUTRAS PROVIDENCIAS."}, {"id": "121", "ano": "2005", "numero": "193", "tipo__sigla": "LEI", "tipo__descricao": "Lei", "texto_integral": "http://sapl.manciolima.ac.leg.br/media/./sapl/public/normajuridica/2005/121/121_texto_integral.pdf", "ementa": "DISP\u00d5E SOBRE A INSPE\u00c7\u00c3O INDUSTRIAL E SANIT\u00c1RIA DOS PRODUTOS DE ORIGEM ANIMAL NO MUNIC\u00cdPIO DE M\u00c2NCIO LIMA - AC. "}, {"id": "60", "ano": "2005", "numero": "192", "tipo__sigla": "LEI", "tipo__descricao": "Lei", "texto_integral": "http://sapl.manciolima.ac.leg.br/media/./sapl/public/normajuridica/2005/60/60_texto_integral.pdf", "ementa": "DISP\u00d5E SOBRE AS DIRETRIZES OR\u00c7AMENTARIAS PARA O EXERC\u00cdCIO FINANCEIRO DE 2006 E D\u00c1 OUTRAS PROVIDENCIAS."}, {"id": "117", "ano": "2005", "numero": "191", "tipo__sigla": "LEI", "tipo__descricao": "Lei", "texto_integral": "http://sapl.manciolima.ac.leg.br/media/./sapl/public/normajuridica/2005/117/117_texto_integral.pdf", "ementa": "AUTORIZA O PODER EXECUTIVO MUNICIPAL A DOAR UMA \u00c1REA DE TERRA MEDINDO 320 M\u00b2 PERTENCENTE AO PATRIM\u00d4NIO P\u00daBLICO MUNICIPAL E D\u00c1 OUTRAS PROVIDENCIAS. "}, {"id": "122", "ano": "2005", "numero": "190", "tipo__sigla": "LEI", "tipo__descricao": "Lei", "texto_integral": "http://sapl.manciolima.ac.leg.br/media/./sapl/public/normajuridica/2005/122/122_texto_integral.pdf", "ementa": "ALTERA A TABELA DA LEI N\u00ba 167, DE 20 DE AGOSTO DE 2003, QUE INSTITUI O PLANO DE CARGOS, CARREIRA E VENCIMENTOS DOS SERVIDORES DO MUNIC\u00cdPIO DE M\u00c2NCIO LIMA E D\u00c1 OUTRAS PROVIDENCIAS. "}, {"id": "123", "ano": "2005", "numero": "189", "tipo__sigla": "LEI", "tipo__descricao": "Lei", "texto_integral": "http://sapl.manciolima.ac.leg.br/media/./sapl/public/normajuridica/2005/123/123_texto_integral.pdf", "ementa": "ALTERA A TABELA DA LEI N\u00ba 168 DE 20 DE AGOSTO DE 2003,QUE INSTITUI O PLANO DE CARGOS, CARREIRA E VENCIMENTOS DO QUADRO PERMANENTE DOS PROFISSIONAIS DE MAGIST\u00c9RIO E D\u00c1 OUTRAS PROVIDENCIAS."}, {"id": "127", "ano": "2005", "numero": "188", "tipo__sigla": "LEI", "tipo__descricao": "Lei", "texto_integral": "http://sapl.manciolima.ac.leg.br/media/./sapl/public/normajuridica/2005/127/127_texto_integral.pdf", "ementa": "AUTORIZA O PODER EXECUTIVO MUNICIPAL A DOAR 8.400 M\u00b2, PERTENCENTE AO PATRIM\u00d4NIO PUBLICO MUNICIPAL E D\u00c1 OUTRAS PROVIDENCIAS. "}, {"id": "29", "ano": "2005", "numero": "187", "tipo__sigla": "LEI", "tipo__descricao": "Lei", "texto_integral": "http://sapl.manciolima.ac.leg.br/media/./sapl/public/normajuridica/2005/29/29_texto_integral.pdf", "ementa": "DISP\u00d5E SOBRE A NOVA ESTRUTURA\r\nORGANIZACIONAL DA PREFEITURA DE\r\nM\u00c2NCIO LIMA &#8211; ACRE, E D\u00c1 OUTRAS\r\nPROVID\u00caNCIAS"}, {"id": "118", "ano": "2005", "numero": "186", "tipo__sigla": "LEI", "tipo__descricao": "Lei", "texto_integral": "http://sapl.manciolima.ac.leg.br/media/", "ementa": "AUTORIZA O PODER EXECUTIVO MUNICIPAL DOAR UMA AREA DE 10.000 M\u00b2 PERTENCENTE AO PATRIMONIO P\u00daBLICO MUNICIPAL E D\u00c1 OUTRAS PROVIDENCIAS."}, {"id": "120", "ano": "2005", "numero": "185", "tipo__sigla": "LEI", "tipo__descricao": "Lei", "texto_integral": "http://sapl.manciolima.ac.leg.br/media/./sapl/public/normajuridica/2005/120/120_texto_integral.pdf", "ementa": "ESTABELECE OS VALORES BASES APLIC\u00c1VEIS AO CALCULO DO VALOR VENAL DE IM\u00d3VEIS PARA EFEITO TRIBUT\u00c1RIO NO MUNICIPIO DE M\u00c2NCIO LIMA - AC, E D\u00c1 OUTRAS PROVIDENCIAS. "}, {"id": "119", "ano": "2005", "numero": "184", "tipo__sigla": "LEI", "tipo__descricao": "Lei", "texto_integral": "http://sapl.manciolima.ac.leg.br/media/./sapl/public/normajuridica/2005/119/119_texto_integral.pdf", "ementa": "ALTERA OS VALORES DO ITEM 6 DA TABELA IV, DA LEI N\u00ba 159/02, DE 31 DE DEZEMBRO DE 2002."}, {"id": "99", "ano": "2005", "numero": "183", "tipo__sigla": "LEI", "tipo__descricao": "Lei", "texto_integral": "http://sapl.manciolima.ac.leg.br/media/./sapl/public/normajuridica/2005/99/99_texto_integral.pdf", "ementa": "ESTIMA A RECEITA E FIXA A DESPESA DO MUNIC\u00cdPIO DE M\u00c2NCIO LIMA - AC, PARA O EXERC\u00cdCIO FINANCEIRO DE 2005, E D\u00c1 OUTRAS PROVIDENCIAS."}, {"id": "197", "ano": "2005", "numero": "182", "tipo__sigla": "LEI", "tipo__descricao": "Lei", "texto_integral": "http://sapl.manciolima.ac.leg.br/media/./sapl/public/normajuridica/2005/197/197_texto_integral.pdf", "ementa": "DISP\u00d5E SOBRE AS DIRETRIZES OR\u00c7AMENTARIAS PARA O EXERC\u00cdCIO FINANCEIRO DE 2005, E D\u00c1 OUTRAS PROVIDENCIAS."}, {"id": "85", "ano": "2005", "numero": "181", "tipo__sigla": "LEI", "tipo__descricao": "Lei", "texto_integral": "http://sapl.manciolima.ac.leg.br/media/sapl/public/normajuridica/2005/85/lei_181.pdf", "ementa": "APROVA O PLANO MUNICIPAL DE EDUCA\u00c7\u00c3O DO MUNICIPIO DE MANCIO LIMA - ACRE, E D\u00c1 OUTRAS PROVIDENCIAS."}, {"id": "165", "ano": "2005", "numero": "180", "tipo__sigla": "LEI", "tipo__descricao": "Lei", "texto_integral": "http://sapl.manciolima.ac.leg.br/media/./sapl/public/normajuridica/2005/165/165_texto_integral.pdf", "ementa": "ALTERA A REDA\u00c7\u00c3O DOS INCISOS, DO PARAGRAFO 1\u00ba ARTIGO 4\u00ba, DA LEI N\u00ba 140/01 DE 26 DE ABRIL DE 2001, E D\u00c1 OUTRAS PROVIDENCIAS. "}, {"id": "115", "ano": "2004", "numero": "179", "tipo__sigla": "LEI", "tipo__descricao": "Lei", "texto_integral": "http://sapl.manciolima.ac.leg.br/media/./sapl/public/normajuridica/2004/115/115_texto_integral.pdf", "ementa": "DISP\u00d5E SOBRE A UTILIZA\u00c7\u00c3O DA POSSE E ALIENA\u00c7\u00c3O DO DOM\u00cdNIO DE BENS DO PATRIM\u00d4NIO IMOBILI\u00c1RIO URBANO DISPON\u00cdVEL DO MUNICIPIO DE M\u00c2NCIO LIMA - ACRE,E D\u00c1 OUTRAS PROVIDENCIAS. "}, {"id": "335", "ano": "2004", "numero": "178", "tipo__sigla": "LEI", "tipo__descricao": "Lei", "texto_integral": "http://sapl.manciolima.ac.leg.br/media/sapl/public/normajuridica/2004/335/lei_178.pdf", "ementa": "AUTORIZA O PODER EXECUTIVO MUNICIPAL A ABRIR CREDITO ESPECIAL E DA OUTRAS PROVIDENCIAS."}, {"id": "334", "ano": "2004", "numero": "177", "tipo__sigla": "LEI", "tipo__descricao": "Lei", "texto_integral": "http://sapl.manciolima.ac.leg.br/media/sapl/public/normajuridica/2004/334/lei_177.pdf", "ementa": "CONCEDE REAJUSTE SALARIAL AOS FUNCIONARIOS PUBLICOS MUNICIPAIS, EM CONFORMIDADE COM O QUE DISPOE O ARTIGO 37 INCISO X, DA CONSTITUI\u00c7\u00c3O FEDERAL E DA OUTRAS PROVIDENCIAS"}, {"id": "333", "ano": "2004", "numero": "176", "tipo__sigla": "LEI", "tipo__descricao": "Lei", "texto_integral": "http://sapl.manciolima.ac.leg.br/media/sapl/public/normajuridica/2004/333/lei_176.pdf", "ementa": "DISPOE SOBRE A CRIA\u00c7\u00c3O DA SECRETARIA MUNICIPAL DE MEIO AMBIENTE E RECURSOS HIDRICOS DA PREFEITURA MUNICIPAL DE MANCIO LIMA - ACRE E DA OUTRAS PROVIDENCIAS."}, {"id": "332", "ano": "2004", "numero": "175", "tipo__sigla": "LEI", "tipo__descricao": "Lei", "texto_integral": "http://sapl.manciolima.ac.leg.br/media/sapl/public/normajuridica/2004/332/lei_175.pdf", "ementa": "APROVA A PLANTA OFICIAL DA ZONA URBANA DO MUNICIPIO DE MANCIO LIMA E DA OUTRAS PROVIDENCIAS."}, {"id": "169", "ano": "2004", "numero": "174", "tipo__sigla": "LEI", "tipo__descricao": "Lei", "texto_integral": "http://sapl.manciolima.ac.leg.br/media/./sapl/public/normajuridica/2004/169/169_texto_integral.pdf", "ementa": "INSTITUI O CONSELHO MUNICIPAL DO IDOSO E D\u00c1 OUTRAS PROVIDENCIAS"}, {"id": "84", "ano": "2004", "numero": "173", "tipo__sigla": "LEI", "tipo__descricao": "Lei", "texto_integral": "http://sapl.manciolima.ac.leg.br/media/./sapl/public/normajuridica/2004/84/84_texto_integral.pdf", "ementa": "INSTITUI A POL\u00cdTICA MUNICIPAL DO IDOSO E DA OUTRAS PROVIDENCIAS "}, {"id": "116", "ano": "4", "numero": "172", "tipo__sigla": "LEI", "tipo__descricao": "Lei", "texto_integral": "http://sapl.manciolima.ac.leg.br/media/./sapl/public/normajuridica/4/116/116_texto_integral.pdf", "ementa": "DISP\u00d5E SOBRE A CONTRATA\u00c7\u00c3O TEMPOR\u00c1RIA DE PESSOAL PARA ATENDER AS NECESSIDADES POR TEMPO LIMITADO DE EXCEPCIONAL INTERESSE P\u00daBLICO, NOS TERMOS DO ARTIGO 37, INCISO IX, DA CONSTITUI\u00c7\u00c3O FEDERAL, E A PROGRAMAS DE TRABALHO DE CAR\u00c1TER N\u00c3O PERMANENTE A SEREM EXECUTADOS PELO MUNIC\u00cdPIO DE M\u00c2NCIO LIMA. "}, {"id": "72", "ano": "2003", "numero": "171", "tipo__sigla": "LEI", "tipo__descricao": "Lei", "texto_integral": "http://sapl.manciolima.ac.leg.br/media/./sapl/public/normajuridica/2003/72/72_texto_integral.pdf", "ementa": "DISP\u00d5E SOBRE A REFORMULA\u00c7\u00c3O NA INTEGRA DA LEI MUNICIPAL 119/99 DE 20 DE AGOSTO DE 1999 E D\u00c1 OUTRAS PROVIDENCIAS."}, {"id": "83", "ano": "2003", "numero": "170", "tipo__sigla": "LEI", "tipo__descricao": "Lei", "texto_integral": "http://sapl.manciolima.ac.leg.br/media/./sapl/public/normajuridica/2003/83/83_texto_integral.pdf", "ementa": "DISP\u00d5E SOBRE AS DIRETRIZES OR\u00c7AMENTARIAS PARA O EXERC\u00cdCIO FINANCEIRO DE 2004 E D\u00c1 OUTRAS PROVIDENCIAS. "}, {"id": "170", "ano": "2003", "numero": "169", "tipo__sigla": "LEI", "tipo__descricao": "Lei", "texto_integral": "http://sapl.manciolima.ac.leg.br/media/./sapl/public/normajuridica/2003/170/170_texto_integral.pdf", "ementa": "AUTORIZA O PODER EXECUTIVO A ABRIR CREDITO SUPLEMENTAR ESPECIAL E DA OUTRAS PROVIDENCIAS. "}, {"id": "110", "ano": "2003", "numero": "168", "tipo__sigla": "LEI", "tipo__descricao": "Lei", "texto_integral": "http://sapl.manciolima.ac.leg.br/media/./sapl/public/normajuridica/2003/110/110_texto_integral.pdf", "ementa": "INSTITUI O PLANO DE CARGOS, CARREIRA E VENCIMENTOS DO QUADRO PERMANENTE DOS PROFISSIONAIS DE MAGIST\u00c9RIO E D\u00c1 OUTRAS PROVIDENCIAS. "}, {"id": "109", "ano": "2003", "numero": "167", "tipo__sigla": "LEI", "tipo__descricao": "Lei", "texto_integral": "http://sapl.manciolima.ac.leg.br/media/./sapl/public/normajuridica/2003/109/109_texto_integral.pdf", "ementa": "INSTITUI O PLANO DE CARGOS, CARREIRA E VENCIMENTOS DOS SERVIDORES DO MUNIC\u00cdPIO DE M\u00c2NCIO LIMA E D\u00c1 OUTRAS PROVIDENCIAS. "}, {"id": "199", "ano": "2003", "numero": "166", "tipo__sigla": "LEI", "tipo__descricao": "Lei", "texto_integral": "http://sapl.manciolima.ac.leg.br/media/./sapl/public/normajuridica/2003/199/199_texto_integral.pdf", "ementa": "DISP\u00d5E SOBRE O ESTATUTO DOS SERVIDORES P\u00daBLICOS DO MUNIC\u00cdPIO DE MANCIO LIMA E D\u00c1 OUTRAS PROVIDENCIAS."}, {"id": "172", "ano": "2003", "numero": "165", "tipo__sigla": "LEI", "tipo__descricao": "Lei", "texto_integral": "http://sapl.manciolima.ac.leg.br/media/./sapl/public/normajuridica/2003/172/172_texto_integral.pdf", "ementa": "AUTORIZA O PODER EXECUTIVO MUNICIPAL A ABRIR CREDITO ESPECIAL E D\u00c1 OUTRAS PROVIDENCIAS"}, {"id": "173", "ano": "2003", "numero": "164", "tipo__sigla": "LEI", "tipo__descricao": "Lei", "texto_integral": "http://sapl.manciolima.ac.leg.br/media/./sapl/public/normajuridica/2003/173/173_texto_integral.pdf", "ementa": "AUTORIZA O PODER EXECUTIVO MUNICIPAL A DOAR 8.58 KM DE REDE ELETRICA MONOFASICA E D\u00c1 OUTRAS PROVIDENCIAS. "}, {"id": "113", "ano": "2003", "numero": "163", "tipo__sigla": "LEI", "tipo__descricao": "Lei", "texto_integral": "http://sapl.manciolima.ac.leg.br/media/./sapl/public/normajuridica/2003/113/113_texto_integral.pdf", "ementa": "AUTORIZA O PODER EXECUTIVO MUNICIPAL A FIRMAR CONVENIO COM A PASTORAL DA CRIAN\u00c7A, ABRIR CREDITO ESPECIAL E DA OUTRAS PROVIDENCIAS. "}, {"id": "171", "ano": "2003", "numero": "162", "tipo__sigla": "LEI", "tipo__descricao": "Lei", "texto_integral": "http://sapl.manciolima.ac.leg.br/media/./sapl/public/normajuridica/2003/171/171_texto_integral.pdf", "ementa": "AUTORIZA O PODER EXECUTIVO MUNICIPAL A DESAPROPRIAR UM TERRENO INTEGRANTE DO QUARTEIR\u00c3O N\u00ba 70, SITUADO NA RUA JOSE DIAS, BAIRRO GUARANI, MEDINDO 300 M\u00b2, OCUPADO A TITULO DE POSSE, PELA SENHORA FRANCISCA FERREIRA FEITOSA E DA OUTRAS PROVIDENCIAS."}, {"id": "54", "ano": "2003", "numero": "161", "tipo__sigla": "LEI", "tipo__descricao": "Lei", "texto_integral": "http://sapl.manciolima.ac.leg.br/media/./sapl/public/normajuridica/2003/54/54_texto_integral.pdf", "ementa": "AUTORIZA O PODER EXECUTIVO MUNICIPAL A DOAR 4.100 METROS DE REDE EL\u00c9TRICA MONOF\u00c1SICA E D\u00c1 OUTRAS PROVIDENCIAS."}, {"id": "331", "ano": "2002", "numero": "160", "tipo__sigla": "LEI", "tipo__descricao": "Lei", "texto_integral": "http://sapl.manciolima.ac.leg.br/media/sapl/public/normajuridica/2002/331/lei_160.pdf", "ementa": "DISPOE SOBRE O CONSELHO MUNICIPAL ANTIDROGAS E DA OUTRAS PROVIDENCIAS."}, {"id": "73", "ano": "2002", "numero": "159", "tipo__sigla": "LEI", "tipo__descricao": "Lei", "texto_integral": "http://sapl.manciolima.ac.leg.br/media/./sapl/public/normajuridica/2002/73/73_texto_integral.pdf", "ementa": "ALTERA AS TABELAS I, II, III, IV, V E VI ANEXAS AO C\u00d3DIGO TRIBUT\u00c1RIO DO MUNIC\u00cdPIO DE M\u00c2NCIO LIMA - ACRE, E D\u00c1 OUTRAS PROVIDENCIAS."}, {"id": "82", "ano": "2002", "numero": "158", "tipo__sigla": "LEI", "tipo__descricao": "Lei", "texto_integral": "http://sapl.manciolima.ac.leg.br/media/./sapl/public/normajuridica/2002/82/82_texto_integral.pdf", "ementa": "ESTIMA A RECEITA E FIXA A DESPESA DO MUNIC\u00cdPIO DE M\u00c2NCIO LIMA - ACRE, PARA O EXERCICIO FINANCEIRO DE 2003, E D\u00c1 OUTRAS PROVIDENCIAS. "}, {"id": "330", "ano": "2002", "numero": "157", "tipo__sigla": "LEI", "tipo__descricao": "Lei", "texto_integral": "http://sapl.manciolima.ac.leg.br/media/sapl/public/normajuridica/2002/330/lei_157.pdf", "ementa": "CRIA A UNIFP - UNIDADE FISCAL PADRAO DO MUNICIPIO DE MANCIO LIMA - ACRE E DA OUTRAS PROVIDENCIAS."}, {"id": "329", "ano": "2002", "numero": "156", "tipo__sigla": "LEI", "tipo__descricao": "Lei", "texto_integral": "http://sapl.manciolima.ac.leg.br/media/sapl/public/normajuridica/2002/329/lei_156.pdf", "ementa": "DA NOVA REDFA\u00c7\u00c3O A LEI MUNICIPAL N\u00ba 125/99 DE 27/12/99 QUE ESTABELECE A POLITICA MUNICIPAL DOS DIREITOS DA CRIAN\u00c7A E DO ADOLESCENTE."}, {"id": "88", "ano": "2002", "numero": "155", "tipo__sigla": "LEI", "tipo__descricao": "Lei", "texto_integral": "http://sapl.manciolima.ac.leg.br/media/./sapl/public/normajuridica/2002/88/88_texto_integral.pdf", "ementa": "AUTORIZA O PODER EXECUTIVO A ALIENAR BENS MOVEIS PERTENCENTES AO PATRIMONIO PUBLICO MUNICIPAL E DA OUTRAS PROVIDENCIAS. "}, {"id": "80", "ano": "2002", "numero": "154", "tipo__sigla": "LEI", "tipo__descricao": "Lei", "texto_integral": "http://sapl.manciolima.ac.leg.br/media/./sapl/public/normajuridica/2002/80/80_texto_integral.pdf", "ementa": "AUTORIZA O PODER EXECUTIVO MUNICIPAL A CELEBRAR ACORDO TRABALHISTA COM OS SERVIDORES P\u00daBLICO MUNICIPAL, ASSIM COMO DOS DEP\u00d3SITOS N\u00c3O RECOLHIDOS O FGTS E D\u00c1 OUTRAS PROVIDENCIAS. "}, {"id": "86", "ano": "2002", "numero": "153", "tipo__sigla": "LEI", "tipo__descricao": "Lei", "texto_integral": "http://sapl.manciolima.ac.leg.br/media/./sapl/public/normajuridica/2002/86/86_texto_integral.pdf", "ementa": "CONCEDE REAJUSTE SALARIAL AOS FUNCIONARIOS PUBLICOS MUNICIPAIS, EM CONFORMIDADE COM O QUE DISPOE O ART. 37, INCISO X, DA CONSTITUI\u00c7\u00c3O FEDERAL E D\u00c1 OUTRAS PROVIDENCIAS. "}, {"id": "87", "ano": "2002", "numero": "152", "tipo__sigla": "LEI", "tipo__descricao": "Lei", "texto_integral": "http://sapl.manciolima.ac.leg.br/media/./sapl/public/normajuridica/2002/87/87_texto_integral.pdf", "ementa": "AUTORIZA A CONTRATA\u00c7\u00c3O DE SERVIDORES MUNICIPAIS POR TEMPO DETERMINADO EM OBRA CERTA E/ OU OUTROS E DA OUTRAS PROVIDENCIAS."}, {"id": "51", "ano": "2001", "numero": "151", "tipo__sigla": "LEI", "tipo__descricao": "Lei", "texto_integral": "http://sapl.manciolima.ac.leg.br/media/./sapl/public/normajuridica/2001/51/51_texto_integral.pdf", "ementa": "ESTIMA A RECEITA E FIXA A DESPESA DO MUNICIPIO DE M\u00c2NCIO LIMA, PARA O EXERC\u00cdCIO DE 2002, E D\u00c1 OUTRAS PROVIDENCIAS."}, {"id": "57", "ano": "2001", "numero": "150", "tipo__sigla": "LEI", "tipo__descricao": "Lei", "texto_integral": "http://sapl.manciolima.ac.leg.br/media/./sapl/public/normajuridica/2001/57/57_texto_integral.pdf", "ementa": "DISP\u00d5E SOBRE O PLANO PLURIANUAL PARA O PER\u00cdODO 2002/2005 E DA OUTRAS PROVIDENCIAS."}, {"id": "177", "ano": "2001", "numero": "149", "tipo__sigla": "LEI", "tipo__descricao": "Lei", "texto_integral": "http://sapl.manciolima.ac.leg.br/media/./sapl/public/normajuridica/2001/177/177_texto_integral.pdf", "ementa": "OFICIALIZA O BRAS\u00c3O DE ARMAS DO MUNICIPIO DE M\u00c2NCIO LIMA E D\u00c1 OUTRAS PROVIDENCIAS."}, {"id": "56", "ano": "2001", "numero": "148", "tipo__sigla": "LEI", "tipo__descricao": "Lei", "texto_integral": "http://sapl.manciolima.ac.leg.br/media/./sapl/public/normajuridica/2001/56/56_texto_integral.pdf", "ementa": "ALTERA O VALOR DOS SUBSIDIOS DO PREFEITO, VICE-PREFEITO E SECRETARIOS MUNICIPAIS DE MANCIO LIMA, FIXADOS ATRAVES DA LEI N\u00ba 134/01 DE 09 DE JANEIRO DE 2001."}, {"id": "328", "ano": "2001", "numero": "147", "tipo__sigla": "LEI", "tipo__descricao": "Lei", "texto_integral": "http://sapl.manciolima.ac.leg.br/media/sapl/public/normajuridica/2001/328/lei_147.pdf", "ementa": "DA NOVA REDA\u00c7\u00c3O AOS ARTIGOS 10 LETRA D, 30\u00ba E 34\u00ba DA LEI 119/99 QUE DISPOE SOBRE A ESTRUTURA DAS UNIDADES ESCOLARES MUNICIPAIS E DA OUTRAS PROVIDENCIAS."}, {"id": "128", "ano": "2001", "numero": "146", "tipo__sigla": "LEI", "tipo__descricao": "Lei", "texto_integral": "http://sapl.manciolima.ac.leg.br/media/./sapl/public/normajuridica/2001/128/128_texto_integral.pdf", "ementa": "AUTORIZA O PODER EXECUTIVO A ABRIR CREDITO ESPECIAL E DA OUTRAS PROVIDENCIAS. "}, {"id": "176", "ano": "2001", "numero": "145", "tipo__sigla": "LEI", "tipo__descricao": "Lei", "texto_integral": "http://sapl.manciolima.ac.leg.br/media/./sapl/public/normajuridica/2001/176/176_texto_integral.pdf", "ementa": "DA NOVA REDA\u00c7\u00c3O AO ART.4\u00ba DA LEI N\u00ba 140/01 QUE INSTITUI O PROGRAMA DE RENDA M\u00cdNIMA, ASSOCIADO AS A\u00c7\u00d5ES SOCIOEDUCATIVAS E DETERMINA OUTRAS PROVIDENCIAS"}, {"id": "76", "ano": "2001", "numero": "144", "tipo__sigla": "LEI", "tipo__descricao": "Lei", "texto_integral": "http://sapl.manciolima.ac.leg.br/media/./sapl/public/normajuridica/2001/76/76_texto_integral.pdf", "ementa": "AUTORIZA O PODER EXECUTIVO A ABRIR CREDITO ESPECIAL E D\u00c1 OUTRAS PROVIDENCIAS. "}, {"id": "46", "ano": "2001", "numero": "143", "tipo__sigla": "LEI", "tipo__descricao": "Lei", "texto_integral": "http://sapl.manciolima.ac.leg.br/media/./sapl/public/normajuridica/2001/46/46_texto_integral.pdf", "ementa": "DISP\u00d5E SOBRE AS DIRETRIZES OR\u00c7AMENTARIAS PARA O EXERC\u00cdCIO FINANCEIRO DE 2002, E D\u00c1 OUTRAS PROVIDENCIAS."}, {"id": "193", "ano": "2001", "numero": "142", "tipo__sigla": "LEI", "tipo__descricao": "Lei", "texto_integral": "http://sapl.manciolima.ac.leg.br/media/./sapl/public/normajuridica/2001/193/193_texto_integral.pdf", "ementa": "CONCEDE REAJUSTE SALARIAL DE 10%, AOS PROFESSORES DA REDE MUNICIPAL DE ENSINO."}, {"id": "175", "ano": "2001", "numero": "141", "tipo__sigla": "LEI", "tipo__descricao": "Lei", "texto_integral": "http://sapl.manciolima.ac.leg.br/media/./sapl/public/normajuridica/2001/175/175_texto_integral.pdf", "ementa": "AUTORIZA O PODER EXECUTIVO MUNICIPAL A RECEBER EM DOA\u00c7\u00c3O BENS MOVEIS E IM\u00d3VEIS PERTENCENTES AO PATRIM\u00d4NIO DO ESTADO DA UNI\u00c3O E D\u00c1 OUTRAS PROVIDENCIAS. "}, {"id": "178", "ano": "2001", "numero": "140", "tipo__sigla": "LEI", "tipo__descricao": "Lei", "texto_integral": "http://sapl.manciolima.ac.leg.br/media/./sapl/public/normajuridica/2001/178/178_texto_integral.pdf", "ementa": "INSTITUI O PROGRAMA DE GARANTIA DE RENDA M\u00cdNIMA ASSOCIADA A A\u00c7\u00d5ES S\u00d3CIO-EDUCATIVAS E DETERMINA OUTRAS PROVIDENCIAS. "}, {"id": "52", "ano": "2001", "numero": "139", "tipo__sigla": "LEI", "tipo__descricao": "Lei", "texto_integral": "http://sapl.manciolima.ac.leg.br/media/./sapl/public/normajuridica/2001/52/52_texto_integral.pdf", "ementa": "DA NOVA REDA\u00c7\u00c3O AOS ARTIGOS 3\u00ba E 4\u00ba DA LEI N\u00ba 121/99 QUE CRIA O CONSELHO MUNICIPAL DE ASSIST\u00caNCIA SOCIAL E DA OUTRAS PROVIDENCIAS."}, {"id": "174", "ano": "2001", "numero": "138", "tipo__sigla": "LEI", "tipo__descricao": "Lei", "texto_integral": "http://sapl.manciolima.ac.leg.br/media/./sapl/public/normajuridica/2001/174/174_texto_integral.pdf", "ementa": "ALTERA E SUPRIME DISPOSI\u00c7\u00d5ES DA LEI N\u00ba 133/01, AFIM DE ADEQU\u00c1-LA A MEDIDA PROVIS\u00d3RIA N\u00ba 2100-28, DE 25 DE JANEIRO DE 2001, E DA OUTRAS PROVIDENCIAS"}, {"id": "126", "ano": "2001", "numero": "137", "tipo__sigla": "LEI", "tipo__descricao": "Lei", "texto_integral": "http://sapl.manciolima.ac.leg.br/media/./sapl/public/normajuridica/2001/126/126_texto_integral.pdf", "ementa": "AUTORIZA O PODER EXECUTIVO MUNICIPAL A RECEBER EM DOA\u00c7\u00c3O ONEROSA, UMA \u00c1REA DE 1.700 HC PERTENCENTE AO PATRIM\u00d4NIO DA UNI\u00c3O E D\u00c1 OUTRAS PROVIDENCIAS. "}, {"id": "125", "ano": "2001", "numero": "136", "tipo__sigla": "LEI", "tipo__descricao": "Lei", "texto_integral": "http://sapl.manciolima.ac.leg.br/media/./sapl/public/normajuridica/2001/125/125_texto_integral.pdf", "ementa": "DA NOVA REDA\u00c7\u00c3O AO ART. 2\u00ba E 5\u00ba DA LEI N\u00ba 003/97, QUE AUTORIZA A CONTRATA\u00c7\u00c3O DE SERVIDORES MUNICIPAIS POR PRAZO DETERMINADO EM OBRA CERTA E / OU OUTROS E D\u00c1 OUTRAS PROVIDENCIAS."}, {"id": "49", "ano": "2001", "numero": "135", "tipo__sigla": "LEI", "tipo__descricao": "Lei", "texto_integral": "http://sapl.manciolima.ac.leg.br/media/./sapl/public/normajuridica/2001/49/49_texto_integral.pdf", "ementa": "FIXA OS SUBS\u00cdDIOS DOS VEREADORES, DO PRESIDENTE, E DO 1\u00ba SECRET\u00c1RIO DA C\u00c2MARA MUNICIPAL DE M\u00c2NCIO LIMA, E D\u00c1 OUTRAS PROVIDENCIAS. "}, {"id": "53", "ano": "2001", "numero": "134", "tipo__sigla": "LEI", "tipo__descricao": "Lei", "texto_integral": "http://sapl.manciolima.ac.leg.br/media/./sapl/public/normajuridica/2001/53/53_texto_integral.pdf", "ementa": "FIXA OS SUBSIDIOS DO PREFEITO, DO VICE-PREFEITO E DOS SECRETARIOS MUNICIPAIS DE MANCIO LIMA E DA OUTRAS PROVIDENCIAS. "}, {"id": "179", "ano": "2001", "numero": "133", "tipo__sigla": "LEI", "tipo__descricao": "Lei", "texto_integral": "http://sapl.manciolima.ac.leg.br/media/./sapl/public/normajuridica/2001/179/179_texto_integral.pdf", "ementa": "DE CONFORMIDADE COM A MEDIDA PROVIS\u00d3RIA N\u00ba 1979 - 19 DE 08 DE JUNHO DE 2000, DISP\u00d5E SOBRE A NOVA REDA\u00c7\u00c3O DA LEI N\u00ba 77 DE 29 DE JUNHO DE 1995 QUE CRIA O CONSELHO DE ALIMENTA\u00c7\u00c3O ESCOLAR E D\u00c1 OUTRAS PROVIDENCIAS. "}, {"id": "327", "ano": "2000", "numero": "132", "tipo__sigla": "LEI", "tipo__descricao": "Lei", "texto_integral": "http://sapl.manciolima.ac.leg.br/media/sapl/public/normajuridica/2000/327/lei_132.pdf", "ementa": "DISPOE SOBRE AS DIRETRIZES OR\u00c7AMENTARIAS PARA O EXERCICIO DE 2001 E DA OUTRAS PROVIDENCIAS."}, {"id": "326", "ano": "2000", "numero": "131", "tipo__sigla": "LEI", "tipo__descricao": "Lei", "texto_integral": "http://sapl.manciolima.ac.leg.br/media/sapl/public/normajuridica/2000/326/lei_131.pdf", "ementa": "FIXA OS OR\u00c7AMENTO FISCAL E DA SEGURIDADE SOCIAL PARA O EXERCICIO DE 2001 E DA OUTRAS PROVIDENCIAS."}, {"id": "325", "ano": "2000", "numero": "130", "tipo__sigla": "LEI", "tipo__descricao": "Lei", "texto_integral": "http://sapl.manciolima.ac.leg.br/media/sapl/public/normajuridica/2000/325/lei_130.pdf", "ementa": "AUTORIZA O PODER EXECUTIVO MUNICIPAL A ABRIR CREDITO ESPECIAL E DA OUTRAS PROVIDENCIAS."}, {"id": "324", "ano": "2000", "numero": "129", "tipo__sigla": "LEI", "tipo__descricao": "Lei", "texto_integral": "http://sapl.manciolima.ac.leg.br/media/sapl/public/normajuridica/2000/324/lei_129.pdf", "ementa": "DISPOE SOBRE O REAJUSTE SALARIAL DOS SERVIDORES PUBLICOS MUNICIPAIS EM 11,03 %  COM EXCE\u00c7\u00c3O DOS PROFESSORES, EM CUMPRIMENTO A POLITICA SALARIAL DO GOVERNO FEDERAL E DA OUTRAS PROVIDENCIAS."}, {"id": "323", "ano": "2000", "numero": "128", "tipo__sigla": "LEI", "tipo__descricao": "Lei", "texto_integral": "http://sapl.manciolima.ac.leg.br/media/sapl/public/normajuridica/2000/323/lei_128.pdf", "ementa": "DISPOE SOBRE A REORGANIZA\u00c7\u00c3O DO QUADRO DE PESSOAL DA CAMARA MUNICIPAL DE MANCIO LIMA - ACRE, FIXA VENCIMENTOS E DA OUTRAS PROVIDENCIAS."}, {"id": "322", "ano": "2000", "numero": "127", "tipo__sigla": "LEI", "tipo__descricao": "Lei", "texto_integral": "http://sapl.manciolima.ac.leg.br/media/sapl/public/normajuridica/2000/322/lei_127.pdf", "ementa": "DECLARA DE UTILIDADE PUBLICA A IGREJA EVANGELIDA ASSEMBLEIA DE DEUS"}, {"id": "321", "ano": "2000", "numero": "126", "tipo__sigla": "LEI", "tipo__descricao": "Lei", "texto_integral": "http://sapl.manciolima.ac.leg.br/media/sapl/public/normajuridica/2000/321/lei_126.pdf", "ementa": "AUTORIZA O PODER EXECUTIVO MUNICIPAL A ABRIR CREDITO ESPECIAL DESTINADO AO FUNDO MUNICIPAL DE ASSISTENCIA SOCIAL E DA OUTRAS PROVIDENCIAS."}, {"id": "320", "ano": "1999", "numero": "125", "tipo__sigla": "LEI", "tipo__descricao": "Lei", "texto_integral": "http://sapl.manciolima.ac.leg.br/media/sapl/public/normajuridica/1999/320/lei_125.pdf", "ementa": "DA NOVA REDA\u00c7\u00c3O A LEI N\u00ba 28/92 DE 28/08/1992 QUE ESTABELECE A POLITICA MUNICIPAL DOS DIREITOS DA CRIAN\u00c7A E DO ADOLESCENTE"}, {"id": "319", "ano": "1999", "numero": "124", "tipo__sigla": "LEI", "tipo__descricao": "Lei", "texto_integral": "http://sapl.manciolima.ac.leg.br/media/sapl/public/normajuridica/1999/319/lei_124.pdf", "ementa": "CRIA O CONSELHO MUNICIPAL DE EDUCA\u00c7\u00c3O DE MANCIO LIMA - AC, E DA OUTRAS PROVIDENCIAS"}, {"id": "81", "ano": "1999", "numero": "123", "tipo__sigla": "LEI", "tipo__descricao": "Lei", "texto_integral": "http://sapl.manciolima.ac.leg.br/media/./sapl/public/normajuridica/1999/81/81_texto_integral.pdf", "ementa": "FIXA OS OR\u00c7AMENTOS FISCAL E DA SEGURIDADE SOCIAL, PARA O EXERC\u00cdCIO DE 2000 E D\u00c1 OUTRAS PROVIDENCIAS."}, {"id": "318", "ano": "1999", "numero": "122", "tipo__sigla": "LEI", "tipo__descricao": "Lei", "texto_integral": "http://sapl.manciolima.ac.leg.br/media/sapl/public/normajuridica/1999/318/lei_122.pdf", "ementa": "DISPOE SOBRE AS DIRETRIZES OR\u00c7AMENTARIAS PARA O EXERCICIO FINANCEIRO DE 2000 E DA OUTRAS PROVIDENCIAS."}, {"id": "317", "ano": "1999", "numero": "121", "tipo__sigla": "LEI", "tipo__descricao": "Lei", "texto_integral": "http://sapl.manciolima.ac.leg.br/media/sapl/public/normajuridica/1999/317/lei_121.pdf", "ementa": "CRIA O CONSELHO MUNICIPAL DE ASSISTENCIA SOCIAL E DA OUTRAS PROVIDENCIAS."}, {"id": "316", "ano": "1999", "numero": "120", "tipo__sigla": "LEI", "tipo__descricao": "Lei", "texto_integral": "http://sapl.manciolima.ac.leg.br/media/sapl/public/normajuridica/1999/316/lei_120.pdf", "ementa": "DISPOE SOBRE A CRIA\u00c7\u00c3O DO FUNDO MUNICIPAL DE ASSITENCIA SOCIAL E DA OUTRAS PROVIDENCIAS."}, {"id": "74", "ano": "1999", "numero": "119", "tipo__sigla": "LEI", "tipo__descricao": "Lei", "texto_integral": "http://sapl.manciolima.ac.leg.br/media/./sapl/public/normajuridica/1999/74/74_texto_integral.pdf", "ementa": "DISP\u00d5E SOBRE A ESTRUTURA B\u00c1SICA DAS UNIDADES ESCOLARES MUNICIPAIS E D\u00c1 OUTRAS PROVIDENCIAS."}, {"id": "315", "ano": "1998", "numero": "118", "tipo__sigla": "LEI", "tipo__descricao": "Lei", "texto_integral": "http://sapl.manciolima.ac.leg.br/media/sapl/public/normajuridica/1998/315/lei_118.pdf", "ementa": "INSTITUI O PROGRAMA DE GARANTIA DE RENDA MINIMA DESTINADO AS FAMILIAS CARENTES."}, {"id": "314", "ano": "1998", "numero": "117", "tipo__sigla": "LEI", "tipo__descricao": "Lei", "texto_integral": "http://sapl.manciolima.ac.leg.br/media/sapl/public/normajuridica/1998/314/lei_117.pdf", "ementa": "FIXA OS OR\u00c7AMENTO FISCAL E DA SEGURIDADE SOCIAL PARA O EXERCICIO DE 1999 E DA OUTRAS PROVIDENCIAS."}, {"id": "313", "ano": "1998", "numero": "116", "tipo__sigla": "LEI", "tipo__descricao": "Lei", "texto_integral": "http://sapl.manciolima.ac.leg.br/media/sapl/public/normajuridica/1998/313/lei_116.pdf", "ementa": "AUTORIZA A ACEITA\u00c7\u00c3O DE DOA\u00c7\u00c3O ONEROSA DO INCRA - INSTITUTO NACIONAL DE COLONIZA\u00c7\u00c3O E REFORMA AGRARIA EM FAVOR DO MUNICIPIO DE MANCIO LIMA - ACRE, DE TERRAS DEVOLUTAS DA UNIAO LOCALIZDAS NO PERIMETRO URBANO DESTA CIDADE E DA OUTRAS PROVIDENCIAS."}, {"id": "312", "ano": "1998", "numero": "115", "tipo__sigla": "LEI", "tipo__descricao": "Lei", "texto_integral": "http://sapl.manciolima.ac.leg.br/media/sapl/public/normajuridica/1998/312/lei_115.pdf", "ementa": "AUTORIZA O PODER EXECUTIVO A ABRIR CREDITO ESPECIAL E DA OUTRAS PROVIDENCIAS."}, {"id": "311", "ano": "1998", "numero": "114", "tipo__sigla": "LEI", "tipo__descricao": "Lei", "texto_integral": "http://sapl.manciolima.ac.leg.br/media/sapl/public/normajuridica/1998/311/lei_114.pdf", "ementa": "DISPOE SOBRE AS DIRETRIZES OR\u00c7AMENTARIAS PARA O EXERCICIO DE 1999 E DA OUTRAS PROVIDENCIAS."}, {"id": "310", "ano": "1998", "numero": "113", "tipo__sigla": "LEI", "tipo__descricao": "Lei", "texto_integral": "http://sapl.manciolima.ac.leg.br/media/sapl/public/normajuridica/1998/310/lei_113.pdf", "ementa": "AUTORIZA O PODER EXECUTIVO MUNICIPAL A ABRIR CREDITO ESPECIAL, OBJETIVANDO O MELHORAMENTO DO SISTEMA DE ABASTECIMENTO DE AGUA E FORTALECIMENTO DA AGRICULTURA FAMILIAR DO MUNICIPIO DE MANCIO LIMA - ACRE E DA OUTRAS PROVIDENCIAS."}, {"id": "309", "ano": "1998", "numero": "110", "tipo__sigla": "LEI", "tipo__descricao": "Lei", "texto_integral": "http://sapl.manciolima.ac.leg.br/media/sapl/public/normajuridica/1998/309/lei_110.pdf", "ementa": "AUTORIZA O PODER EXECUTIVO MUNICIPAL A ABRIR CREDITO ESPECIAL, OBJETIVANDO O MELHORAMENTO DO SISTEMA DE ABASTECIMENTO DE AGUA NO MUNICIPIO DE MANCIO LIMA - ACRE E DA OUTRAS PROVIDENCIAS"}, {"id": "308", "ano": "1998", "numero": "109", "tipo__sigla": "LEI", "tipo__descricao": "Lei", "texto_integral": "http://sapl.manciolima.ac.leg.br/media/sapl/public/normajuridica/1998/308/lei_109.pdf", "ementa": "AUTORIZA O PODER EXECUTIVO MUNICIPAL A ABRIR CREDITO ESPECIAL DESTINADO A IMPLANTA\u00c7\u00c3O DE SISTEMA DE ABASTECIMENTO DE AGUA NAS COMUNIDADES GUARANI, IRACEMA E CONSTRU\u00c7\u00c3O DE MODULOS SANITARIOS NO BAIRRO IRACEMA E COMBATE A MALARIA E DA OUTRAS PROVIDENCIAS."}, {"id": "307", "ano": "1998", "numero": "108", "tipo__sigla": "LEI", "tipo__descricao": "Lei", "texto_integral": "http://sapl.manciolima.ac.leg.br/media/sapl/public/normajuridica/1998/307/lei_108.pdf", "ementa": "AUTORIZA O PODER EXECUTIVO MUNICIPAL A ABRIR CREDITO ESPECIAL DESTINADO A COMPRA DE TRATORES AGRICOLAS E EQUIPAMENTOS AGRICOLAS E DA OUTRAS PROVIDENCIAS."}, {"id": "306", "ano": "1998", "numero": "107", "tipo__sigla": "LEI", "tipo__descricao": "Lei", "texto_integral": "http://sapl.manciolima.ac.leg.br/media/sapl/public/normajuridica/1998/306/lei_107.pdf", "ementa": "AUTORIZA O PODER EXECUTIVO MUNICIPAL A ABRIR CR\u00c9DITO ESPECIAL DESTINADO A AQUISI\u00c7\u00c3O DE TABUAS DE ASSOALHO EM APOIO A HABITA\u00c7\u00c3O POPULAR NAS COMUNIDADES DO INTERIOR DO MUNICIPIO E DA OUTRAS PROVIDENCIAS."}, {"id": "305", "ano": "1998", "numero": "106", "tipo__sigla": "LEI", "tipo__descricao": "Lei", "texto_integral": "http://sapl.manciolima.ac.leg.br/media/sapl/public/normajuridica/1998/305/lei_106.pdf", "ementa": "AUTORIZA O PODER EXECUTIVO MUNICIPAL A ABRIR CREDITO ESPECIAL DESTINADO A REFORMA DA CAMARA MUNICIPAL E AQUISI\u00c7\u00c3O DE EQUIPAMENTO E MATERIAL PERMANENTE E DA OUTRAS PROVIDENCIAS."}, {"id": "304", "ano": "1997", "numero": "105", "tipo__sigla": "LEI", "tipo__descricao": "Lei", "texto_integral": "http://sapl.manciolima.ac.leg.br/media/sapl/public/normajuridica/1997/304/lei_105.pdf", "ementa": "AUTORIZA O PODER EXECUTIVO A ABRIR CREDITO ESPECIAL DESTINADO A AQUISI\u00c7\u00c3O DE EQUIPAMENTOS E MATERIAL PERMANENTE PARA IMPLANTA\u00c7\u00c3O DE CINCO SISTEMA TELEFONICO RURAL E DA OUTRAS PROVIDENCIAS."}, {"id": "97", "ano": "1997", "numero": "104", "tipo__sigla": "LEI", "tipo__descricao": "Lei", "texto_integral": "http://sapl.manciolima.ac.leg.br/media/./sapl/public/normajuridica/1997/97/97_texto_integral.pdf", "ementa": "FIXA OS OR\u00c7AMENTOS FISCAL E DA SEGURIDADE SOCIAL PARA O EXERC\u00cdCIO DE 1998 E D\u00c1 OUTRAS PROVIDENCIAS. "}, {"id": "303", "ano": "1997", "numero": "103", "tipo__sigla": "LEI", "tipo__descricao": "Lei", "texto_integral": "http://sapl.manciolima.ac.leg.br/media/sapl/public/normajuridica/1997/303/lei_103.pdf", "ementa": "DISPOE SOBRE AS DIRETRIZES OR\u00c7AMENTARIAS PARA O EXERCICIO DE 1998 E DA OUTRAS PROVIDENCIAS."}, {"id": "302", "ano": "1997", "numero": "102", "tipo__sigla": "LEI", "tipo__descricao": "Lei", "texto_integral": "http://sapl.manciolima.ac.leg.br/media/sapl/public/normajuridica/1997/302/lei_102.pdf", "ementa": "DISPOE SOBRE O PLANO PLURIANUAL PARA O QUADRIENIO DE 1998 A 2001 E DA OUTRAS PROVIDENCIAS."}, {"id": "301", "ano": "1997", "numero": "101", "tipo__sigla": "LEI", "tipo__descricao": "Lei", "texto_integral": "http://sapl.manciolima.ac.leg.br/media/sapl/public/normajuridica/1997/301/lei_101.pdf", "ementa": "DISPOE SOBRE A CRIA\u00c7\u00c3O DO PLANO DE CARGOS, CARREIRA E BENEFICIOS E VANTAGENS DOS SERVIDORES EM EDUCA\u00c7\u00c3O DO MUNICIPIO E  DA OUTRAS PROVIDENCIAS."}, {"id": "300", "ano": "1997", "numero": "100", "tipo__sigla": "LEI", "tipo__descricao": "Lei", "texto_integral": "http://sapl.manciolima.ac.leg.br/media/sapl/public/normajuridica/1997/300/lei_100.pdf", "ementa": "DISPOE SOBRE O REGIME JURIDICO UNICO DOS SERVIDORES PUBLICO MUNICIPAIS DO MUNICIPIO DE MANCIO LIMA - ACRE."}, {"id": "42", "ano": "1997", "numero": "99", "tipo__sigla": "LEI", "tipo__descricao": "Lei", "texto_integral": "http://sapl.manciolima.ac.leg.br/media/./sapl/public/normajuridica/1997/42/42_texto_integral.pdf", "ementa": "DISP\u00d5E SOBRE O PLANO DE CARGOS E SAL\u00c1RIOS DO PODER EXECUTIVO MUNICIPAL E D\u00c1 OUTRAS PROVIDENCIAS."}, {"id": "299", "ano": "1997", "numero": "98", "tipo__sigla": "LEI", "tipo__descricao": "Lei", "texto_integral": "http://sapl.manciolima.ac.leg.br/media/sapl/public/normajuridica/1997/299/lei_98.pdf", "ementa": "CRIA A COMISSAO DE DEFESA CIVIL  DO MUNICIPIO DE MANCIO LIMA E DA OUTRAS PROVIDENCIAS."}, {"id": "298", "ano": "1997", "numero": "97", "tipo__sigla": "LEI", "tipo__descricao": "Lei", "texto_integral": "http://sapl.manciolima.ac.leg.br/media/sapl/public/normajuridica/1997/298/lei_97.pdf", "ementa": "AUTORIZA O PODER EXECUTIVO MUNICIPAL A REALIZA\u00c7\u00c3O DE CONCURSO PARA PROVIMENTO DE CARGOS DE SERVI\u00c7O PUBLICO MUNICIPAL DE MANCIO LIMA E DA OUTRAS PROVIDENCIAS."}, {"id": "297", "ano": "1997", "numero": "96", "tipo__sigla": "LEI", "tipo__descricao": "Lei", "texto_integral": "http://sapl.manciolima.ac.leg.br/media/sapl/public/normajuridica/1997/297/lei_96.pdf", "ementa": "DISPOE SOBRE A CRIA\u00c7\u00c3O DO CONSELHO MUNICIPAL DE ACOMPANHAMENTO  E CONTROLE SOCIAL DO FUNDO DE MANUTEN\u00c7\u00c3O E DESENVOLVIMENTO DO ENSINO FUNDAMENTAL E DE VALORIZA\u00c7\u00c3O DO MAGISTERIO."}, {"id": "296", "ano": "1997", "numero": "95", "tipo__sigla": "LEI", "tipo__descricao": "Lei", "texto_integral": "http://sapl.manciolima.ac.leg.br/media/sapl/public/normajuridica/1997/296/lei_95.pdf", "ementa": "AUTORIZA O PODER EXECUTIVO MUNICIPAL A CONTRATA\u00c7\u00c3O DE SERVIDORES MUNICIPAIS POR TEMPO DETERMINADO EM OBRA CERTA E DA OUTRAS PROVIDENCIAS."}, {"id": "295", "ano": "1997", "numero": "94", "tipo__sigla": "LEI", "tipo__descricao": "Lei", "texto_integral": "http://sapl.manciolima.ac.leg.br/media/sapl/public/normajuridica/1997/295/lei_94.pdf", "ementa": "FICA O PODER EXECUTIVO AUTORIZADO A CONTRATAR PARCELAMENTO DO FGTS."}, {"id": "294", "ano": "1996", "numero": "93", "tipo__sigla": "LEI", "tipo__descricao": "Lei", "texto_integral": "http://sapl.manciolima.ac.leg.br/media/sapl/public/normajuridica/1996/294/lei_93.pdf", "ementa": "FIXA OS OR\u00c7AMENTOS FISCAL E DA SEGURIDADE SOCIAL PARA O EXERCICIO DE 1997 E DA OUTRAS PROVIDENCIAS."}, {"id": "293", "ano": "1996", "numero": "92", "tipo__sigla": "LEI", "tipo__descricao": "Lei", "texto_integral": "http://sapl.manciolima.ac.leg.br/media/sapl/public/normajuridica/1996/293/lei_92.pdf", "ementa": "DISPOE SOBRE AS DIRETRIZES OR\u00c7AMENTARIAS PARA O ANO DE 1997 E DA OUTRAS PROVIDENCIAS."}, {"id": "292", "ano": "1996", "numero": "91", "tipo__sigla": "LEI", "tipo__descricao": "Lei", "texto_integral": "http://sapl.manciolima.ac.leg.br/media/sapl/public/normajuridica/1996/292/lei_91.pdf", "ementa": "CRIA O CONSELHO MUNICIPAL DE ASSISTENCIA SOCIAL - CMAS E O FUNDO MUNICIPAL DE ASSSISTENCIA SOCIAL - FMAS E DA OUTRAS PROVIDENCIAS."}, {"id": "291", "ano": "1996", "numero": "90", "tipo__sigla": "LEI", "tipo__descricao": "Lei", "texto_integral": "http://sapl.manciolima.ac.leg.br/media/sapl/public/normajuridica/1996/291/lei_90.pdf", "ementa": "DISPOE SOBRE A CRIA\u00c7\u00c3O DO FUNDO MUNICIPAL DE ASSISTENCIA SOCIAL E DA OUTRAS PROVIDENCIAS."}, {"id": "290", "ano": "1996", "numero": "89", "tipo__sigla": "LEI", "tipo__descricao": "Lei", "texto_integral": "http://sapl.manciolima.ac.leg.br/media/sapl/public/normajuridica/1996/290/lei_89.pdf", "ementa": "CRIA O CONSELHO MUNICIPAL DE ASSISTENCIA SOCIAL E DA OUTRAS PROVIDENCIAS."}, {"id": "289", "ano": "1995", "numero": "88", "tipo__sigla": "LEI", "tipo__descricao": "Lei", "texto_integral": "http://sapl.manciolima.ac.leg.br/media/sapl/public/normajuridica/1995/289/lei_88.pdf", "ementa": "AUTORIZA O PODER LEGISLATIVO A FIRMAR ACORDO DE PARCELAMENTO DA DIVIDA PARA COM O FGTS - FUNDO DE GARANTIA DO TEMPO DE SERVI\u00c7O."}, {"id": "288", "ano": "1995", "numero": "87", "tipo__sigla": "LEI", "tipo__descricao": "Lei", "texto_integral": "http://sapl.manciolima.ac.leg.br/media/sapl/public/normajuridica/1995/288/lei_87.pdf", "ementa": "AUTORIZA O PODER EXECUTIVO A ABRIR CREDITO SUPLEMENTAR ADICIONAL E DA OUTRAS PROVIDENCIAS."}, {"id": "286", "ano": "1995", "numero": "86", "tipo__sigla": "LEI", "tipo__descricao": "Lei", "texto_integral": "http://sapl.manciolima.ac.leg.br/media/sapl/public/normajuridica/1995/286/lei_86.pdf", "ementa": "ESTABELECE OS VALORES BASES APLICAVEIS AO CALCULO DE VALOR RENAL DE IMOVEIS, PARA COBRAN\u00c7A DE IPTU, TAXAS DIVERSAS E ISS PARA EFEITO TRIBUTARIO NO MUNICIPIO DE MANCIO LIMA - ACRE, NO EXERCICIO DE 1996 E DA OUTRAS PROVIDENCIAS."}, {"id": "285", "ano": "1995", "numero": "85", "tipo__sigla": "LEI", "tipo__descricao": "Lei", "texto_integral": "http://sapl.manciolima.ac.leg.br/media/sapl/public/normajuridica/1995/285/lei_85.pdf", "ementa": "FIXA OS OR\u00c7AMENTO FISCAL E DA SEGURIDADE SOCIAL PARA O EXERCICIO DE 1996 E DA OUTRAS PROVIDENCIAS."}, {"id": "284", "ano": "1995", "numero": "84", "tipo__sigla": "LEI", "tipo__descricao": "Lei", "texto_integral": "http://sapl.manciolima.ac.leg.br/media/sapl/public/normajuridica/1995/284/lei_84.pdf", "ementa": "DISPOE SOBRE A CRIA\u00c7\u00c3O DO FUNDO MUNICIPAL DE DESENVOLVIMENTO E DA OUTRAS PROVIDENCIAS."}, {"id": "283", "ano": "1995", "numero": "83", "tipo__sigla": "LEI", "tipo__descricao": "Lei", "texto_integral": "http://sapl.manciolima.ac.leg.br/media/sapl/public/normajuridica/1995/283/lei_83.pdf", "ementa": "CONSTITUI O CONSELHO  MUNICIPAL DE DESENVOLVIMENTO DO MUNICIPIO E DA OUTRAS PROVIDENCIAS."}, {"id": "282", "ano": "1995", "numero": "82", "tipo__sigla": "LEI", "tipo__descricao": "Lei", "texto_integral": "http://sapl.manciolima.ac.leg.br/media/sapl/public/normajuridica/1995/282/lei_82.pdf", "ementa": "AUTORIZA O PODER EXECUTIVO MUNICIPAL A ALIENAR BENS MOVEIS PERTENCENTES AO PATRIMONIO PUBLICO MUNICIPAL E DA OUTRAS PROVIDENCIAS."}, {"id": "281", "ano": "1995", "numero": "81", "tipo__sigla": "LEI", "tipo__descricao": "Lei", "texto_integral": "http://sapl.manciolima.ac.leg.br/media/sapl/public/normajuridica/1995/281/lei_81.pdf", "ementa": "AUTORIZA O PODER EXECUTIVO MUNICIPAL A PROCEDER O DESMEMBRAMENTO DE 02 TERRENOS MEDINDO 10m X 30m,  CADA UM, INTEGRANTES DE UMA AREA DE 12.000m (DOZE MIL METROS QUADRADOS) NA ZONA URBANA, PRTENCENTES AO PATRIMONIO DESTA PREFEITURA, TITULO DE AFORAMENTO N\u00ba 366 DE 04.01.91 E DA OUTRAS PROVIDENCIAS."}, {"id": "280", "ano": "1995", "numero": "80", "tipo__sigla": "LEI", "tipo__descricao": "Lei", "texto_integral": "http://sapl.manciolima.ac.leg.br/media/sapl/public/normajuridica/1995/280/lei_80.pdf", "ementa": "AUTORIZA O PODER EXECUTIVO A ABRIR CREDITO ESPECIAL DESTINADA A PRODU\u00c7\u00c3O COMUNITARIA DE ALEVINOS E DA OUTRAS PROVIDENCIAS."}, {"id": "279", "ano": "1995", "numero": "79", "tipo__sigla": "LEI", "tipo__descricao": "Lei", "texto_integral": "http://sapl.manciolima.ac.leg.br/media/sapl/public/normajuridica/1995/279/lei_79.pdf", "ementa": "DISPOE SOBRE A CONSTRU\u00c7\u00c3O DE HORTAS."}, {"id": "278", "ano": "1995", "numero": "78", "tipo__sigla": "LEI", "tipo__descricao": "Lei", "texto_integral": "http://sapl.manciolima.ac.leg.br/media/sapl/public/normajuridica/1995/278/lei_78.pdf", "ementa": "DISPOE SOBRE AS DIRETRIZES OR\u00c7AMENTARIAS PARA O ANO DE 1996 E DA OUTRAS PROVIDENCIAS."}, {"id": "277", "ano": "1995", "numero": "77", "tipo__sigla": "LEI", "tipo__descricao": "Lei", "texto_integral": "http://sapl.manciolima.ac.leg.br/media/", "ementa": "CRIA O CONSELHO DE ALIMENTA\u00c7\u00c3O E4SCOLAR E DA OUTRAS PROVIDENCIAS."}, {"id": "276", "ano": "1995", "numero": "76", "tipo__sigla": "LEI", "tipo__descricao": "Lei", "texto_integral": "http://sapl.manciolima.ac.leg.br/media/sapl/public/normajuridica/1995/276/lei_76.pdf", "ementa": "DISPOE SOBRE COLOCA\u00c7\u00c3O DE PLACAS NAS RUAS E AVENIDAS DA CIDADE DE MANCIO LIMA E DA OUTRAS PROVIDENCIAS."}, {"id": "275", "ano": "1995", "numero": "75", "tipo__sigla": "LEI", "tipo__descricao": "Lei", "texto_integral": "http://sapl.manciolima.ac.leg.br/media/sapl/public/normajuridica/1995/275/lei_75.pdf", "ementa": "AUTORIZA O PODER EXECUTIVO A CONCEDER REAJUSTE SALARIAL DE 70% PARA OS SERVIDORES P\u00daBLICOS MUNICIPAIS QUE RECEBEM A PARTIR DE R$ 27,87 AT\u00c9 OS QUE RECEBEM R$ 57,02 E DA OUTRAS PROVIDENCIAS."}, {"id": "274", "ano": "1994", "numero": "74", "tipo__sigla": "LEI", "tipo__descricao": "Lei", "texto_integral": "http://sapl.manciolima.ac.leg.br/media/sapl/public/normajuridica/1994/274/lei_74.pdf", "ementa": "ESTABELECE OS VALORES BASE, APLICAVEIS AO CALCULO DE VALOR RENAL DE IMOVEIS PARA COBRAN\u00c7A DE IPTU, TAXAS DIVERSAS E ISS, PARA EFEITO TRIBUTARIO NO MUNICIPIO DE MANCIO LIMA - ACRE, NO EXERCICIO FINANCEIRO DE 1995 E DA OUTRAS PROVIDENCIAS."}, {"id": "273", "ano": "1994", "numero": "73", "tipo__sigla": "LEI", "tipo__descricao": "Lei", "texto_integral": "http://sapl.manciolima.ac.leg.br/media/sapl/public/normajuridica/1994/273/lei_73.pdf", "ementa": "AUTORIZA O PODER EXECUTIVO A ABRIR CREDITO ESPECIAL E DA OUTRAS PROVIDENCIAS."}, {"id": "272", "ano": "1994", "numero": "72", "tipo__sigla": "LEI", "tipo__descricao": "Lei", "texto_integral": "http://sapl.manciolima.ac.leg.br/media/sapl/public/normajuridica/1994/272/lei_72.pdf", "ementa": "FIXA O OR\u00c7AMENTO FISCAL E DA SEGURIDADE SOCIAL PARA O EXERCICIO FINANCEIRO DE 1995."}, {"id": "271", "ano": "1994", "numero": "71", "tipo__sigla": "LEI", "tipo__descricao": "Lei", "texto_integral": "http://sapl.manciolima.ac.leg.br/media/sapl/public/normajuridica/1994/271/lei_71.pdf", "ementa": "DISPOE SOBRE A ISEN\u00c7\u00c3O DE IMPOSTOS NA CONSTRU\u00c7\u00c3O DE RESIDENCIAS DE PESSOAS DE BAIXA RENDA."}, {"id": "270", "ano": "1994", "numero": "70", "tipo__sigla": "LEI", "tipo__descricao": "Lei", "texto_integral": "http://sapl.manciolima.ac.leg.br/media/sapl/public/normajuridica/1994/270/lei_70.pdf", "ementa": "OFICIALIZA A CORRIDA PEDESTRE GOVERNADOR EDMUNDO PINTO DE ALMEIDA NETO, REALIZADA PELA PRIMEIRA VEZ NO DIA 30 DE MAIO DE 1994 E DA OUTRAS PROVIDENCIAS."}, {"id": "269", "ano": "1994", "numero": "69", "tipo__sigla": "LEI", "tipo__descricao": "Lei", "texto_integral": "http://sapl.manciolima.ac.leg.br/media/sapl/public/normajuridica/1994/269/lei_69.pdf", "ementa": "AUTORIZA O PODER EXECUTIVO A CONCEDER REAJUSTE SALARIAL DE 12% A TODOS OS FUNCION\u00c1RIOS PUBLICOS MUNICIPAIS, A PARTIR DO MES DE SETEMBRO EM CURSO E DA OUTRAS PROVIDENCIAS."}, {"id": "268", "ano": "1994", "numero": "68", "tipo__sigla": "LEI", "tipo__descricao": "Lei", "texto_integral": "http://sapl.manciolima.ac.leg.br/media/sapl/public/normajuridica/1994/268/lei_68.pdf", "ementa": "AUTORIZA O PODER EXECUTIVO A ABRIR CREDITO SUPLEMENTAR ADICIONAL E DA OUTRAS PROVIDENCIAS."}, {"id": "267", "ano": "1994", "numero": "67", "tipo__sigla": "LEI", "tipo__descricao": "Lei", "texto_integral": "http://sapl.manciolima.ac.leg.br/media/sapl/public/normajuridica/1994/267/lei_67.pdf", "ementa": "AUTORIZA O PODER EXECUTIVO MUNICIPAL A PROCEDER O DESMEMBRAMENTO DE 02 TERRENOS MEDINDO 10mX60m CADA UM, INTEGRANTES DA AREA DE 12.000 METROS QUADRADOS, SITUADA NA ZONA URBANA, PERTENCENTE AO PATRIMONIO DA PREFEITURA - TITULO DE AFORAMENTO N\u00ba 366 DE 04/01/91 E DA OUTRAS PROVIDENCIAS."}, {"id": "266", "ano": "1994", "numero": "66", "tipo__sigla": "LEI", "tipo__descricao": "Lei", "texto_integral": "http://sapl.manciolima.ac.leg.br/media/sapl/public/normajuridica/1994/266/lei_66.pdf", "ementa": "DISPOE SOBRE AS DIRETRIZES OR\u00c7AMENTARIAS PARA O ANO DE 1995 E DA OUTRAS PROVIDENCIAS."}, {"id": "265", "ano": "1994", "numero": "65", "tipo__sigla": "LEI", "tipo__descricao": "Lei", "texto_integral": "http://sapl.manciolima.ac.leg.br/media/sapl/public/normajuridica/1994/265/lei_65.pdf", "ementa": "AUTORIZA O PODER EXECUTIVO A CONCEDER REAJUSTE SALARIAL A TODOS OS FUNCIONARIOS PUBLICOS MUNICIPAIS, SOBRE A URV DO ULTIMO PAGAMENTO (MES DE MAIO) E DA OUTRAS PROVIDENCIAS."}, {"id": "264", "ano": "1994", "numero": "64", "tipo__sigla": "LEI", "tipo__descricao": "Lei", "texto_integral": "http://sapl.manciolima.ac.leg.br/media/sapl/public/normajuridica/1994/264/lei_64.pdf", "ementa": "AUTORIZA O PODER EXECUTIVO A DOAR AO SR. FRANCISCO EDMAR GOMES DE AZEVEDO UMA AREA DE TERRAS SITUADA NO PER\u00cdMETRO URBANO, MEDINDO 03 METROS DE FRENTE POR 5 METROS DE FUNDO, DESTINADA PARA A CONSTRU\u00c7\u00c3O DE ESCRITORIO EQUIPADO COM MAQUINA FOTOCOPIADORA E DA OUTRAS PROVIDENCIAS."}, {"id": "263", "ano": "1994", "numero": "63", "tipo__sigla": "LEI", "tipo__descricao": "Lei", "texto_integral": "http://sapl.manciolima.ac.leg.br/media/sapl/public/normajuridica/1994/263/lei_63.pdf", "ementa": "AUTORIZA O PODER EXECUTIVO A CRIAR O BAIRRO SAO VIDAL E DA OUTRAS PROVIDENCIAS."}, {"id": "262", "ano": "1994", "numero": "62", "tipo__sigla": "LEI", "tipo__descricao": "Lei", "texto_integral": "http://sapl.manciolima.ac.leg.br/media/sapl/public/normajuridica/1994/262/lei_62.pdf", "ementa": "AUTORIZA O PODER EXECUTIVO A DOAR AO PODER JUDICI\u00c1RIO DO ESTADO DO ACRE, UMA AREA DE TERRAS DO PATRIMONIO DO MUNICIPIO NO PERIMETRO URBANO, MEDINDO 90m DE FRENTE POR 50m DE FUNDO, DESTINADA A CONSTRU\u00c7\u00c3O DO FORUM E DA RESIDENCIA PARA O JUIZ DE DIREITO."}, {"id": "261", "ano": "1994", "numero": "61", "tipo__sigla": "LEI", "tipo__descricao": "Lei", "texto_integral": "http://sapl.manciolima.ac.leg.br/media/sapl/public/normajuridica/1994/261/lei_61.pdf", "ementa": "AUTORIZA O PODER EXECUTIVO A ABRIR CREDITO ESPECIAL E DA OUTRAS PROVIDENCIAS"}, {"id": "260", "ano": "1994", "numero": "60", "tipo__sigla": "LEI", "tipo__descricao": "Lei", "texto_integral": "http://sapl.manciolima.ac.leg.br/media/sapl/public/normajuridica/1994/260/lei_60.pdf", "ementa": "REAJUSTA OS SAL\u00c1RIOS DOS SERVIDORES EM 25% COM EXCESSAO DOS SECRET\u00c1RIOS E DOS CHEFES DE DEPARTAMENTOS."}, {"id": "259", "ano": "1994", "numero": "59", "tipo__sigla": "LEI", "tipo__descricao": "Lei", "texto_integral": "http://sapl.manciolima.ac.leg.br/media/sapl/public/normajuridica/1994/259/lei_59.pdf", "ementa": "AUTORIZA O PODER EXECUTIVO A ABRIR CREDITO ESPECIAL, E DA OUTRAS PROVIDENCIAS."}, {"id": "258", "ano": "1994", "numero": "58", "tipo__sigla": "LEI", "tipo__descricao": "Lei", "texto_integral": "http://sapl.manciolima.ac.leg.br/media/sapl/public/normajuridica/1994/258/lei_58.pdf", "ementa": "REAJUSTA OS SALARIOS DOS SERVIDORES PUBLICO MUNICIPAIS EM 20%, COM EXCE\u00c7\u00c3O DOS SECRETARIOS E DOS CHEFES DE DEPARTAMENTOS"}, {"id": "257", "ano": "1994", "numero": "57", "tipo__sigla": "LEI", "tipo__descricao": "Lei", "texto_integral": "http://sapl.manciolima.ac.leg.br/media/sapl/public/normajuridica/1994/257/lei_57.pdf", "ementa": "REAJUSTA OS SALARIOS DOS SERVIDORES PUBLICO MUNICIPAIS EM 60% E 40% E DA OUTRAS PROVIDENCIAS."}, {"id": "157", "ano": "1993", "numero": "56", "tipo__sigla": "LEI", "tipo__descricao": "Lei", "texto_integral": "http://sapl.manciolima.ac.leg.br/media/./sapl/public/normajuridica/1993/157/157_texto_integral.pdf", "ementa": "AUTORIZA O PODER LEGISLATIVO CONTRATAR PARCELAMENTO DE DIVIDA PARA COM O FUNDO DE GARANTIA DE TEMPO DE SERVI\u00c7O - FGTS E D\u00c1 OUTRAS PROVIDENCIAS. "}, {"id": "41", "ano": "1993", "numero": "54", "tipo__sigla": "LEI", "tipo__descricao": "Lei", "texto_integral": "http://sapl.manciolima.ac.leg.br/media/./sapl/public/normajuridica/1993/41/41_texto_integral.pdf", "ementa": "FIXA OS OR\u00c7AMENTOS FISCAL E DE SEGURIDADE SOCIAL PARA O EXERC\u00cdCIO DE 1994."}, {"id": "91", "ano": "1993", "numero": "53", "tipo__sigla": "LEI", "tipo__descricao": "Lei", "texto_integral": "http://sapl.manciolima.ac.leg.br/media/./sapl/public/normajuridica/1993/91/91_texto_integral.pdf", "ementa": "DISP\u00d5E SOBRE AS DIRETRIZES OR\u00c7AMENTARIAS PARA O EXERC\u00cdCIO DE 1994 E D\u00c1 OUTRAS PROVIDENCIAS. "}, {"id": "40", "ano": "1993", "numero": "52", "tipo__sigla": "LEI", "tipo__descricao": "Lei", "texto_integral": "http://sapl.manciolima.ac.leg.br/media/./sapl/public/normajuridica/1993/40/40_texto_integral.pdf", "ementa": "DISP\u00d5E SOBRE O PLANO PLURIANUAL PARA O QUADRI\u00caNIO DE 1994-1997 E D\u00c1 OUTRAS PROVIDENCIAS."}, {"id": "39", "ano": "1993", "numero": "51", "tipo__sigla": "LEI", "tipo__descricao": "Lei", "texto_integral": "http://sapl.manciolima.ac.leg.br/media/./sapl/public/normajuridica/1993/39/39_texto_integral.pdf", "ementa": "ESTIPULA OS VENCIMENTOS DOS SECRET\u00c1RIOS MUNICIPAIS E DOS CHEFES DE DEPARTAMENTOS DA PREFEITURA E D\u00c1 OUTRAS PROVIDENCIAS."}, {"id": "38", "ano": "1993", "numero": "50", "tipo__sigla": "LEI", "tipo__descricao": "Lei", "texto_integral": "http://sapl.manciolima.ac.leg.br/media/./sapl/public/normajuridica/1993/38/38_texto_integral.pdf", "ementa": "AUTORIZA O PODER EXECUTIVO MODIFICAR A PLANTA DA QUADRA DA \u00c1REA DO CAMPO DE FUTEBOL DO IPIRANGA ESPORTE CLUBE, COMPOSTA DE 17 (DEZESSETE) LOTES, CONFORME CONSTA NA PLANTA DA CIDADANIA E NA PLANTA DA QUADRA N\u00ba 01, SEM ALTERAR AS DIMENS\u00d5ES ORIGINAIS DE \u00c1REA E D\u00c1 OUTRAS PROVIDENCIAS."}, {"id": "37", "ano": "1993", "numero": "49", "tipo__sigla": "LEI", "tipo__descricao": "Lei", "texto_integral": "http://sapl.manciolima.ac.leg.br/media/./sapl/public/normajuridica/1993/37/37_texto_integral.pdf", "ementa": "REAJUSTA OS SAL\u00c1RIOS DOS SERVIDORES P\u00daBLICOS MUNICIPAIS, E D\u00c1 OUTRAS PROVIDENCIAS."}, {"id": "36", "ano": "1993", "numero": "48", "tipo__sigla": "LEI", "tipo__descricao": "Lei", "texto_integral": "http://sapl.manciolima.ac.leg.br/media/./sapl/public/normajuridica/1993/36/36_texto_integral.pdf", "ementa": "ALTERA A ESTRUTURA ADMINISTRATIVA DA PREFEITURA MUNICIPAL, E D\u00c1 OUTRAS PROVIDENCIAS."}, {"id": "43", "ano": "1993", "numero": "47", "tipo__sigla": "LEI", "tipo__descricao": "Lei", "texto_integral": "http://sapl.manciolima.ac.leg.br/media/./sapl/public/normajuridica/1993/43/43_texto_integral.pdf", "ementa": "DISP\u00d5E SOBRE A CONSTITUI\u00c7\u00c3O DO CONSELHO MUNICIPAL DO BEM-ESTAR SOCIAL, A CRIA\u00c7\u00c3O DO FUNDO MUNICIPAL A ELE VINCULADO, E D\u00c1 OUTRAS PROVIDENCIAS."}, {"id": "59", "ano": "1993", "numero": "46", "tipo__sigla": "LEI", "tipo__descricao": "Lei", "texto_integral": "http://sapl.manciolima.ac.leg.br/media/./sapl/public/normajuridica/1993/59/59_texto_integral.pdf", "ementa": "DISP\u00d5E SOBRE A CRIA\u00c7\u00c3O DA TAXA DE ILUMINA\u00c7\u00c3O P\u00daBLICA E D\u00c1 OUTRAS PROVIDENCIAS."}, {"id": "35", "ano": "1993", "numero": "45", "tipo__sigla": "LEI", "tipo__descricao": "Lei", "texto_integral": "http://sapl.manciolima.ac.leg.br/media/./sapl/public/normajuridica/1993/35/35_texto_integral.pdf", "ementa": "AUTORIZA O PODER EXECUTIVO DOAR AO PODER JUDICI\u00c1RIO DO ESTADO DO ACRE, UMA \u00c1REA DE TERRAS DO PATRIM\u00d4NIO DO MUNIC\u00cdPIO NO PER\u00cdMETRO URBANO, MEDINDO 90M DE FRENTE POR 50M DE FUNDOS, DESTINADA A CONSTRU\u00c7\u00c3O DO F\u00d3RUM, E DAS RESID\u00caNCIAS DO JUIZ DE DIREITO E DO PROMOTOR DE JUSTI\u00c7A."}, {"id": "34", "ano": "1993", "numero": "44", "tipo__sigla": "LEI", "tipo__descricao": "Lei", "texto_integral": "http://sapl.manciolima.ac.leg.br/media/./sapl/public/normajuridica/1993/34/34_texto_integral.pdf", "ementa": "AUTORIZA O PODER EXECUTIVO DOAR UMA AREA DE TERRAS NO PERIMETRO URBANO, MEDINDO 15M DE FRENTE POR 110M DE FUNDOS AO GOVERNO DO ESTADO DO ACRE DESTINADA A CONSTRU\u00c7\u00c3O DA RESIDENCIA OFICIAL DO DEFENSOR P\u00daBLICO, E A CONSTRU\u00c7\u00c3O DA SEDE DA DEFENSORIA P\u00daBLICA E D\u00c1 OUTRAS PROVIDENCIAS."}, {"id": "78", "ano": "1993", "numero": "43", "tipo__sigla": "LEI", "tipo__descricao": "Lei", "texto_integral": "http://sapl.manciolima.ac.leg.br/media/./sapl/public/normajuridica/1993/78/78_texto_integral.pdf", "ementa": "AUTORIZA O PODER EXECUTIVO A CONTRATAR PARCELAMENTO DE DIVIDA PARA COM O FUNDO DE GARANTIA DO TEMPO DE SERVI\u00c7O - FGTS, E D\u00c1 PROVIDENCIAS CORRELATAS. "}, {"id": "63", "ano": "1993", "numero": "42", "tipo__sigla": "LEI", "tipo__descricao": "Lei", "texto_integral": "http://sapl.manciolima.ac.leg.br/media/./sapl/public/normajuridica/1993/63/63_texto_integral.pdf", "ementa": "AUTORIZA O PODER EXECUTIVO DOAR UMA \u00c1REA DE TERRAS MEDINDO 100 METROS DE FRENTE POR 40 METROS E FUNDOS, AO PODER JUDICI\u00c1RIO, DESTINADA A CONSTRU\u00c7\u00c3O DA RESID\u00caNCIA OFICIAL DO JUIZ E PARA A CONSTRU\u00c7\u00c3O DO F\u00d3RUM. "}, {"id": "65", "ano": "1993", "numero": "41", "tipo__sigla": "LEI", "tipo__descricao": "Lei", "texto_integral": "http://sapl.manciolima.ac.leg.br/media/./sapl/public/normajuridica/1993/65/65_texto_integral.pdf", "ementa": "AUTORIZA O PODER EXECUTIVO A ANULAR A DOA\u00c7\u00c3O DE UMA \u00c1REA DE TERRAS PELA LEI N\u00ba 11, DE 17 DE OUTUBRO DE 1989, AO EMPRESARIO ABRAH\u00c3O C\u00c2NDIDO DA SILVA, E D\u00c1 OUTRAS PROVIDENCIAS. "}, {"id": "64", "ano": "1993", "numero": "40", "tipo__sigla": "LEI", "tipo__descricao": "Lei", "texto_integral": "http://sapl.manciolima.ac.leg.br/media/./sapl/public/normajuridica/1993/64/64_texto_integral.pdf", "ementa": "AUTORIZA O PODER EXECUTIVO A ABRIR CREDITO ESPECIAL E CREDITO SUPLEMENTAR ADICIONAL E D\u00c1 OUTRAS PROVIDENCIAS."}, {"id": "62", "ano": "1993", "numero": "39", "tipo__sigla": "LEI", "tipo__descricao": "Lei", "texto_integral": "http://sapl.manciolima.ac.leg.br/media/./sapl/public/normajuridica/1993/62/62_texto_integral.pdf", "ementa": "AUTORIZA O PODER EXECUTIVO A ABRIR CREDITO ESPECIAL E D\u00c1 OUTRAS PROVIDENCIAS"}, {"id": "61", "ano": "93", "numero": "38", "tipo__sigla": "LEI", "tipo__descricao": "Lei", "texto_integral": "http://sapl.manciolima.ac.leg.br/media/./sapl/public/normajuridica/93/61/61_texto_integral.pdf", "ementa": "AUTORIZA O PODER EXECUTIVO A ABRIR CREDITO ESPECIAL E D\u00c1 OUTRAS PROVIDENCIAS."}, {"id": "90", "ano": "1993", "numero": "37", "tipo__sigla": "LEI", "tipo__descricao": "Lei", "texto_integral": "http://sapl.manciolima.ac.leg.br/media/./sapl/public/normajuridica/1993/90/90_texto_integral.pdf", "ementa": "AUTORIZA A APLICA\u00c7\u00c3O DE DISPONIBILIDADES FINANCEIRAS MUNICIPAIS NO MERCADO ABERTO DE CAPITAIS E D\u00c1 OUTRAS PROVIDENCIAS."}, {"id": "66", "ano": "1993", "numero": "36", "tipo__sigla": "LEI", "tipo__descricao": "Lei", "texto_integral": "http://sapl.manciolima.ac.leg.br/media/./sapl/public/normajuridica/1993/66/66_texto_integral.pdf", "ementa": "DISP\u00d5E SOBRE A CRIA\u00c7\u00c3O DA TABELA DE DI\u00c1RIAS PARA A PREFEITURA MUNICIPAL. "}, {"id": "156", "ano": "1993", "numero": "35", "tipo__sigla": "LEI", "tipo__descricao": "Lei", "texto_integral": "http://sapl.manciolima.ac.leg.br/media/./sapl/public/normajuridica/1993/156/156_texto_integral.pdf", "ementa": "DISP\u00d5E SOBRE A REORGANIZA\u00c7\u00c3O DA ESTRUTURA ADMINISTRATIVA DA PREFEITURA MUNICIPAL E D\u00c1 OUTRAS PROVIDENCIAS. "}, {"id": "155", "ano": "1992", "numero": "34", "tipo__sigla": "LEI", "tipo__descricao": "Lei", "texto_integral": "http://sapl.manciolima.ac.leg.br/media/./sapl/public/normajuridica/1992/155/155_texto_integral.pdf", "ementa": "ABRE CREDITO SUPLEMENTAR ADICIONAL E D\u00c1 OUTRAS PROVIDENCIAS. "}, {"id": "67", "ano": "1992", "numero": "33", "tipo__sigla": "LEI", "tipo__descricao": "Lei", "texto_integral": "http://sapl.manciolima.ac.leg.br/media/./sapl/public/normajuridica/1992/67/67_texto_integral.pdf", "ementa": "AUTORIZA O PODER EXECUTIVO A ABRIR CREDITO SUPLEMENTAR ADICIONAL, E D\u00c1 OUTRAS PROVIDENCIAS. "}, {"id": "68", "ano": "1992", "numero": "32", "tipo__sigla": "LEI", "tipo__descricao": "Lei", "texto_integral": "http://sapl.manciolima.ac.leg.br/media/./sapl/public/normajuridica/1992/68/68_texto_integral.pdf", "ementa": "AUTORIZA O PODER EXECUTIVO A ABRIR CREDITO SUPLEMENTAR ADICIONAL E D\u00c1 OUTRAS PROVIDENCIAS."}, {"id": "44", "ano": "1992", "numero": "31", "tipo__sigla": "LEI", "tipo__descricao": "Lei", "texto_integral": "http://sapl.manciolima.ac.leg.br/media/./sapl/public/normajuridica/1992/44/44_texto_integral.pdf", "ementa": "FIXA OS OR\u00c7AMENTOS FISCAL E DA SEGURIDADE SOCIAL PARA O EXERC\u00cdCIO DE 1993."}, {"id": "45", "ano": "1992", "numero": "30", "tipo__sigla": "LEI", "tipo__descricao": "Lei", "texto_integral": "http://sapl.manciolima.ac.leg.br/media/./sapl/public/normajuridica/1992/45/45_texto_integral.pdf", "ementa": "DIRETRIZES OR\u00c7AMENTARIAS."}, {"id": "69", "ano": "1992", "numero": "29", "tipo__sigla": "LEI", "tipo__descricao": "Lei", "texto_integral": "http://sapl.manciolima.ac.leg.br/media/./sapl/public/normajuridica/1992/69/69_texto_integral.pdf", "ementa": "AUTORIZA O PODER EXECUTIVO A ABRIR CREDITO ESPECIAL E CREDITO SUPLEMENTAR ADICIONAL AO OR\u00c7AMENTO VIGENTE E D\u00c1 OUTRAS PROVIDENCIAS. "}, {"id": "153", "ano": "1992", "numero": "27", "tipo__sigla": "LEI", "tipo__descricao": "Lei", "texto_integral": "http://sapl.manciolima.ac.leg.br/media/./sapl/public/normajuridica/1992/153/153_texto_integral.pdf", "ementa": "AUTORIZA O PODER EXECUTIVO A FIRMAR CONVENIO COM A SDR-PR, SECRETARIA DE DESENVOLVIMENTO REGIONAL DA PRESID\u00caNCIA DA REPUBLICA, ABRIR CREDITO SUPLEMENTAR ESPECIAL E D\u00c1 OUTRAS PROVIDENCIAS."}, {"id": "149", "ano": "1991", "numero": "23", "tipo__sigla": "LEI", "tipo__descricao": "Lei", "texto_integral": "http://sapl.manciolima.ac.leg.br/media/./sapl/public/normajuridica/1991/149/149_texto_integral.pdf", "ementa": "CRIA A CONFERENCIA MUNICIPAL DE SA\u00daDE E D\u00c1 OUTRAS PROVIDENCIAS."}, {"id": "148", "ano": "1991", "numero": "22", "tipo__sigla": "LEI", "tipo__descricao": "Lei", "texto_integral": "http://sapl.manciolima.ac.leg.br/media/./sapl/public/normajuridica/1991/148/148_texto_integral.pdf", "ementa": "DISP\u00d5E SOBRE A ESTRUTURA B\u00c1SICA DA SECRET\u00c1RIA MUNICIPAL DE SA\u00daDE."}, {"id": "147", "ano": "1991", "numero": "21", "tipo__sigla": "LEI", "tipo__descricao": "Lei", "texto_integral": "http://sapl.manciolima.ac.leg.br/media/./sapl/public/normajuridica/1991/147/147_texto_integral.pdf", "ementa": "AUTORIZA ABRIR CREDITO SUPLEMENTAR E D\u00c1 OUTRAS PROVIDENCIAS. "}, {"id": "75", "ano": "1991", "numero": "20", "tipo__sigla": "LEI", "tipo__descricao": "Lei", "texto_integral": "http://sapl.manciolima.ac.leg.br/media/./sapl/public/normajuridica/1991/75/75_texto_integral.pdf", "ementa": "DISP\u00d5E SOBRE A CRIA\u00c7\u00c3O DO CONSELHO MUNICIPAL DE SA\u00daDE E D\u00c1 OUTRAS PROVIDENCIAS."}, {"id": "146", "ano": "1991", "numero": "19", "tipo__sigla": "LEI", "tipo__descricao": "Lei", "texto_integral": "http://sapl.manciolima.ac.leg.br/media/./sapl/public/normajuridica/1991/146/146_texto_integral.pdf", "ementa": "DISP\u00d5E SOBRE A CRIA\u00c7\u00c3O DO FUNDO MUNICIPAL DE SA\u00daDE E D\u00c1 OUTRAS PROVID\u00caNCIAS"}, {"id": "70", "ano": "1991", "numero": "18", "tipo__sigla": "LEI", "tipo__descricao": "Lei", "texto_integral": "http://sapl.manciolima.ac.leg.br/media/./sapl/public/normajuridica/1991/70/70_texto_integral.pdf", "ementa": "DISP\u00d5E SOBRE AS DIRETRIZES OR\u00c7AMENTARIAS PARA O EXERC\u00cdCIO DE 1992 E D\u00c1 OUTRAS PROVIDENCIAS. "}, {"id": "145", "ano": "1991", "numero": "17", "tipo__sigla": "LEI", "tipo__descricao": "Lei", "texto_integral": "http://sapl.manciolima.ac.leg.br/media/./sapl/public/normajuridica/1991/145/145_texto_integral.pdf", "ementa": "AUTORIZA O PODER EXECUTIVO ABRIR CREDITO SUPLEMENTAR NO LIMITE DE C$ 18.032.000,00 E D\u00c1 OUTRAS PROVIDENCIAS. "}, {"id": "143", "ano": "1990", "numero": "15", "tipo__sigla": "LEI", "tipo__descricao": "Lei", "texto_integral": "http://sapl.manciolima.ac.leg.br/media/./sapl/public/normajuridica/1990/143/143_texto_integral.pdf", "ementa": "FIXA O OR\u00c7AMENTO PROGRAMA PARA O EXERC\u00cdCIO DE 1991 E D\u00c1 OUTRAS PROVIDENCIAS. "}, {"id": "142", "ano": "1990", "numero": "14", "tipo__sigla": "LEI", "tipo__descricao": "Lei", "texto_integral": "http://sapl.manciolima.ac.leg.br/media/./sapl/public/normajuridica/1990/142/142_texto_integral.pdf", "ementa": "ESTIMA A RECEITA E FIXA A DESPESA DO OR\u00c7AMENTO PLURIANUAL DE INVESTIMENTOS PARA OS EXERC\u00cdCIOS DE 1991, 1992 E 1993. "}, {"id": "141", "ano": "1990", "numero": "13", "tipo__sigla": "LEI", "tipo__descricao": "Lei", "texto_integral": "http://sapl.manciolima.ac.leg.br/media/./sapl/public/normajuridica/1990/141/141_texto_integral.pdf", "ementa": "AUTORIZA O PODER EXECUTIVO INTERDITAR UM TRECHO DA AV. RAUL ARANTES MEIRA MEDINDO 120 X 20 M, COMPREENDIDO ENTRE AS RUAS JOS\u00c9 SENA, PORF\u00cdRIO PONCIANO E A AV. JAPIIM, E UM TRECHO DA RUA AVELINO LEAL COM 40M POR 20M, ENCRAVADO ENTRE A AV. RAUL ARANTES MEIRA (NO TRECHO A SER INTERDITADO), E A RUA PORFIRIO PONCIANO, E D\u00c1 OUTRAS PROVIDENCIAS. "}, {"id": "180", "ano": "1990", "numero": "1", "tipo__sigla": "LEI", "tipo__descricao": "Lei", "texto_integral": "http://sapl.manciolima.ac.leg.br/media/./sapl/public/normajuridica/1990/180/180_texto_integral.pdf", "ementa": "LEI ORG\u00c2NICA DO MUNICIPIO"}, {"id": "219", "ano": "1990", "numero": "1", "tipo__sigla": "LOM", "tipo__descricao": "Lei Organica Municipal", "texto_integral": "http://sapl.manciolima.ac.leg.br/media/./sapl/public/normajuridica/1990/219/219_texto_integral.pdf", "ementa": "LEI ORG\u00c2NICA DO MUNIC\u00cdPIO DE M\u00c2NCIO LIMA - ACRE."}, {"id": "139", "ano": "1989", "numero": "11", "tipo__sigla": "LEI", "tipo__descricao": "Lei", "texto_integral": "http://sapl.manciolima.ac.leg.br/media/./sapl/public/normajuridica/1989/139/139_texto_integral.pdf", "ementa": "AUTORIZA O PODER EXECUTIVO DOAR UMA \u00c1REA DE TERRA MEDINDO 100 M DE FRENTE POR 40 M DE FUNDOS AO SR. ABRA\u00c3O C\u00c2NDIDO DA SILVA, REPRESENTANTE DA FOG\u00c1S, DESTINADA A CONSTRU\u00c7\u00c3O DE DEPOSITO PARA BOTIJAS LIQUEFEITOS E D\u00c1 OUTRAS PROVIDENCIAS. "}, {"id": "138", "ano": "1989", "numero": "10", "tipo__sigla": "LEI", "tipo__descricao": "Lei", "texto_integral": "http://sapl.manciolima.ac.leg.br/media/./sapl/public/normajuridica/1989/138/138_texto_integral.pdf", "ementa": "ESTIMA A RECEITA E FIXA A DESPESA DO MUNICIPIO DE M\u00c2NCIO LIMA, PARA O EXERC\u00cdCIO FINANCEIRO DE 1990."}, {"id": "140", "ano": "1989", "numero": "12", "tipo__sigla": "LEI", "tipo__descricao": "Lei", "texto_integral": "http://sapl.manciolima.ac.leg.br/media/./sapl/public/normajuridica/1989/140/140_texto_integral.pdf", "ementa": "INSTITUI O C\u00d3DIGO TRIBUT\u00c1RIO DO MUNIC\u00cdPIO DE M\u00c2NCIO LIMA. "}, {"id": "135", "ano": "1989", "numero": "7", "tipo__sigla": "LEI", "tipo__descricao": "Lei", "texto_integral": "http://sapl.manciolima.ac.leg.br/media/./sapl/public/normajuridica/1989/135/135_texto_integral.pdf", "ementa": "AUTORIZA O PODER EXECUTIVO A INTERDITAR UM TRECHO DA AV. GRIGORIO SIM\u00d5ES RIBEIRO E ANEX\u00c1-LA A \u00c1REA ONDE EST\u00c1 CONSTRUIDO O PR\u00c9DIO DO COL\u00c9GIO PADRE EDSON DE OLIVEIRA DANTAS NO TOTAL DE 5.090 M\u00b2, TOTALIZANDO UMA \u00c1REA DE 18.305 M\u00b2, E DOAR AO MINIST\u00c9RIO DA EDUCA\u00c7\u00c3O E CULTURA (MEC) ATRAV\u00c9S DE TITULO DE AFORAMENTO, CONFORME CONVENIO DA CONSTRU\u00c7\u00c3O DO REFERIDO PR\u00c9DIO E D\u00c1 OUTRAS PROVIDENCIAS."}, {"id": "137", "ano": "1989", "numero": "9", "tipo__sigla": "LEI", "tipo__descricao": "Lei", "texto_integral": "http://sapl.manciolima.ac.leg.br/media/./sapl/public/normajuridica/1989/137/137_texto_integral.pdf", "ementa": "CRIA O CONSELHO MUNICIPAL DE EDUCA\u00c7\u00c3O DE M\u00c2NCIO LIMA - ACRE E D\u00c1 OUTRAS PROVIDENCIAS."}, {"id": "136", "ano": "1989", "numero": "8", "tipo__sigla": "LEI", "tipo__descricao": "Lei", "texto_integral": "http://sapl.manciolima.ac.leg.br/media/./sapl/public/normajuridica/1989/136/136_texto_integral.pdf", "ementa": "AUTORIZA O PODER EXECUTIVO MUNICIPAL A CONTRAIR FINANCIAMENTO JUNTO A REDE BANCARIA, INCLUINDO-SE A CAIXA ECON\u00d4MICA FEDERAL. "}, {"id": "134", "ano": "1989", "numero": "6", "tipo__sigla": "LEI", "tipo__descricao": "Lei", "texto_integral": "http://sapl.manciolima.ac.leg.br/media/./sapl/public/normajuridica/1989/134/134_texto_integral.pdf", "ementa": "AUTORIZA O PODER EXECUTIVO A DOAR UMA AREA DE TERRAS DE 14.400 M\u00b2 A SOCIEDADE COMUNIT\u00c1RIA HABITACIONAL SAO SEBASTIAO E D\u00c1 OUTRAS PROVIDENCIAS."}, {"id": "133", "ano": "1989", "numero": "5", "tipo__sigla": "LEI", "tipo__descricao": "Lei", "texto_integral": "http://sapl.manciolima.ac.leg.br/media/./sapl/public/normajuridica/1989/133/133_texto_integral.pdf", "ementa": "AUTORIZA O PODER EXECUTIVO MUNICIPAL ABRIR CREDITO ESPECIAL SUPLEMENTAR NO OR\u00c7AMENTO VIGENTE E D\u00c1 OUTRAS PROVIDENCIAS."}, {"id": "132", "ano": "1989", "numero": "4", "tipo__sigla": "LEI", "tipo__descricao": "Lei", "texto_integral": "http://sapl.manciolima.ac.leg.br/media/./sapl/public/normajuridica/1989/132/132_texto_integral.pdf", "ementa": "AUTORIZA O PODER EXECUTIVO MUNICIPAL RECEBER A DOA\u00c7\u00c3O DE UMA \u00c1REA DE TERRA COM 12.4860 HA SITUADA NA GLEBA S\u00c3O PEDRO, E D\u00c1 OUTRAS PROVIDENCIAS."}, {"id": "131", "ano": "1989", "numero": "3", "tipo__sigla": "LEI", "tipo__descricao": "Lei", "texto_integral": "http://sapl.manciolima.ac.leg.br/media/./sapl/public/normajuridica/1989/131/131_texto_integral.pdf", "ementa": "DISPOE SOBRE A ESTRUTURA E AS ATRIBUI\u00c7OES DA SECRETARIA MUNICIPAL DE EDUCA\u00c7\u00c3O E CULTURA."}, {"id": "130", "ano": "1989", "numero": "2", "tipo__sigla": "LEI", "tipo__descricao": "Lei", "texto_integral": "http://sapl.manciolima.ac.leg.br/media/./sapl/public/normajuridica/1989/130/130_texto_integral.pdf", "ementa": "AUTORIZA A APLICA\u00c7\u00c3O DE DISPONIBILIDADES FINANCEIRAS MUNICIPAIS NO MERCADO ABERTO DE CAPITAIS E D\u00c1 OUTRAS PROVIDENCIAS. "}, {"id": "129", "ano": "1989", "numero": "1", "tipo__sigla": "LEI", "tipo__descricao": "Lei", "texto_integral": "http://sapl.manciolima.ac.leg.br/media/./sapl/public/normajuridica/1989/129/129_texto_integral.pdf", "ementa": "INSTITUI O IMPOSTO MUNICIPAL SOBRE VENDAS DE COMBUSTIVEIS LIQUIDOS E GASOSOS A VAREJO - IVV E D\u00c1 OUTRAS PROVIDENCIAS."}, {"id": "158", "ano": "1987", "numero": "55", "tipo__sigla": "LEI", "tipo__descricao": "Lei", "texto_integral": "http://sapl.manciolima.ac.leg.br/media/./sapl/public/normajuridica/1987/158/158_texto_integral.pdf", "ementa": "DISP\u00d5E SOBRE O ESTATUTO DO MAGIST\u00c9RIO MUNICIPAL. "}, {"id": "154", "ano": "1981", "numero": "28", "tipo__sigla": "LEI", "tipo__descricao": "Lei", "texto_integral": "http://sapl.manciolima.ac.leg.br/media/./sapl/public/normajuridica/1981/154/154_texto_integral.pdf", "ementa": "ESTIMA A RECEITA E FIXA A DESPESA DO MUNICIPIO DE M\u00c2NCIO LIMA, PARA O EXERC\u00cdCIO FINANCEIRO DE 1982."}, {"id": "152", "ano": "1980", "numero": "26", "tipo__sigla": "LEI", "tipo__descricao": "Lei", "texto_integral": "http://sapl.manciolima.ac.leg.br/media/./sapl/public/normajuridica/1980/152/152_texto_integral.pdf", "ementa": "ESTIMA A RECEITA E FIXA A DESPESA DO MUNICIPIO DE M\u00c2NCIO LIMA PARA O EXERC\u00cdCIO FINANCEIRO DE 1981"}, {"id": "151", "ano": "1980", "numero": "25", "tipo__sigla": "LEI", "tipo__descricao": "Lei", "texto_integral": "http://sapl.manciolima.ac.leg.br/media/./sapl/public/normajuridica/1980/151/151_texto_integral.pdf", "ementa": "CRIA O CONSELHO MUNICIPAL DE DEFESA DO MEIO AMBIENTE. "}, {"id": "150", "ano": "1980", "numero": "24", "tipo__sigla": "LEI", "tipo__descricao": "Lei", "texto_integral": "http://sapl.manciolima.ac.leg.br/media/./sapl/public/normajuridica/1980/150/150_texto_integral.pdf", "ementa": "ALTERA DISPOSITIVOS DA LEI MUNICIPAL N\u00ba 10/77 DE 10/11/77 E D\u00c1 OUTRAS PROVIDENCIAS. "}, {"id": "144", "ano": "1979", "numero": "16", "tipo__sigla": "LEI", "tipo__descricao": "Lei", "texto_integral": "http://sapl.manciolima.ac.leg.br/media/./sapl/public/normajuridica/1979/144/144_texto_integral.pdf", "ementa": "AUTORIZA O PODER EXECUTIVO MUNICIPAL, A ABRIR CREDITO ESPECIAL NO OR\u00c7AMENTO PROGRAMA DA PREFEITURA MUNICIPAL, NO PRESENTE EXERC\u00cdCIO E D\u00c1 OUTRAS PROVIDENCIAS "}]}