{"id":1104,"__str__":"Lei n\u00ba 593, de 26 de janeiro de 2026","link_detail_backend":"/norma/1104","metadata":{},"texto_integral":"http://sapl.manciolima.ac.leg.br/media/sapl/public/normajuridica/2026/1104/24121503.pdf","numero":"593","ano":2026,"esfera_federacao":"M","data":"2026-01-26","data_publicacao":"2026-01-27","veiculo_publicacao":"DIARIO OFICIAL","pagina_inicio_publicacao":109,"pagina_fim_publicacao":110,"ementa":"Reserva \u00e0s pessoas pretas ou pardas e ind\u00edgenas o percentual de 20% (vinte por cento) das vagas oferecidas nos concursos p\u00fablicos para provimento de cargos efetivos e empregos p\u00fablicos no \u00e2mbito da administra\u00e7\u00e3o p\u00fablica municipal nos processos seletivos simplificados para o recrutamento de pessoal nas hip\u00f3teses de contrata\u00e7\u00e3o por tempo determinado para atender \u00e0 necessidade tempor\u00e1ria de excepcional interesse p\u00fablico para os \u00f3rg\u00e3os da administra\u00e7\u00e3o p\u00fablica municipal.","indexacao":"Reserva \u00e0s pessoas pretas ou pardas e ind\u00edgenas o percentual de 20% (vinte por cento) das vagas oferecidas nos concursos p\u00fablicos para provimento de cargos efetivos e empregos p\u00fablicos no \u00e2mbito da administra\u00e7\u00e3o p\u00fablica municipal nos processos seletivos simplificados para o recrutamento de pessoal nas hip\u00f3teses de contrata\u00e7\u00e3o por tempo determinado para atender \u00e0 necessidade tempor\u00e1ria de excepcional interesse p\u00fablico para os \u00f3rg\u00e3os da administra\u00e7\u00e3o p\u00fablica municipal.","observacao":"","complemento":false,"data_vigencia":null,"timestamp":"2026-02-03T13:00:06.049610-03:00","data_ultima_atualizacao":"2026-02-03T13:00:06.253427-03:00","ip":"177.125.73.146","ultima_edicao":"2026-02-03T12:52:47.836814-03:00","tipo":1,"materia":null,"orgao":null,"user":6,"assuntos":[87],"autores":[]}