{"id":1094,"__str__":"Lei n\u00ba 585, de 22 de setembro de 2025","link_detail_backend":"/norma/1094","metadata":{},"texto_integral":"http://sapl.manciolima.ac.leg.br/media/sapl/public/normajuridica/2025/1094/10091523.pdf","numero":"585","ano":2025,"esfera_federacao":"M","data":"2025-09-22","data_publicacao":"2025-09-24","veiculo_publicacao":"DIARIO OFICIAL","pagina_inicio_publicacao":125,"pagina_fim_publicacao":125,"ementa":"RECONHECE O NOVEN\u00c1RIO DE S\u00c3O FRANCISCO DE ASSIS COMO FESTA CULTURAL DE TRADI\u00c7\u00c3O POPULAR DO MUNIC\u00cdPIO DE M\u00c2NCIO LIMA, INCLUI O EVENTO NO CALEND\u00c1RIO OFICIAL DE FESTIVIDADES DO MUNIC\u00cdPIO E DECRETA FERIADO MUNICIPAL","indexacao":"RECONHECE O NOVEN\u00c1RIO DE S\u00c3O FRANCISCO DE ASSIS COMO FESTA CULTURAL DE TRADI\u00c7\u00c3O POPULAR DO MUNIC\u00cdPIO DE M\u00c2NCIO LIMA, INCLUI O EVENTO NO CALEND\u00c1RIO OFICIAL DE FESTIVIDADES DO MUNIC\u00cdPIO E DECRETA FERIADO MUNICIPAL","observacao":"","complemento":false,"data_vigencia":null,"timestamp":"2025-10-23T13:46:09.030714-03:00","data_ultima_atualizacao":"2025-10-23T13:46:09.203208-03:00","ip":"177.125.73.194","ultima_edicao":"2025-10-23T13:43:53.759114-03:00","tipo":1,"materia":null,"orgao":null,"user":6,"assuntos":[116,90,128],"autores":[]}