{"id":11,"__str__":"CLAAICCT - COMISS\u00c3O DE LEGISLA\u00c7\u00c3O AGR\u00c1RIA, AGROPECU\u00c1RIA, IND\u00daSTRIA E COM\u00c9RCIO, CI\u00caNCIAS E TECNOLOGIA E MEIO AM.","link_detail_backend":"/comissao/11","metadata":{},"nome":"COMISS\u00c3O DE LEGISLA\u00c7\u00c3O AGR\u00c1RIA, AGROPECU\u00c1RIA, IND\u00daSTRIA E COM\u00c9RCIO, CI\u00caNCIAS E TECNOLOGIA E MEIO AM.","sigla":"CLAAICCT","data_criacao":"2025-01-01","data_extincao":"2026-12-31","apelido_temp":"","data_instalacao_temp":null,"data_final_prevista_temp":null,"data_prorrogada_temp":null,"data_fim_comissao":null,"secretario":"","telefone_reuniao":"","endereco_secretaria":"","telefone_secretaria":"","fax_secretaria":"","agenda_reuniao":"","local_reuniao":"Sala Pedro Ferreira Benevides","finalidade":"opinar, problemas econ\u00f4micos relacionados ao estabelecimento da pol\u00edtica agropastoril\r\ndo Munic\u00edpio e o desenvolvimento de atividades industriais e comerciais:\r\nI \u2013 normaliza\u00e7\u00e3o e organiza\u00e7\u00e3o do desenvolvimento da pol\u00edtica de terras\r\nrurais;\r\nII \u2013 atividades relacionadas \u00e0 preserva\u00e7\u00e3o e explora\u00e7\u00e3o racional da flora e\r\nda fauna;\r\nIII \u2013 pol\u00edtica e sistema municipal do meio ambiente;\r\nIV \u2013 eletrifica\u00e7\u00e3o, produ\u00e7\u00e3o e comercializa\u00e7\u00e3o rural;\r\nV \u2013 proposi\u00e7\u00e3o que envolva aspectos de natureza tecnol\u00f3gica ou cient\u00edfica; e\r\nVI \u2013 irriga\u00e7\u00e3o e conserva\u00e7\u00e3o do solo","email":"","unidade_deliberativa":true,"ativa":true,"tipo":1}